{"id":26223,"date":"2019-01-04T07:27:28","date_gmt":"2019-01-04T04:27:28","guid":{"rendered":"https:\/\/emlaktuel.com\/?p=26223"},"modified":"2019-01-04T07:27:28","modified_gmt":"2019-01-04T04:27:28","slug":"tokiden-3-milyar-972-milyon-lira-kar","status":"publish","type":"post","link":"https:\/\/emlaktuel.com\/?p=26223","title":{"rendered":"TOK\u0130&#8217;den 3 milyar 972 milyon lira kar"},"content":{"rendered":"<h4>TOK\u0130 2002&#8217;den bu zamana kadar toplam 850 bine yak\u0131n konut \u00fcretti. TOK\u0130, mali kurulu\u015flar d\u0131\u015f\u0131nda 2017&#8217;de en \u00e7ok kara ge\u00e7en kamu kurulu\u015fu oldu.<\/h4>\n<div>\n<p>TOK\u0130\u00a0Ba\u015fkanl\u0131\u011f\u0131&#8217;na gelen Erg\u00fcn Turan y\u00f6netimindeki\u00a0TOK\u0130, 2017 senesindeki toplam kar kazanc\u0131yla\u00a0 lider oldu.<\/p>\n<h2>Erg\u00fc Turan Fatih Belediyesi ba\u015fkan aday\u0131<\/h2>\n<p>2014 senesinde <a href=\"https:\/\/emlaktuel.com\/?s=toki\"><strong>TOK\u0130<\/strong><\/a>\u00a0Ba\u015fkanl\u0131\u011f\u0131&#8217;na getirilen Erg\u00fcn Turan, <strong><a href=\"https:\/\/emlaktuel.com\/?s=toki\">TOK\u0130<\/a><\/strong>&#8216;nin gelirini ciddi miktarda geli\u015ftirip y\u00fckseltti.<\/p>\n<p>Cumhurba\u015fkan\u0131 Erdo\u011fan, Erg\u00fcn Turan&#8217;\u0131 Fatih Belediyesi\u00a0Ba\u015fkan adayl\u0131\u011f\u0131 i\u00e7in \u00f6ne \u00e7\u0131kard\u0131. Erg\u00fcn Turan; Aral\u0131k 2018 y\u0131l\u0131nda yeni g\u00f6revi i\u00e7in\u00a0<a href=\"https:\/\/emlaktuel.com\/?s=toki\"><strong>TOK\u0130<\/strong><\/a>&#8216;deki g\u00f6revini b\u0131rakt\u0131. Turan, daha \u00f6nce\u00a0TOK\u0130&#8217;yi geli\u015ftirip k\u00e2ra ge\u00e7irdi\u011fi gibi\u00a0Fatih Belediyesi&#8217;ni de geli\u015ftirip kazand\u0131rmay\u0131 planl\u0131yor.<\/p>\n<h4>TOK\u0130&#8217;den sonra BOTA\u015e geldi<\/h4>\n<p>2017 y\u0131l\u0131 kar\u0131 3 milyar 972 milyon lira olan TOK\u0130&#8217;yi, 3.3 milyar lira kar ile BOTA\u015e ve 2.9 milyar lirayla T\u00fcrkiye Elektrik \u0130letim A.\u015e yer ald\u0131.<\/p>\n<\/div>\n","protected":false},"excerpt":{"rendered":"<p>TOK\u0130 2002&#8217;den bu zamana kadar toplam 850 bine yak\u0131n konut \u00fcretti. TOK\u0130, mali kurulu\u015flar d\u0131\u015f\u0131nda 2017&#8217;de en \u00e7ok kara ge\u00e7en kamu kurulu\u015fu oldu. TOK\u0130\u00a0Ba\u015fkanl\u0131\u011f\u0131&#8217;na gelen Erg\u00fcn Turan y\u00f6netimindeki\u00a0TOK\u0130, 2017 senesindeki toplam kar kazanc\u0131yla\u00a0 lider oldu. Erg\u00fc Turan Fatih Belediyesi ba\u015fkan aday\u0131 2014 senesinde TOK\u0130\u00a0Ba\u015fkanl\u0131\u011f\u0131&#8217;na getirilen Erg\u00fcn Turan, TOK\u0130&#8216;nin gelirini ciddi miktarda geli\u015ftirip y\u00fckseltti. Cumhurba\u015fkan\u0131 Erdo\u011fan, [&hellip;]<\/p>\n","protected":false},"author":1,"featured_media":5997,"comment_status":"open","ping_status":"open","sticky":false,"template":"","format":"standard","meta":{"ngg_post_thumbnail":0},"categories":[5388,5222],"tags":[435,3398,450],"_links":{"self":[{"href":"https:\/\/emlaktuel.com\/index.php?rest_route=\/wp\/v2\/posts\/26223"}],"collection":[{"href":"https:\/\/emlaktuel.com\/index.php?rest_route=\/wp\/v2\/posts"}],"about":[{"href":"https:\/\/emlaktuel.com\/index.php?rest_route=\/wp\/v2\/types\/post"}],"author":[{"embeddable":true,"href":"https:\/\/emlaktuel.com\/index.php?rest_route=\/wp\/v2\/users\/1"}],"replies":[{"embeddable":true,"href":"https:\/\/emlaktuel.com\/index.php?rest_route=%2Fwp%2Fv2%2Fcomments&post=26223"}],"version-history":[{"count":1,"href":"https:\/\/emlaktuel.com\/index.php?rest_route=\/wp\/v2\/posts\/26223\/revisions"}],"predecessor-version":[{"id":26224,"href":"https:\/\/emlaktuel.com\/index.php?rest_route=\/wp\/v2\/posts\/26223\/revisions\/26224"}],"wp:featuredmedia":[{"embeddable":true,"href":"https:\/\/emlaktuel.com\/index.php?rest_route=\/wp\/v2\/media\/5997"}],"wp:attachment":[{"href":"https:\/\/emlaktuel.com\/index.php?rest_route=%2Fwp%2Fv2%2Fmedia&parent=26223"}],"wp:term":[{"taxonomy":"category","embeddable":true,"href":"https:\/\/emlaktuel.com\/index.php?rest_route=%2Fwp%2Fv2%2Fcategories&post=26223"},{"taxonomy":"post_tag","embeddable":true,"href":"https:\/\/emlaktuel.com\/index.php?rest_route=%2Fwp%2Fv2%2Ftags&post=26223"}],"curies":[{"name":"wp","href":"https:\/\/api.w.org\/{rel}","templated":true}]}}