{"id":26008,"date":"2018-12-22T11:54:19","date_gmt":"2018-12-22T08:54:19","guid":{"rendered":"https:\/\/emlaktuel.com\/?p=26008"},"modified":"2018-12-22T11:54:19","modified_gmt":"2018-12-22T08:54:19","slug":"baharyaka-eyupsultan-projesi","status":"publish","type":"post","link":"https:\/\/emlaktuel.com\/?p=26008","title":{"rendered":"Baharyaka Ey\u00fcpsultan projesi"},"content":{"rendered":"<p class=\"td-post-sub-title\">Baharyaka Ey\u00fcpsultan projesi, \u0130stanbul&#8217;da nerede in\u015fa ediliyor, hangi in\u015faat firmas\u0131 yap\u0131yor, konutlar\u0131n teslim tarihi ne zaman, fiyatlar ne kadar, sosyal donat\u0131 olarak neler var ve proje hakk\u0131nda genel bilgiler.<\/p>\n<div class=\"td-module-meta-info\">\u0130stanbul&#8217;da Avrupa Yakas\u0131 il\u00e7esi olan Ey\u00fcpsultan&#8217;da 22 d\u00f6n\u00fcm arsa \u00fczerinde Kuya\u015f ve B\u00fcy\u00fck Art\u0131 \u0130\u015f Ortakl\u0131\u011f\u0131 ile Baharyaka Ey\u00fcpsultan projesi 7 katl\u0131 27 blok halinde kentsel d\u00f6n\u00fc\u015f\u00fcm projesi olarak y\u00fckselecek. Baharyaka Ey\u00fcpsultan projesinde \u00f6n talep toplama s\u00fcreci 31 aral\u0131k 2018 tarihine kadar devam edecek.<\/div>\n<div>\n<h2><strong>Baharyaka Ey\u00fcpsultan projesinde kat planlar\u0131 ile sosyal alanlar<\/strong><\/h2>\n<p>Proje konutlar\u0131nda br\u00fct alanlar 60 ile 210 metrekare aras\u0131nda de\u011fi\u015fiyor. 2+1, 2+1 dubleks, 3+1, 4+1 dubleks ve 5+1 dubleks \u015fekl\u015fnde planlanan yakla\u015f\u0131k 600 konut ve ticari alan in\u015fa edilecek.<\/p>\n<h2>Projede sosyal donat\u0131lar neler?<\/h2>\n<ul>\n<li>\u00c7ocuklara a\u00e7\u0131k ve kapal\u0131 oyun alanlar\u0131<\/li>\n<li>Peyzaj ortak alan, y\u00fcr\u00fcy\u00fc\u015f yollar\u0131 ve dinlenme alanlar\u0131<\/li>\n<li>Fitness salonu, sauna ve hamam<\/li>\n<li>Kapal\u0131 y\u00fczme havuzu<\/li>\n<li>\u00d6zel g\u00fcnler i\u00e7in toplant\u0131 odas\u0131<\/li>\n<li>Kapal\u0131 otopark<\/li>\n<li>7\/24 g\u00fcvenlik, kapal\u0131 devre kamera kontrol sistemi<\/li>\n<li>Al\u0131\u015fveri\u015f d\u00fckkanlar\u0131, kafe, restoran<\/li>\n<\/ul>\n<h2><strong>Baharyaka Ey\u00fcpsultan konut fiyatlar\u0131<\/strong><\/h2>\n<p>Konut teslimleri 2021 son \u00e7eyre\u011finde ba\u015flayacak. Projede \u00f6n talep toplama s\u00fcrecinde dairelerin sat\u0131\u015f fiyatlar\u0131 600 bin lira civar\u0131ndan ba\u015fl\u0131yor.<\/p>\n<p>&nbsp;<\/p>\n<div class=\"td-a-rec td-a-rec-id-content_bottom  td_uid_3_5c19e5b9d7110_rand td_block_template_1\">\n<div id=\"wpcf7-f167807-p206447-o1\" class=\"wpcf7\" dir=\"ltr\" lang=\"tr-TR\" role=\"form\"><\/div>\n<\/div>\n<\/div>\n","protected":false},"excerpt":{"rendered":"<p>Baharyaka Ey\u00fcpsultan projesi, \u0130stanbul&#8217;da nerede in\u015fa ediliyor, hangi in\u015faat firmas\u0131 yap\u0131yor, konutlar\u0131n teslim tarihi ne zaman, fiyatlar ne kadar, sosyal donat\u0131 olarak neler var ve proje hakk\u0131nda genel bilgiler. \u0130stanbul&#8217;da Avrupa Yakas\u0131 il\u00e7esi olan Ey\u00fcpsultan&#8217;da 22 d\u00f6n\u00fcm arsa \u00fczerinde Kuya\u015f ve B\u00fcy\u00fck Art\u0131 \u0130\u015f Ortakl\u0131\u011f\u0131 ile Baharyaka Ey\u00fcpsultan projesi 7 katl\u0131 27 blok halinde kentsel [&hellip;]<\/p>\n","protected":false},"author":1,"featured_media":26009,"comment_status":"open","ping_status":"open","sticky":false,"template":"","format":"standard","meta":{"ngg_post_thumbnail":0},"categories":[219],"tags":[12665,12667,12666,12484],"_links":{"self":[{"href":"https:\/\/emlaktuel.com\/index.php?rest_route=\/wp\/v2\/posts\/26008"}],"collection":[{"href":"https:\/\/emlaktuel.com\/index.php?rest_route=\/wp\/v2\/posts"}],"about":[{"href":"https:\/\/emlaktuel.com\/index.php?rest_route=\/wp\/v2\/types\/post"}],"author":[{"embeddable":true,"href":"https:\/\/emlaktuel.com\/index.php?rest_route=\/wp\/v2\/users\/1"}],"replies":[{"embeddable":true,"href":"https:\/\/emlaktuel.com\/index.php?rest_route=%2Fwp%2Fv2%2Fcomments&post=26008"}],"version-history":[{"count":1,"href":"https:\/\/emlaktuel.com\/index.php?rest_route=\/wp\/v2\/posts\/26008\/revisions"}],"predecessor-version":[{"id":26010,"href":"https:\/\/emlaktuel.com\/index.php?rest_route=\/wp\/v2\/posts\/26008\/revisions\/26010"}],"wp:featuredmedia":[{"embeddable":true,"href":"https:\/\/emlaktuel.com\/index.php?rest_route=\/wp\/v2\/media\/26009"}],"wp:attachment":[{"href":"https:\/\/emlaktuel.com\/index.php?rest_route=%2Fwp%2Fv2%2Fmedia&parent=26008"}],"wp:term":[{"taxonomy":"category","embeddable":true,"href":"https:\/\/emlaktuel.com\/index.php?rest_route=%2Fwp%2Fv2%2Fcategories&post=26008"},{"taxonomy":"post_tag","embeddable":true,"href":"https:\/\/emlaktuel.com\/index.php?rest_route=%2Fwp%2Fv2%2Ftags&post=26008"}],"curies":[{"name":"wp","href":"https:\/\/api.w.org\/{rel}","templated":true}]}}