{"id":25981,"date":"2018-12-21T12:07:22","date_gmt":"2018-12-21T09:07:22","guid":{"rendered":"https:\/\/emlaktuel.com\/?p=25981"},"modified":"2018-12-21T12:07:22","modified_gmt":"2018-12-21T09:07:22","slug":"projekspert-turkiyenin-en-kapsamli-gayrimenkul-danismanlik-ofisi-aciliyor","status":"publish","type":"post","link":"https:\/\/emlaktuel.com\/?p=25981","title":{"rendered":"&#8216;Projekspert&#8217; T\u00fcrkiye&#8217;nin en kapsaml\u0131 Gayrimenkul Dan\u0131\u015fmanl\u0131k ofisi a\u00e7\u0131l\u0131yor"},"content":{"rendered":"<p><strong>2005 y\u0131l\u0131ndan itibaren prestijli konut projelerinin sat\u0131\u015f-pazarlama faaliyetlerini y\u00f6neten Emel Akba\u015f \u0130dikut\u2019un \u00f6nc\u00fcl\u00fc\u011f\u00fcnde kurulan ProjEkspert Dan\u0131\u015fmanl\u0131k; sekt\u00f6rde ilk kez \u2018Tam Kapsaml\u0131 Hizmet\u2019 anlay\u0131\u015f\u0131 ile faaliyet alan\u0131n\u0131 geni\u015fletiyor. ProjEkspert Dan\u0131\u015fmanl\u0131k<\/strong> <strong>bu kapsamda hem bireysel hem de kurumsal yat\u0131r\u0131mc\u0131lara, gayrimenkul yat\u0131r\u0131m\u0131 ile ilgili her alanda aktif b\u00fct\u00fcnle\u015fmi\u015f hizmetler sunacak. <\/strong><\/p>\n<h2><strong>Tam kapsaml\u0131 bir hizmet anlay\u0131\u015f\u0131\u00a0<\/strong><strong>\u00a0<\/strong><\/h2>\n<p>B\u00fcy\u00fck\u00e7ekmece Mimaroba\u2019da \u2018Yeni Nesil Gayrimenkul Uzman\u0131\u2019 slogan\u0131 ile faaliyete ba\u015flayacak olan T\u00fcrkiye\u2019nin en kapsaml\u0131 dan\u0131\u015fmanl\u0131k ofisi <strong>ProjEkspert,<\/strong> 22 Aral\u0131k 2018 Cumartesi saat 13:30&#8217;de a\u00e7\u0131l\u0131yor.<\/p>\n<p>Projekspert Gayrimenkul, ProjEkspert Mimarl\u0131k, ProjEkspert Back Up, ProjEkspert Global ve ProjEkspert Proje Y\u00f6netimi olmak \u00fczere 5 alt markadan olu\u015fan ProjEkspert Dan\u0131\u015fmanl\u0131k; 15 y\u0131ll\u0131k gayrimenkul sekt\u00f6r\u00fc tecr\u00fcbesi ile ticari\/konut yat\u0131r\u0131m dan\u0131\u015fmanl\u0131\u011f\u0131ndan kiralama hizmetlerine, kentsel d\u00f6n\u00fc\u015f\u00fcm dan\u0131\u015fmanl\u0131\u011f\u0131ndan hukuk, ekspertiz, konut kredisi i\u015flemleri gibi yasal s\u00fcre\u00e7lerin y\u00f6netimine, proje geli\u015ftirme, pazarlama ve sat\u0131\u015f y\u00f6netiminden mimarl\u0131k ve dekorasyon hizmetlerine, m\u00fclk y\u00f6netiminden konsiyerj hizmetlerine kadar bir\u00e7ok konuda m\u00fc\u015fterilerine destek vermek \u00fczere bir araya gelmi\u015f emlak profesyonellerinden olu\u015fuyor.<\/p>\n<h2><strong>Profesyonel uzman bir kadroyla yenilik\u00e7i hizmetler\u00a0<\/strong><strong>\u00a0<\/strong><\/h2>\n<p>ProjEkspert Dan\u0131\u015fmanl\u0131k, kadrosu ile di\u011fer firmalardan ayr\u0131\u015f\u0131yor. Bug\u00fcne kadar binlerce konutun sat\u0131\u015f ve pazarlamas\u0131na imza atm\u0131\u015f olan dan\u0131\u015fmanlar\u0131; y\u00fcksek\u00f6\u011frenim seviyesinde ve sekt\u00f6r tecr\u00fcbesine sahip olman\u0131n yan\u0131 s\u0131ra gayrimenkul mevzuat\u0131, hukuk, finans, mimarl\u0131k ve gayrimenkul destek hizmetlerinde de uzman e\u011fitim al\u0131yor ve \u2018Yeni Nesil Gayrimenkul Uzman\u0131\u2019 oluyor. Ayr\u0131ca ProjEkspert Gayrimenkul, reklam\/pazarlama uzmanlar\u0131, m\u00fclk y\u00f6neticileri, mimar, i\u00e7 mimar ve avukatlar\u0131 ile gayrimenkul yat\u0131r\u0131m\u0131n\u0131n her alan\u0131nda m\u00fc\u015fterilerinin tek \u00e7\u00f6z\u00fcm orta\u011f\u0131 olacak.<\/p>\n<p>100\u2019\u00fcn \u00fczerinde denenmi\u015f gayrimenkul pazarlama y\u00f6ntemi ile farkl\u0131, binlerce ki\u015filik network\u00fc ve alt acentalar\u0131 ile dinamik, teknolojik alt yap\u0131s\u0131 ile yenilik\u00e7i, kadrosu ile uzman bir gayrimenkul hizmeti ile Projekspert Dan\u0131\u015fmanl\u0131k gayrimenkul yat\u0131r\u0131mlar\u0131nda ilk tercih edilen marka olmak \u00fczere yola \u00e7\u0131k\u0131yor.<\/p>\n<p>&nbsp;<\/p>\n<p>&nbsp;<\/p>\n<p>&nbsp;<\/p>\n<p>&nbsp;<\/p>\n<p><strong><u>Program<\/u><\/strong><u>___________:<\/u><\/p>\n<p><u>\u00a0<\/u><\/p>\n<p><strong>A\u00e7\u0131l\u0131\u015f Tarihi<\/strong> : 22 Aral\u0131k 2018 Cumartesi<\/p>\n<p><strong>Saat:<\/strong> \u00a0\u00a0\u00a0\u00a0\u00a0\u00a0\u00a0\u00a0\u00a0\u00a0\u00a0\u00a0\u00a013 : 30<\/p>\n<p><strong>Adres:<\/strong> \u00a0\u00a0\u00a0\u00a0\u00a0\u00a0\u00a0\u00a0\u00a0\u00a0\u00a0Mimaroba Mah. Mustafa Kemal Bulvar\u0131 Sinanoba Konaklar\u0131 37\/A1 Blok<\/p>\n<p>B\u00fcy\u00fck\u00e7ekmece\/\u0130stanbul<\/p>\n<p><strong>\u0130leti\u015fim<\/strong>: \u00a0\u00a0\u00a0\u00a0\u00a0\u00a0\u00a0: 0212-999 94 93<\/p>\n<p>&nbsp;<\/p>\n","protected":false},"excerpt":{"rendered":"<p>2005 y\u0131l\u0131ndan itibaren prestijli konut projelerinin sat\u0131\u015f-pazarlama faaliyetlerini y\u00f6neten Emel Akba\u015f \u0130dikut\u2019un \u00f6nc\u00fcl\u00fc\u011f\u00fcnde kurulan ProjEkspert Dan\u0131\u015fmanl\u0131k; sekt\u00f6rde ilk kez \u2018Tam Kapsaml\u0131 Hizmet\u2019 anlay\u0131\u015f\u0131 ile faaliyet alan\u0131n\u0131 geni\u015fletiyor. ProjEkspert Dan\u0131\u015fmanl\u0131k bu kapsamda hem bireysel hem de kurumsal yat\u0131r\u0131mc\u0131lara, gayrimenkul yat\u0131r\u0131m\u0131 ile ilgili her alanda aktif b\u00fct\u00fcnle\u015fmi\u015f hizmetler sunacak. Tam kapsaml\u0131 bir hizmet anlay\u0131\u015f\u0131\u00a0\u00a0 B\u00fcy\u00fck\u00e7ekmece Mimaroba\u2019da \u2018Yeni [&hellip;]<\/p>\n","protected":false},"author":1,"featured_media":25982,"comment_status":"open","ping_status":"open","sticky":false,"template":"","format":"standard","meta":{"ngg_post_thumbnail":0},"categories":[5388],"tags":[1005,10872,12656],"_links":{"self":[{"href":"https:\/\/emlaktuel.com\/index.php?rest_route=\/wp\/v2\/posts\/25981"}],"collection":[{"href":"https:\/\/emlaktuel.com\/index.php?rest_route=\/wp\/v2\/posts"}],"about":[{"href":"https:\/\/emlaktuel.com\/index.php?rest_route=\/wp\/v2\/types\/post"}],"author":[{"embeddable":true,"href":"https:\/\/emlaktuel.com\/index.php?rest_route=\/wp\/v2\/users\/1"}],"replies":[{"embeddable":true,"href":"https:\/\/emlaktuel.com\/index.php?rest_route=%2Fwp%2Fv2%2Fcomments&post=25981"}],"version-history":[{"count":1,"href":"https:\/\/emlaktuel.com\/index.php?rest_route=\/wp\/v2\/posts\/25981\/revisions"}],"predecessor-version":[{"id":25983,"href":"https:\/\/emlaktuel.com\/index.php?rest_route=\/wp\/v2\/posts\/25981\/revisions\/25983"}],"wp:featuredmedia":[{"embeddable":true,"href":"https:\/\/emlaktuel.com\/index.php?rest_route=\/wp\/v2\/media\/25982"}],"wp:attachment":[{"href":"https:\/\/emlaktuel.com\/index.php?rest_route=%2Fwp%2Fv2%2Fmedia&parent=25981"}],"wp:term":[{"taxonomy":"category","embeddable":true,"href":"https:\/\/emlaktuel.com\/index.php?rest_route=%2Fwp%2Fv2%2Fcategories&post=25981"},{"taxonomy":"post_tag","embeddable":true,"href":"https:\/\/emlaktuel.com\/index.php?rest_route=%2Fwp%2Fv2%2Ftags&post=25981"}],"curies":[{"name":"wp","href":"https:\/\/api.w.org\/{rel}","templated":true}]}}