{"id":25973,"date":"2018-12-20T15:05:34","date_gmt":"2018-12-20T12:05:34","guid":{"rendered":"https:\/\/emlaktuel.com\/?p=25973"},"modified":"2018-12-20T15:05:34","modified_gmt":"2018-12-20T12:05:34","slug":"mehmet-babacan-gayrimenkul-sektorunde-artik-hayal-degil-gercekler-satiyor","status":"publish","type":"post","link":"https:\/\/emlaktuel.com\/?p=25973","title":{"rendered":"Mehmet Babacan: Gayrimenkul sekt\u00f6r\u00fcnde art\u0131k hayal de\u011fil, ger\u00e7ekler sat\u0131yor"},"content":{"rendered":"<p><strong><u>Babacan Holding CEO\u2019su Mehmet Babacan:<\/u><\/strong><\/p>\n<p><strong>\u201cLansmana \u00e7\u0131k sat\u0131\u015f yap d\u00f6nemi bitti\u201d<\/strong><\/p>\n<p><strong>\u2018\u2019Bu d\u00f6nemde duran kaybeder\u2019\u2019<\/strong><\/p>\n<p><strong>\u2018\u2019 Frene basmayanlar ba\u015far\u0131l\u0131 olacak\u2019\u2019<\/strong><\/p>\n<p><strong>\u2018\u2019Babacan Yap\u0131 olarak konut sat\u0131\u015f\u0131nda faizleri s\u0131f\u0131rlad\u0131k\u2019\u2019<\/strong><\/p>\n<p><strong>G\u00fcvenilir ve kaliteli projeleriyle bir konuttan beklenenin \u00f6tesine ge\u00e7en projelere imza atan Babacan Holding, sahip oldu\u011fu g\u00fc\u00e7l\u00fc sermaye yap\u0131s\u0131 ve yat\u0131r\u0131mc\u0131 odakl\u0131 yakla\u015f\u0131m\u0131yla da sekt\u00f6rde fark\u0131n\u0131 hissettiriyor.<\/strong><\/p>\n<p><strong>Gayrimenkul ve in\u015faat sekt\u00f6r\u00fcnde son d\u00f6nemde geciken teslimlerden \u00f6t\u00fcr\u00fc \u00e7ok say\u0131da ma\u011fduriyet ya\u015fand\u0131\u011f\u0131n\u0131 vurgulayan\u00a0<\/strong><strong>Babacan Holding CEO\u2019su Mehmet Babacan, \u201cBug\u00fcn piyasalardaki agresif hareketlilikten yara almamak, yat\u0131r\u0131mc\u0131lar\u0131m\u0131z\u0131 ma\u011fdur etmemek ad\u0131na in\u015faat \u00e7al\u0131\u015fmalar\u0131m\u0131zda gaza bast\u0131k.\u00a0<\/strong><strong>Teslimlerde hep s\u00f6z verdi\u011fimiz tarihten \u00f6ncesini hedefledik. Babacan Premium Projesi&#8217;ni de g\u00fcn\u00fcnden \u00f6nce teslim ederek bu hedefimize ula\u015ft\u0131k. Bir saat bile durmadan bu d\u00f6nemlerde daha fazla gaza basarak projeleri h\u0131zl\u0131 bir \u015fekilde tamamlamaya \u00e7al\u0131\u015f\u0131yoruz. Lansmana \u00e7\u0131k sat\u0131\u015f yap d\u00f6nemi bitti.\u00a0<\/strong><strong>Bu d\u00f6nemde duran kaybeder. Frene basmayanlar ba\u015far\u0131l\u0131 olacak. Art\u0131k sekt\u00f6rde hayal de\u011fil ger\u00e7ek sat\u0131yor.\u00a0<\/strong><strong>Projelerimize insanlar gelip g\u00f6r\u00fcyorlar, bak\u0131yorlar. Projenin bitmesine yak\u0131n onu g\u00f6rerek sat\u0131n almak istiyorlar<\/strong>.\u00a0<strong>Babacan Yap\u0131 olarak biz hayali de\u011fil,\u00a0<\/strong><strong>ger\u00e7e\u011fi sat\u0131yoruz\u201d dedi.<\/strong><\/p>\n<p>Konut sahibi olmak isteyenler ile yat\u0131r\u0131mc\u0131lar\u0131 g\u00fcvenilir ve y\u00fcksek katma de\u011fer sa\u011flayan f\u0131rsatlarla bulu\u015fturan Babacan Holding, in\u015faat \u00e7al\u0131\u015fmalar\u0131n\u0131 frene basmadan s\u00fcrd\u00fcr\u00fcyor. Holding\u2019in yat\u0131r\u0131mlar\u0131 kesintisiz s\u00fcrd\u00fcrme politikas\u0131 da, ona sekt\u00f6r\u00fcn en g\u00fcvenilir \u015firketlerinden biri olma misyonu kazand\u0131r\u0131yor. Holding b\u00fcnyesinde frene basmadan tam gaz ilerleyen konut projeleri, y\u00fczde s\u0131f\u0131r faizle 60 aya kadar vadeli \u00f6deme se\u00e7enekleriyle yat\u0131r\u0131mc\u0131larla bulu\u015fturuluyor.<\/p>\n<p><strong>Mehmet Babacan:<\/strong><\/p>\n<p><strong><u>\u201cDuran kaybeder\u201d<\/u><\/strong><\/p>\n<p>Babacan Holding olarak bug\u00fcne kadar her t\u00fcrl\u00fc olumsuz ortama ra\u011fmen, in\u015faat faaliyetlerini kesintiye u\u011framadan s\u00fcrd\u00fcrd\u00fcklerini hat\u0131rlatan\u00a0<strong>Babacan Holding CEO\u2019su Mehmet Babacan,\u00a0<\/strong>\u201cBu d\u00f6nemde duran kaybeder. Bizim gibi markal\u0131 konut projelerinde frene basmak demek hayat\u0131n en b\u00fcy\u00fck hatas\u0131, duvara toslamak gibi olur. \u015eu an devam eden, teslimlerine ba\u015flad\u0131\u011f\u0131m\u0131z ve teslimlerini tamamlad\u0131\u011f\u0131m\u0131z projelerimiz var. \u0130n\u015faat \u00e7al\u0131\u015fmalar\u0131nda h\u0131zla ilerliyoruz.\u201d dedi.<\/p>\n<p><strong>Mehmet Babacan:<\/strong><\/p>\n<p><strong><u>\u2018\u2019 Art\u0131k hayal de\u011fil, ger\u00e7ekler sat\u0131yor\u2019\u2019<\/u><\/strong><\/p>\n<p>\u2018\u2019Gayrimenkul sekt\u00f6r\u00fc \u00f6nceden hayali daha \u00e7ok daha rahat sat\u0131yordu. \u0130nsanlar geliyorlard\u0131 \u2018\u00f6rnek dairem bu, maket bu\u2019 ve hayal ediyordu. Bitince proje asl\u0131nda daha g\u00fczel oluyordu. Ama hayal daha cazip geliyordu. Art\u0131k o d\u00f6nemler bitti. \u015eu an Babacan Yap\u0131 olarak bizim i\u015f yapmam\u0131z\u0131n, sat\u0131\u015flar\u0131m\u0131z\u0131n fazla olmas\u0131n\u0131n nedeni de yapt\u0131\u011f\u0131m\u0131z projeler hayallerden daha ger\u00e7ek, daha g\u00fczel yap\u0131yoruz. Burada projelerimize insanlar gelip g\u00f6r\u00fcyorlar, bak\u0131yorlar. Projenin bitmesine yak\u0131n onu g\u00f6rerek sat\u0131n almak istiyorlar. \u015eimdi art\u0131k hayaller de\u011fil ger\u00e7ekler sat\u0131yor. \u0130nsanlar bu konu da hakl\u0131. \u00c7\u00fcnk\u00fc sekt\u00f6rde \u00e7ok fazla ma\u011fdur edilen de oldu.\u2019\u2019<\/p>\n<p><strong>Mehmet Babacan:<\/strong><\/p>\n<p><strong><u>\u201cFrene basmayanlar ba\u015far\u0131l\u0131 olacak\u201d<\/u><\/strong><\/p>\n<p>Bug\u00fcn sekt\u00f6rde bir ay\u0131klama d\u00f6nemi ya\u015fand\u0131\u011f\u0131na i\u015faret eden\u00a0<strong>Babacan<\/strong>, konuyu \u015fu s\u00f6zlerle a\u00e7\u0131klad\u0131:<\/p>\n<p>Biz alternatif pazarlar olsun reklam, dijital reklam\u0131 kesmedik hi\u00e7 durmad\u0131k. \u00c7\u00fcnk\u00fc \u015fu an asl\u0131nda ay\u0131klama d\u00f6nemi ya\u015fan\u0131yor. Farkl\u0131 sekt\u00f6rlerden bu i\u015fe girenlerin \u00e7o\u011fu, \u00e7oktan \u00e7\u0131kt\u0131. Bu zamanda ayakta kal\u0131p, gaza bas\u0131p, frene basmay\u0131p devam eden firmalar, art\u0131k gelecekte \u00e7ok daha ba\u015far\u0131l\u0131 olacak.\u201c<\/p>\n<p><strong>Mehmet Babacan:<\/strong><\/p>\n<p><strong><u>\u201cSat\u0131\u015flara uzun vadede bakmak laz\u0131m\u201d<\/u><\/strong><\/p>\n<p>M\u00fcteahhit g\u00f6z\u00fcyle yat\u0131r\u0131mlara yak\u0131n ve orta vadede de\u011fil uzun vadede bakmak gerekti\u011fini vurgulayan\u00a0<strong>Babacan<\/strong>, \u201cM\u00fcteahhit her zaman kazanacak diye bir \u015fey yok. Bu d\u00f6nemde sat\u0131\u015flara g\u00fcnl\u00fck, ayl\u0131k, 3 ayl\u0131k bakmak olduk\u00e7a yanl\u0131\u015f olur. Meseleye uzun vadede bakarsak hem konut al\u0131c\u0131s\u0131 hem de bizler kazanabiliriz.<\/p>\n<p><strong>Mehmet Babacan:<\/strong><\/p>\n<p><strong><u>\u201cFaizleri s\u0131f\u0131rlad\u0131k\u201d<\/u><\/strong><\/p>\n<p>Baz\u0131 d\u00f6nemlerde m\u00fcteahhit firmalar\u0131n karlar\u0131ndan feragat ederek sat\u0131\u015f yapmalar\u0131 gerekti\u011finin \u00f6nemine dikkat \u00e7eken\u00a0<strong>Babacan<\/strong>, konuyu \u015fu s\u00f6zlerle \u00f6rneklendirdi:<\/p>\n<p>\u201cD\u00f6vizdeki t\u0131rman\u0131\u015f ve faiz oranlar\u0131ndaki y\u00fckseli\u015f ge\u00e7ti\u011fimiz d\u00f6nem i\u00e7inde bize b\u00fcy\u00fck s\u0131k\u0131nt\u0131 yaratt\u0131. Ama biz bu d\u00f6nemde in\u015faat \u00e7al\u0131\u015fmalar\u0131m\u0131zda hi\u00e7bir duraklamaya yer vermedi\u011fimiz gibi faiz oranlar\u0131n\u0131 kendi i\u00e7imizde, \u00f6z kaynaklar\u0131m\u0131z\u0131 kullanarak s\u0131f\u0131rlad\u0131k. 60 ay s\u0131f\u0131r faizler yapmaya ba\u015flad\u0131k. Sonu\u00e7ta ne oldu, hem sekt\u00f6r\u00fc diri tutmak ad\u0131na gayret g\u00f6sterdik, hem de yat\u0131r\u0131mc\u0131lar\u0131m\u0131za kazand\u0131rd\u0131k. K\u0131sa vadede bak\u0131nca kay\u0131ptay\u0131z gibi g\u00f6z\u00fckse de uzun vadede biz de kazan\u0131yoruz.\u201d<\/p>\n<p><strong>Mehmet Babacan:<\/strong><\/p>\n<p><strong><u>\u201cLansmana \u00e7\u0131k sat\u0131\u015f yap d\u00f6nemi bitti\u201d<\/u><\/strong><\/p>\n<p>Sekt\u00f6rde lansmana \u00e7\u0131k\u0131p sat\u0131\u015f yapma d\u00f6neminin geride kald\u0131\u011f\u0131n\u0131 belirten Babacan,<\/p>\n<p>\u201cArt\u0131k biz m\u00fc\u015fterileri buluyoruz. Ve onlara f\u0131rsatlar sunuyoruz. Kampanyalarla da bu s\u00fcreci destekliyoruz. Mesela \u015fu an in\u015faat maliyetlerinde y\u00fczde 50-60 aras\u0131 zam geldi. Biz bunlar\u0131 fiyatlara yans\u0131tm\u0131yoruz. Konut al\u0131c\u0131s\u0131na<a name=\"m_6894823349231315575__GoBack\"><\/a>\u00a0\u00e7ok b\u00fcy\u00fck bir f\u0131rsat bu\u201d dedi.<\/p>\n","protected":false},"excerpt":{"rendered":"<p>Babacan Holding CEO\u2019su Mehmet Babacan: \u201cLansmana \u00e7\u0131k sat\u0131\u015f yap d\u00f6nemi bitti\u201d \u2018\u2019Bu d\u00f6nemde duran kaybeder\u2019\u2019 \u2018\u2019 Frene basmayanlar ba\u015far\u0131l\u0131 olacak\u2019\u2019 \u2018\u2019Babacan Yap\u0131 olarak konut sat\u0131\u015f\u0131nda faizleri s\u0131f\u0131rlad\u0131k\u2019\u2019 G\u00fcvenilir ve kaliteli projeleriyle bir konuttan beklenenin \u00f6tesine ge\u00e7en projelere imza atan Babacan Holding, sahip oldu\u011fu g\u00fc\u00e7l\u00fc sermaye yap\u0131s\u0131 ve yat\u0131r\u0131mc\u0131 odakl\u0131 yakla\u015f\u0131m\u0131yla da sekt\u00f6rde fark\u0131n\u0131 hissettiriyor. Gayrimenkul [&hellip;]<\/p>\n","protected":false},"author":1,"featured_media":23255,"comment_status":"open","ping_status":"open","sticky":false,"template":"","format":"standard","meta":{"ngg_post_thumbnail":0},"categories":[5388],"tags":[3376,68,11978],"_links":{"self":[{"href":"https:\/\/emlaktuel.com\/index.php?rest_route=\/wp\/v2\/posts\/25973"}],"collection":[{"href":"https:\/\/emlaktuel.com\/index.php?rest_route=\/wp\/v2\/posts"}],"about":[{"href":"https:\/\/emlaktuel.com\/index.php?rest_route=\/wp\/v2\/types\/post"}],"author":[{"embeddable":true,"href":"https:\/\/emlaktuel.com\/index.php?rest_route=\/wp\/v2\/users\/1"}],"replies":[{"embeddable":true,"href":"https:\/\/emlaktuel.com\/index.php?rest_route=%2Fwp%2Fv2%2Fcomments&post=25973"}],"version-history":[{"count":1,"href":"https:\/\/emlaktuel.com\/index.php?rest_route=\/wp\/v2\/posts\/25973\/revisions"}],"predecessor-version":[{"id":25974,"href":"https:\/\/emlaktuel.com\/index.php?rest_route=\/wp\/v2\/posts\/25973\/revisions\/25974"}],"wp:featuredmedia":[{"embeddable":true,"href":"https:\/\/emlaktuel.com\/index.php?rest_route=\/wp\/v2\/media\/23255"}],"wp:attachment":[{"href":"https:\/\/emlaktuel.com\/index.php?rest_route=%2Fwp%2Fv2%2Fmedia&parent=25973"}],"wp:term":[{"taxonomy":"category","embeddable":true,"href":"https:\/\/emlaktuel.com\/index.php?rest_route=%2Fwp%2Fv2%2Fcategories&post=25973"},{"taxonomy":"post_tag","embeddable":true,"href":"https:\/\/emlaktuel.com\/index.php?rest_route=%2Fwp%2Fv2%2Ftags&post=25973"}],"curies":[{"name":"wp","href":"https:\/\/api.w.org\/{rel}","templated":true}]}}