{"id":25969,"date":"2018-12-20T14:14:48","date_gmt":"2018-12-20T11:14:48","guid":{"rendered":"https:\/\/emlaktuel.com\/?p=25969"},"modified":"2018-12-20T14:14:48","modified_gmt":"2018-12-20T11:14:48","slug":"tamer-ozyurt-yabanciya-satis-ihracat-kapsamina-alinirsa-sektorun-onu-acilir","status":"publish","type":"post","link":"https:\/\/emlaktuel.com\/?p=25969","title":{"rendered":"Tamer \u00d6zyurt &#8220;Yabanc\u0131ya sat\u0131\u015f ihracat kapsam\u0131na al\u0131n\u0131rsa sekt\u00f6r\u00fcn \u00f6n\u00fc a\u00e7\u0131l\u0131r&#8221;"},"content":{"rendered":"<p><em><u>Tamer \u00d6zyurt \/ \u00d6zyurtlar Holding Y\u00f6netim Kurulu Ba\u015fkan\u0131:\u00a0<\/u><\/em><\/p>\n<p>Gayrimenkul alman\u0131n en iyi yat\u0131r\u0131m oldu\u011funu bilen yabanc\u0131lar yine bizi yan\u0131ltmad\u0131. Yabanc\u0131lara yap\u0131lan konut sat\u0131\u015flar\u0131n\u0131n bir \u00f6nceki y\u0131l\u0131n ayn\u0131 ay\u0131na g\u00f6re y\u00fczde 117,1 artarak 4 bin 672 oldu\u011funu g\u00f6r\u00fcyoruz.\u00a011 ayl\u0131k sat\u0131\u015f rakam\u0131 35 bini buldu. Daha \u00f6nce de s\u00f6yledi\u011fimiz gibi bu bize, y\u0131ll\u0131k konut sat\u0131\u015f rakam\u0131n\u0131n 40 bine ula\u015fmas\u0131n\u0131n hayal olmad\u0131\u011f\u0131n\u0131 g\u00f6sterdi.<\/p>\n<p>K\u00f6rfez \u00fclkelerinden yo\u011fun talep devam ediyor. \u00d6zellikle 1 milyon dolar gayrimenkul yat\u0131r\u0131m\u0131 yapan yabanc\u0131ya T\u00fcrk vatanda\u015fl\u0131\u011f\u0131 hakk\u0131 tan\u0131nmas\u0131yla ilgili maddenin d\u00fczenlenerek rakam\u0131n 250 bin dolara d\u00fc\u015f\u00fcr\u00fclmesi \u00e7ok isabetli bir karar oldu. Di\u011fer taraftan d\u00f6viz kurlar\u0131n\u0131n yabanc\u0131lar ve tasarrufunu d\u00f6vizde de\u011ferlendiren T\u00fcrk vatanda\u015flar\u0131 lehine geli\u015fme g\u00f6stermesi de bu rekor art\u0131\u015f\u0131n bir di\u011fer nedeni oldu. Bunun etkilerini zamanla daha iyi ve artan \u015fekilde g\u00f6rece\u011fiz. Burada \u00f6nemli olan yabanc\u0131ya gayrimenkul sat\u0131\u015f\u0131n\u0131n ihracat gibi g\u00f6r\u00fclmesi ve d\u00f6viz kazand\u0131r\u0131c\u0131 faaliyetler kapsam\u0131na al\u0131nmas\u0131. Bu uygulaman\u0131n sekt\u00f6re ciddi katk\u0131 sa\u011flayacak bu sayede daha rahat tan\u0131t\u0131m yapmak m\u00fcmk\u00fcn olabilir ve T\u00fcrk Eximbank kredisi kullan\u0131labilir. B\u00f6ylece sekt\u00f6r\u00fcn \u00f6n\u00fc a\u00e7\u0131l\u0131r.<\/p>\n<p>&nbsp;<\/p>\n","protected":false},"excerpt":{"rendered":"<p>Tamer \u00d6zyurt \/ \u00d6zyurtlar Holding Y\u00f6netim Kurulu Ba\u015fkan\u0131:\u00a0 Gayrimenkul alman\u0131n en iyi yat\u0131r\u0131m oldu\u011funu bilen yabanc\u0131lar yine bizi yan\u0131ltmad\u0131. Yabanc\u0131lara yap\u0131lan konut sat\u0131\u015flar\u0131n\u0131n bir \u00f6nceki y\u0131l\u0131n ayn\u0131 ay\u0131na g\u00f6re y\u00fczde 117,1 artarak 4 bin 672 oldu\u011funu g\u00f6r\u00fcyoruz.\u00a011 ayl\u0131k sat\u0131\u015f rakam\u0131 35 bini buldu. Daha \u00f6nce de s\u00f6yledi\u011fimiz gibi bu bize, y\u0131ll\u0131k konut sat\u0131\u015f rakam\u0131n\u0131n 40 [&hellip;]<\/p>\n","protected":false},"author":1,"featured_media":4760,"comment_status":"open","ping_status":"open","sticky":false,"template":"","format":"standard","meta":{"ngg_post_thumbnail":0},"categories":[5388],"tags":[2381,2208],"_links":{"self":[{"href":"https:\/\/emlaktuel.com\/index.php?rest_route=\/wp\/v2\/posts\/25969"}],"collection":[{"href":"https:\/\/emlaktuel.com\/index.php?rest_route=\/wp\/v2\/posts"}],"about":[{"href":"https:\/\/emlaktuel.com\/index.php?rest_route=\/wp\/v2\/types\/post"}],"author":[{"embeddable":true,"href":"https:\/\/emlaktuel.com\/index.php?rest_route=\/wp\/v2\/users\/1"}],"replies":[{"embeddable":true,"href":"https:\/\/emlaktuel.com\/index.php?rest_route=%2Fwp%2Fv2%2Fcomments&post=25969"}],"version-history":[{"count":1,"href":"https:\/\/emlaktuel.com\/index.php?rest_route=\/wp\/v2\/posts\/25969\/revisions"}],"predecessor-version":[{"id":25970,"href":"https:\/\/emlaktuel.com\/index.php?rest_route=\/wp\/v2\/posts\/25969\/revisions\/25970"}],"wp:featuredmedia":[{"embeddable":true,"href":"https:\/\/emlaktuel.com\/index.php?rest_route=\/wp\/v2\/media\/4760"}],"wp:attachment":[{"href":"https:\/\/emlaktuel.com\/index.php?rest_route=%2Fwp%2Fv2%2Fmedia&parent=25969"}],"wp:term":[{"taxonomy":"category","embeddable":true,"href":"https:\/\/emlaktuel.com\/index.php?rest_route=%2Fwp%2Fv2%2Fcategories&post=25969"},{"taxonomy":"post_tag","embeddable":true,"href":"https:\/\/emlaktuel.com\/index.php?rest_route=%2Fwp%2Fv2%2Ftags&post=25969"}],"curies":[{"name":"wp","href":"https:\/\/api.w.org\/{rel}","templated":true}]}}