{"id":25956,"date":"2018-12-19T11:48:39","date_gmt":"2018-12-19T08:48:39","guid":{"rendered":"https:\/\/emlaktuel.com\/?p=25956"},"modified":"2018-12-19T11:48:39","modified_gmt":"2018-12-19T08:48:39","slug":"fikirtepede-kentsel-donusum-magduriyeti","status":"publish","type":"post","link":"https:\/\/emlaktuel.com\/?p=25956","title":{"rendered":"Fikirtepe&#8217;de kentsel d\u00f6n\u00fc\u015f\u00fcm ma\u011fduriyeti"},"content":{"rendered":"<p><b>\u0130stanbul Fikirtepe b\u00f6lgesinde ger\u00e7ekle\u015ftirilen bir\u00e7ok kentsel d\u00f6n\u00fc\u015f\u00fcm projesi \u00e7al\u0131\u015fmas\u0131n\u0131 \u00fcstlenen in\u015faat firmalar\u0131n\u0131n konkordato talep etmeleri nedeni ile buralarda konut sat\u0131\u015flar\u0131 durma noktas\u0131na geldi. Fikirtepe b\u00f6lgesinde kentsel d\u00f6n\u00fc\u015f\u00fcmden kaynakl\u0131 olarak ma\u011fdur olan vatanda\u015flar\u0131m\u0131z seslerini duyurmaya \u00e7al\u0131\u015f\u0131yorlar.<\/b><\/p>\n<p>\u0130stanbul Kad\u0131k\u00f6y il\u00e7esinde bulunan Fikirtepe b\u00f6lgesinde senelerdir devam eden kentsel d\u00f6n\u00fc\u015f\u00fcm projelerinde insanlar kiralar\u0131n\u0131 alam\u0131yorlar. bu b\u00f6lgede in\u015faat yapan Emay \u0130n\u015faat ve Nuho\u011flu \u0130n\u015faat konkordato ilan ettiler. Buralardan kentsel d\u00f6n\u00fc\u015f\u00fcme dahil olan ma\u011fdurlar art\u0131k kiralar\u0131n\u0131 alamad\u0131klar\u0131 i\u00e7in en son Kele\u015fo\u011flu \u0130n\u015faat\u2019\u0131n ofis pencerelerini k\u0131rd\u0131.<\/p>\n<h2>Kele\u015fo\u011flu \u0130n\u015faat ofisini bast\u0131lar<\/h2>\n<p>Kad\u0131k\u00f6y b\u00f6lgesinde Brandium Ata\u015fehir, KentPlus Ata\u015fehir, KentPlus gibi projeleri hayata ge\u00e7iren Emay \u0130n\u015faat, 1 ay \u00f6nce konkordato talebinde bulundu. Fikirtepe\u2019de bir\u00e7ok projeye devam eden Nuho\u011flu \u0130n\u015faat da Ekim ay\u0131nda konkordato istemi\u015fti. Ma\u011fdur olduklar\u0131n\u0131 dile getiren vatanda\u015flar, Kele\u015fo\u011flu \u0130n\u015faat\u2019\u0131n Fikirtepe\u2019deki ofisini basarak camlar\u0131n\u0131 k\u0131rd\u0131lar.<\/p>\n<h2>Fikirtepe&#8217;de ki projeler durdu<\/h2>\n<p>Ma\u011fdur olan vatanda\u015flar muhatap bulamad\u0131klar\u0131 i\u00e7in b\u00f6yle g\u00f6sterdiklerini s\u00f6ylediler. Kentsel D\u00f6n\u00fc\u015f\u00fcm Derne\u011fi Sab\u0131r Karako\u00e7o\u011flu, ge\u00e7ti\u011fimiz May\u0131s\u2019tan beri in\u015faatlarda sat\u0131\u015flar\u0131n yap\u0131lamad\u0131\u011f\u0131n\u0131 s\u00f6yleyerek, &#8216;Art\u0131k burada muhatap bulamamaya ba\u015flad\u0131k. \u0130n\u015faat bitmi\u015f yap\u0131lar\u0131n sat\u0131\u015flar\u0131 neredeyse hi\u00e7 yap\u0131lm\u0131yor. Projeler ilerlemiyor, tamamen durmu\u015f projeler var. Bunu bize s\u00f6yleyen m\u00fcteahhitler\u201d \u015feklinde konu\u015ftu.<\/p>\n<div class=\"reklam\"><\/div>\n","protected":false},"excerpt":{"rendered":"<p>\u0130stanbul Fikirtepe b\u00f6lgesinde ger\u00e7ekle\u015ftirilen bir\u00e7ok kentsel d\u00f6n\u00fc\u015f\u00fcm projesi \u00e7al\u0131\u015fmas\u0131n\u0131 \u00fcstlenen in\u015faat firmalar\u0131n\u0131n konkordato talep etmeleri nedeni ile buralarda konut sat\u0131\u015flar\u0131 durma noktas\u0131na geldi. Fikirtepe b\u00f6lgesinde kentsel d\u00f6n\u00fc\u015f\u00fcmden kaynakl\u0131 olarak ma\u011fdur olan vatanda\u015flar\u0131m\u0131z seslerini duyurmaya \u00e7al\u0131\u015f\u0131yorlar. \u0130stanbul Kad\u0131k\u00f6y il\u00e7esinde bulunan Fikirtepe b\u00f6lgesinde senelerdir devam eden kentsel d\u00f6n\u00fc\u015f\u00fcm projelerinde insanlar kiralar\u0131n\u0131 alam\u0131yorlar. bu b\u00f6lgede in\u015faat yapan Emay [&hellip;]<\/p>\n","protected":false},"author":1,"featured_media":25957,"comment_status":"open","ping_status":"open","sticky":false,"template":"","format":"standard","meta":{"ngg_post_thumbnail":0},"categories":[5388],"tags":[6429],"_links":{"self":[{"href":"https:\/\/emlaktuel.com\/index.php?rest_route=\/wp\/v2\/posts\/25956"}],"collection":[{"href":"https:\/\/emlaktuel.com\/index.php?rest_route=\/wp\/v2\/posts"}],"about":[{"href":"https:\/\/emlaktuel.com\/index.php?rest_route=\/wp\/v2\/types\/post"}],"author":[{"embeddable":true,"href":"https:\/\/emlaktuel.com\/index.php?rest_route=\/wp\/v2\/users\/1"}],"replies":[{"embeddable":true,"href":"https:\/\/emlaktuel.com\/index.php?rest_route=%2Fwp%2Fv2%2Fcomments&post=25956"}],"version-history":[{"count":1,"href":"https:\/\/emlaktuel.com\/index.php?rest_route=\/wp\/v2\/posts\/25956\/revisions"}],"predecessor-version":[{"id":25958,"href":"https:\/\/emlaktuel.com\/index.php?rest_route=\/wp\/v2\/posts\/25956\/revisions\/25958"}],"wp:featuredmedia":[{"embeddable":true,"href":"https:\/\/emlaktuel.com\/index.php?rest_route=\/wp\/v2\/media\/25957"}],"wp:attachment":[{"href":"https:\/\/emlaktuel.com\/index.php?rest_route=%2Fwp%2Fv2%2Fmedia&parent=25956"}],"wp:term":[{"taxonomy":"category","embeddable":true,"href":"https:\/\/emlaktuel.com\/index.php?rest_route=%2Fwp%2Fv2%2Fcategories&post=25956"},{"taxonomy":"post_tag","embeddable":true,"href":"https:\/\/emlaktuel.com\/index.php?rest_route=%2Fwp%2Fv2%2Ftags&post=25956"}],"curies":[{"name":"wp","href":"https:\/\/api.w.org\/{rel}","templated":true}]}}