{"id":25950,"date":"2018-12-19T11:05:53","date_gmt":"2018-12-19T08:05:53","guid":{"rendered":"https:\/\/emlaktuel.com\/?p=25950"},"modified":"2018-12-19T11:05:53","modified_gmt":"2018-12-19T08:05:53","slug":"muteahhitlerden-yurtdisi-istihdama-dev-destek","status":"publish","type":"post","link":"https:\/\/emlaktuel.com\/?p=25950","title":{"rendered":"M\u00fcteahhitlerden yurtd\u0131\u015f\u0131 istihdama dev destek"},"content":{"rendered":"<p><strong><u>M\u00fcteahhitlerden yurt d\u0131\u015f\u0131nda vatanda\u015flar\u0131m\u0131za istihdam i\u00e7in 5 maddelik \u00f6neri<\/u><\/strong><\/p>\n<p><strong>\u0130lgili kamu kurumlar\u0131 yetkililerinin ve firma temsilcilerinin kat\u0131l\u0131m\u0131yla ger\u00e7ekle\u015fen Panel\u2019de konu\u015fan TMB Y\u00f6netim Kurulu \u00dcyesi Kartal Usluel, T\u00fcrk firmalar\u0131n\u0131n zorluklar ve ihtilaflar nedeniyle yurtd\u0131\u015f\u0131nda art\u0131k a\u011f\u0131rl\u0131kla Uzak-Do\u011fulu veya Afrikal\u0131 i\u015f\u00e7i istihdam etti\u011fini, T\u00fcrk i\u015fg\u00fcc\u00fcn\u00fcn farkl\u0131 stat\u00fc ve \u015fartlar\u0131 dikkate al\u0131narak \u00e7al\u0131\u015fma mevzuat\u0131nda d\u00fczenlemeler yap\u0131larak i\u00e7tihat olu\u015fturulmas\u0131n\u0131n istihdam politikalar\u0131 i\u00e7in \u00f6ncelikli konulardan biri oldu\u011funu s\u00f6yledi.<\/strong><\/p>\n<p>\u0130n\u015faat sekt\u00f6r\u00fc, h\u00fck\u00fcmetin istihdam\u0131 art\u0131rmaya y\u00f6nelik \u00e7al\u0131\u015fmalar\u0131na destek vermeye devam ediyor. T\u00fcrkiye M\u00fcteahhitler Birli\u011fi (TMB) Genel Merkezi\u2019nde 14 Aral\u0131k 2018 tarihinde d\u00fczenlenen \u201cYurtd\u0131\u015f\u0131 M\u00fcteahhitlik Hizmetlerinde T\u00fcrk \u0130\u015fg\u00fcc\u00fc \u0130stihdam\u0131\u201d konulu panele, ilgili \u00fc\u00e7 kamu kurumu olan \u0130\u015eKUR, SGK, Aile, \u00c7al\u0131\u015fma ve Sosyal Hizmetler Bakanl\u0131\u011f\u0131n\u0131n genel m\u00fcd\u00fcrleri, b\u00fcrokratlar\u0131 ve yurtd\u0131\u015f\u0131nda faaliyet g\u00f6steren in\u015faat firmalar\u0131ndan temsilciler kat\u0131ld\u0131.<\/p>\n<h2><strong>T\u00fcrk i\u015fg\u00fcc\u00fc say\u0131s\u0131 35 binlere kadar geriledi<\/strong><\/h2>\n<p>Panelin a\u00e7\u0131l\u0131\u015f\u0131nda konu\u015fan TMB Y\u00f6netim Kurulu \u00dcyesi Kartal Usluel, T\u00fcrk m\u00fcteahhitlerinin 1990\u2019l\u0131 y\u0131llarda y\u0131ll\u0131k 2 milyar ABD Dolar\u0131 tutar\u0131ndaki yurtd\u0131\u015f\u0131 projeleri kapsam\u0131nda 100 binin \u00fczerinde T\u00fcrk i\u015f\u00e7isi istihdam ettiklerini belirtirken, son d\u00f6nemde y\u0131lda 20-30 milyar ABD Dolar\u0131 d\u00fczeylerine \u00e7\u0131kan yurtd\u0131\u015f\u0131 m\u00fcteahhitlik hizmetleri kapsam\u0131nda istihdam edilen T\u00fcrk i\u015fg\u00fcc\u00fc say\u0131s\u0131n\u0131n ise 35 binlere kadar geriledi\u011fine i\u015faret etti.<\/p>\n<p>Usluel,\u00a0<i>\u201cBizlerin ilk tercihi her zaman T\u00fcrk i\u015f\u00e7isi ile \u00e7al\u0131\u015fmak y\u00f6n\u00fcnde olmas\u0131na kar\u015f\u0131n uygulamada bir \u015feylerin yanl\u0131\u015f gitti\u011fi a\u015fikar\u2026 Firmalar\u0131m\u0131z art\u0131k a\u011f\u0131rl\u0131kl\u0131 olarak Uzak-Do\u011fulu veya Afrikal\u0131 i\u015fg\u00fcc\u00fc istihdam ediyorlar. \u0130stihdam\u0131 te\u015fvik d\u00fczenlemelerinde bug\u00fcne kadar yurtd\u0131\u015f\u0131 istihdam\u0131n hak etti\u011fi ilgiyi, deste\u011fi alamad\u0131\u011f\u0131n\u0131 g\u00f6r\u00fcyoruz. \u00dclkemizin istihdam\u0131 art\u0131rmaya en \u00e7ok ihtiya\u00e7 duydu\u011fu d\u00f6nemlerden birini ya\u015farken yurtd\u0131\u015f\u0131nda azalan T\u00fcrk i\u015fg\u00fcc\u00fc istihdam\u0131n\u0131 artt\u0131racak \u00f6nlemlerin bir an \u00f6nce hayata ge\u00e7irilmesi \u00e7ok \u00f6nemli \u201d<\/i>\u00a0diye konu\u015ftu.<\/p>\n<h2><strong>Yurtd\u0131\u015f\u0131 i\u00e7in prime esas kazan\u00e7 \u00fcst s\u0131n\u0131r\u0131 d\u00fc\u015f\u00fcr\u00fcls\u00fcn<\/strong><\/h2>\n<p>USLUEL konu\u015fmas\u0131nda, yurtd\u0131\u015f\u0131nda istihdam edilen T\u00fcrk i\u015fg\u00fcc\u00fc i\u00e7in hem gidilen \u00fclkede hem de T\u00fcrkiye\u2019de sigorta primi \u00f6denmekte oldu\u011funa i\u015faret ederek, sigortal\u0131lar\u0131n prime esas kazan\u00e7 \u00fcst s\u0131n\u0131r\u0131n\u0131n en az\u0131ndan belli bir s\u00fcre i\u00e7in d\u00fc\u015f\u00fcr\u00fclmesini talep etti.<\/p>\n<h2><strong>\u0130\u015f\u00e7i-\u0130\u015fveren uyu\u015fmazl\u0131klar\u0131na \u00e7\u00f6z\u00fcm bulunmal\u0131<\/strong><\/h2>\n<p>Yurtd\u0131\u015f\u0131nda istihdam\u0131n artt\u0131r\u0131lmas\u0131nda en b\u00fcy\u00fck engelin i\u015f\u00e7i-i\u015fveren uyu\u015fmazl\u0131klar\u0131 oldu\u011funu vurgulayan Usluel, \u015f\u00f6yle devam etti:\u00a0<i>\u201cDi\u011fer yandan son d\u00f6nemde yurtd\u0131\u015f\u0131ndan d\u00f6nen i\u015f\u00e7ilerin baz\u0131 avukatl\u0131k b\u00fcrolar\u0131 taraf\u0131ndan havaalan\u0131nda kar\u015f\u0131lanarak i\u015fveren aleyhine b\u00fcy\u00fck davalar\u0131n a\u00e7\u0131ld\u0131\u011f\u0131n\u0131 g\u00f6r\u00fcyoruz. T\u00fcrkiye ile \u00e7al\u0131\u015f\u0131lan \u00fclke aras\u0131ndaki farkl\u0131 uygulamalar\u0131n suistimal edildi\u011fi bu davalarda kazan\u0131lan \u00e7ok y\u00fcksek miktardaki tazminatlar\u0131n da i\u015f\u00e7ilerin eline ge\u00e7meden b\u00fcy\u00fck k\u0131sm\u0131n\u0131n bu b\u00fcrolar\u0131n gelir hanesine yaz\u0131ld\u0131\u011f\u0131 biliniyor. \u0130stihdam\u0131n art\u0131r\u0131labilmesi i\u00e7in mutlaka \u00f6ncelikle yabanc\u0131 \u00fclkelerde istihdam edilen T\u00fcrk i\u015fg\u00fcc\u00fcn\u00fcn farkl\u0131 stat\u00fc ve \u015fartlar\u0131 dikkate al\u0131narak \u00e7al\u0131\u015fma mevzuat\u0131nda d\u00fczenlemeler yap\u0131lmal\u0131, i\u00e7tihat olu\u015fturulmal\u0131d\u0131r.\u201d<\/i><\/p>\n<p>Bu y\u0131l i\u00e7erisinde i\u015f\u00e7i-i\u015fveren uyu\u015fmazl\u0131klar\u0131na d\u00f6n\u00fck olarak Ekonomi, Maliye, Adalet, \u00c7al\u0131\u015fma ve Sosyal G\u00fcvenlik Bakanl\u0131klar\u0131 ile ortak \u00e7al\u0131\u015fma ile bir kanun teklifi haz\u0131rlad\u0131klar\u0131n\u0131 ancak erkene al\u0131nan Genel Se\u00e7imler nedeniyle TBMM\u2019ne sunulamad\u0131\u011f\u0131n\u0131 kaydeden USLUEL, teklifin yasala\u015fmas\u0131n\u0131 son derece \u00f6nemsediklerini s\u00f6zlerine ekledi.<\/p>\n<p>Etkinli\u011fin a\u00e7\u0131l\u0131\u015f\u0131nda Usluel\u2019in ard\u0131ndan SGK Sigorta Primleri Genel M\u00fcd\u00fcr\u00fc Sava\u015f Al\u0131\u00e7, Aile, \u00c7al\u0131\u015fma ve Sosyal Hizmetler Bakanl\u0131\u011f\u0131 \u00c7al\u0131\u015fma Genel M\u00fcd\u00fcr\u00fc Nurcan \u00d6nder ve \u0130\u015eKUR Genel M\u00fcd\u00fcr\u00fc Cafer Uzunkaya birer konu\u015fma yaparak mevzuat ve uygulamadaki son durum hakk\u0131nda kat\u0131l\u0131mc\u0131lara bilgi verdi.<\/p>\n<p>\u0130\u015eKUR Genel M\u00fcd\u00fcr\u00fc Cafer Uzunkaya, kurumun son d\u00f6nemde istihdam\u0131 art\u0131rmaya y\u00f6nelik te\u015fvikleri hakk\u0131nda kat\u0131l\u0131mc\u0131lara bilgi verirken, \u00e7al\u0131\u015fmalar\u0131 daha ileriye ta\u015f\u0131may\u0131 hedeflediklerini de vurgulad\u0131.<\/p>\n<p>Yurtd\u0131\u015f\u0131 m\u00fcteahhitlik hizmetlerinin \u00fclkemizin yurtd\u0131\u015f\u0131nda i\u015fveren olarak g\u00f6\u00e7 verdi\u011fi ve temsil edildi\u011fi en b\u00fcy\u00fck sekt\u00f6r oldu\u011funa i\u015faret eden Aile, \u00c7al\u0131\u015fma ve Sosyal Hizmetler Bakanl\u0131\u011f\u0131 \u00c7al\u0131\u015fma Genel M\u00fcd\u00fcr\u00fc Nurcan \u00d6nder de d\u00fcnyada aranan bir marka haline gelmi\u015f olan T\u00fcrk m\u00fcteahhitlerinin \u00e7o\u011funun yurtd\u0131\u015f\u0131nda genellikle T\u00fcrk i\u015f\u00e7ileri istihdam etti\u011fini belirtti.<\/p>\n<p>SGK Sigorta Primleri Genel M\u00fcd\u00fcr\u00fc Sava\u015f Al\u0131\u00e7 ise son olarak vergi ve SGK bor\u00e7 yap\u0131land\u0131rmas\u0131na ba\u015fvuran ancak taksitlerini \u00f6demeyenlere bir \u015fans daha verildi\u011fini kaydetti. TBMM Plan ve B\u00fct\u00e7e Komisyonu\u2019nda ge\u00e7ti\u011fimiz g\u00fcnlerde bir \u00f6nerge ile 7143 say\u0131l\u0131 Yap\u0131land\u0131rma Yasas\u0131\u2019na madde eklendi\u011fini hat\u0131rlatan Al\u0131\u00e7, d\u00fczenlemenin \u00f6n\u00fcm\u00fczdeki g\u00fcnlerde Meclis Genel Kurul\u2019da kabul edilmesini beklediklerini s\u00f6yledi.<\/p>\n<h2><strong>Sekt\u00f6rden istihdam\u0131 artt\u0131r\u0131c\u0131 5 maddelik \u00f6neri<\/strong><\/h2>\n<p>Ard\u0131ndan TMB Dan\u0131\u015fman\u0131 Prof. Dr. Cem K\u0131l\u0131\u00e7 taraf\u0131ndan y\u00f6netilen ve kamu kurumlar\u0131 ile firmalardan temsilcilerin kat\u0131ld\u0131\u011f\u0131 bir panel ile yurtd\u0131\u015f\u0131nda T\u00fcrk i\u015fg\u00fcc\u00fc istihdam\u0131n\u0131n \u00f6n\u00fcndeki sorunlar ve \u00e7\u00f6z\u00fcm \u00f6nerileri t\u00fcm boyutlar\u0131yla ele al\u0131nd\u0131.<\/p>\n<p>Panelde, yurtd\u0131\u015f\u0131nda T\u00fcrk i\u015fg\u00fcc\u00fc istihdam\u0131n\u0131n art\u0131r\u0131lmas\u0131 i\u00e7in sekt\u00f6r temsilcileri taraf\u0131ndan ortaya konan \u00f6neriler 5 konuda yo\u011funla\u015ft\u0131:<\/p>\n<ul>\n<li><i>* \u00c7al\u0131\u015fma mevzuat\u0131nda yurtd\u0131\u015f\u0131 m\u00fcteahhitlik hizmetlerinin kendine \u00f6zg\u00fc \u015fartlar\u0131 ve \u00f6zellikleri dikkate al\u0131narak bir d\u00fczenleme yap\u0131lmas\u0131, \u0130\u015f-Kur tip s\u00f6zle\u015fmelerinde iyile\u015ftirmeler yap\u0131lmas\u0131,<\/i><\/li>\n<li><i>* \u0130\u015f\u00e7i-i\u015fveren uyu\u015fmazl\u0131klar\u0131ndaki belirsizliklere a\u00e7\u0131kl\u0131k getirecek yasal bir d\u00fczenleme yap\u0131lmas\u0131,<\/i><\/li>\n<li><i>* Sigorta prim y\u00fcklerinin d\u00fc\u015f\u00fcr\u00fclmesi,<\/i><\/li>\n<li><i>* Hem gidilen \u00fclke hem T\u00fcrkiye\u2019deki y\u00fck\u00fcml\u00fcl\u00fcklerde ortaya \u00e7\u0131kan m\u00fckerrerli\u011fin giderilmesi,<\/i><\/li>\n<li><i>* \u0130\u015eKUR uygulamalar\u0131n\u0131n basitle\u015ftirilmesi ve i\u015flemlerin elektronik ortamda yap\u0131lmas\u0131.<\/i><\/li>\n<\/ul>\n","protected":false},"excerpt":{"rendered":"<p>M\u00fcteahhitlerden yurt d\u0131\u015f\u0131nda vatanda\u015flar\u0131m\u0131za istihdam i\u00e7in 5 maddelik \u00f6neri \u0130lgili kamu kurumlar\u0131 yetkililerinin ve firma temsilcilerinin kat\u0131l\u0131m\u0131yla ger\u00e7ekle\u015fen Panel\u2019de konu\u015fan TMB Y\u00f6netim Kurulu \u00dcyesi Kartal Usluel, T\u00fcrk firmalar\u0131n\u0131n zorluklar ve ihtilaflar nedeniyle yurtd\u0131\u015f\u0131nda art\u0131k a\u011f\u0131rl\u0131kla Uzak-Do\u011fulu veya Afrikal\u0131 i\u015f\u00e7i istihdam etti\u011fini, T\u00fcrk i\u015fg\u00fcc\u00fcn\u00fcn farkl\u0131 stat\u00fc ve \u015fartlar\u0131 dikkate al\u0131narak \u00e7al\u0131\u015fma mevzuat\u0131nda d\u00fczenlemeler yap\u0131larak i\u00e7tihat olu\u015fturulmas\u0131n\u0131n [&hellip;]<\/p>\n","protected":false},"author":1,"featured_media":25951,"comment_status":"open","ping_status":"open","sticky":false,"template":"","format":"standard","meta":{"ngg_post_thumbnail":0},"categories":[5388],"tags":[12422,12642],"_links":{"self":[{"href":"https:\/\/emlaktuel.com\/index.php?rest_route=\/wp\/v2\/posts\/25950"}],"collection":[{"href":"https:\/\/emlaktuel.com\/index.php?rest_route=\/wp\/v2\/posts"}],"about":[{"href":"https:\/\/emlaktuel.com\/index.php?rest_route=\/wp\/v2\/types\/post"}],"author":[{"embeddable":true,"href":"https:\/\/emlaktuel.com\/index.php?rest_route=\/wp\/v2\/users\/1"}],"replies":[{"embeddable":true,"href":"https:\/\/emlaktuel.com\/index.php?rest_route=%2Fwp%2Fv2%2Fcomments&post=25950"}],"version-history":[{"count":1,"href":"https:\/\/emlaktuel.com\/index.php?rest_route=\/wp\/v2\/posts\/25950\/revisions"}],"predecessor-version":[{"id":25952,"href":"https:\/\/emlaktuel.com\/index.php?rest_route=\/wp\/v2\/posts\/25950\/revisions\/25952"}],"wp:featuredmedia":[{"embeddable":true,"href":"https:\/\/emlaktuel.com\/index.php?rest_route=\/wp\/v2\/media\/25951"}],"wp:attachment":[{"href":"https:\/\/emlaktuel.com\/index.php?rest_route=%2Fwp%2Fv2%2Fmedia&parent=25950"}],"wp:term":[{"taxonomy":"category","embeddable":true,"href":"https:\/\/emlaktuel.com\/index.php?rest_route=%2Fwp%2Fv2%2Fcategories&post=25950"},{"taxonomy":"post_tag","embeddable":true,"href":"https:\/\/emlaktuel.com\/index.php?rest_route=%2Fwp%2Fv2%2Ftags&post=25950"}],"curies":[{"name":"wp","href":"https:\/\/api.w.org\/{rel}","templated":true}]}}