{"id":25791,"date":"2018-12-10T13:02:48","date_gmt":"2018-12-10T10:02:48","guid":{"rendered":"https:\/\/emlaktuel.com\/?p=25791"},"modified":"2018-12-10T13:02:48","modified_gmt":"2018-12-10T10:02:48","slug":"mobilya-sektorunun-en-buyuk-alim-heyeti-organizasyonu-cnr-imobda-duzenlenecek","status":"publish","type":"post","link":"https:\/\/emlaktuel.com\/?p=25791","title":{"rendered":"Mobilya sekt\u00f6r\u00fcn\u00fcn en b\u00fcy\u00fck al\u0131m heyeti organizasyonu CNR \u0130MOB&#8217;da d\u00fczenlenecek"},"content":{"rendered":"<p>Mobilya sekt\u00f6r\u00fcn\u00fcn d\u00fcnyadaki en b\u00fcy\u00fck iki fuar\u0131ndan biri olan CNR \u0130MOB, Ticaret Bakanl\u0131\u011f\u0131 ve \u0130\u0130B&#8217;nin Uluslararas\u0131 Rekabet\u00e7ili\u011fin Geli\u015ftirilmesi (URGE) Projesi deste\u011fiyle T\u00fcrkiye&#8217;nin en kapsaml\u0131 al\u0131m heyetleri organizasyonlar\u0131ndan birine ev sahipli\u011fi yap\u0131lacak. Kat\u0131l\u0131mc\u0131 firmalar, Al\u0131m Heyetleri B2B E\u015fle\u015ftirme Program\u0131&#8217;nda, d\u00fcnyan\u0131n d\u00f6rt bir yan\u0131ndan gelecek olan mobilya al\u0131c\u0131lar\u0131 ile B2B ikili i\u015f g\u00f6r\u00fc\u015fmeleri ger\u00e7ekle\u015ftirerek yeni i\u015f ba\u011flant\u0131lar\u0131 kuracak.<\/p>\n<p>22 Ocak 2019&#8217;da 15.kez kap\u0131lar\u0131n\u0131 a\u00e7acak olan CNR \u0130MOB, CNR Holding kurulu\u015flar\u0131ndan \u0130stanbul Fuarc\u0131l\u0131k ve sekt\u00f6r\u00fcn \u00e7at\u0131 \u00f6rg\u00fct\u00fc Mobilya Dernekleri Federasyonu (MOSFED) i\u015f birli\u011finde, ihracat\u0131n merkezi CNR Expo Ye\u015filk\u00f6y&#8217;de organize edilecek<\/p>\n","protected":false},"excerpt":{"rendered":"<p>Mobilya sekt\u00f6r\u00fcn\u00fcn d\u00fcnyadaki en b\u00fcy\u00fck iki fuar\u0131ndan biri olan CNR \u0130MOB, Ticaret Bakanl\u0131\u011f\u0131 ve \u0130\u0130B&#8217;nin Uluslararas\u0131 Rekabet\u00e7ili\u011fin Geli\u015ftirilmesi (URGE) Projesi deste\u011fiyle T\u00fcrkiye&#8217;nin en kapsaml\u0131 al\u0131m heyetleri organizasyonlar\u0131ndan birine ev sahipli\u011fi yap\u0131lacak. Kat\u0131l\u0131mc\u0131 firmalar, Al\u0131m Heyetleri B2B E\u015fle\u015ftirme Program\u0131&#8217;nda, d\u00fcnyan\u0131n d\u00f6rt bir yan\u0131ndan gelecek olan mobilya al\u0131c\u0131lar\u0131 ile B2B ikili i\u015f g\u00f6r\u00fc\u015fmeleri ger\u00e7ekle\u015ftirerek yeni i\u015f ba\u011flant\u0131lar\u0131 [&hellip;]<\/p>\n","protected":false},"author":1,"featured_media":25792,"comment_status":"open","ping_status":"open","sticky":false,"template":"","format":"standard","meta":{"ngg_post_thumbnail":0},"categories":[223,26],"tags":[4885,12584],"_links":{"self":[{"href":"https:\/\/emlaktuel.com\/index.php?rest_route=\/wp\/v2\/posts\/25791"}],"collection":[{"href":"https:\/\/emlaktuel.com\/index.php?rest_route=\/wp\/v2\/posts"}],"about":[{"href":"https:\/\/emlaktuel.com\/index.php?rest_route=\/wp\/v2\/types\/post"}],"author":[{"embeddable":true,"href":"https:\/\/emlaktuel.com\/index.php?rest_route=\/wp\/v2\/users\/1"}],"replies":[{"embeddable":true,"href":"https:\/\/emlaktuel.com\/index.php?rest_route=%2Fwp%2Fv2%2Fcomments&post=25791"}],"version-history":[{"count":1,"href":"https:\/\/emlaktuel.com\/index.php?rest_route=\/wp\/v2\/posts\/25791\/revisions"}],"predecessor-version":[{"id":25793,"href":"https:\/\/emlaktuel.com\/index.php?rest_route=\/wp\/v2\/posts\/25791\/revisions\/25793"}],"wp:featuredmedia":[{"embeddable":true,"href":"https:\/\/emlaktuel.com\/index.php?rest_route=\/wp\/v2\/media\/25792"}],"wp:attachment":[{"href":"https:\/\/emlaktuel.com\/index.php?rest_route=%2Fwp%2Fv2%2Fmedia&parent=25791"}],"wp:term":[{"taxonomy":"category","embeddable":true,"href":"https:\/\/emlaktuel.com\/index.php?rest_route=%2Fwp%2Fv2%2Fcategories&post=25791"},{"taxonomy":"post_tag","embeddable":true,"href":"https:\/\/emlaktuel.com\/index.php?rest_route=%2Fwp%2Fv2%2Ftags&post=25791"}],"curies":[{"name":"wp","href":"https:\/\/api.w.org\/{rel}","templated":true}]}}