{"id":25650,"date":"2018-11-30T12:47:27","date_gmt":"2018-11-30T09:47:27","guid":{"rendered":"https:\/\/emlaktuel.com\/?p=25650"},"modified":"2018-11-30T12:49:20","modified_gmt":"2018-11-30T09:49:20","slug":"25650","status":"publish","type":"post","link":"https:\/\/emlaktuel.com\/?p=25650","title":{"rendered":"\u0130DO&#8217;nun i\u00e7 hat seferlerinde son karar\u0131 ne oldu?"},"content":{"rendered":"<p class=\"td-post-sub-title\"><a href=\"http:\/\/www.makyolsantral.com\/?utm_source=emlaktuel&amp;utm_medium=300x250&amp;utm_campaign=emlaktuel-300x250\"><img loading=\"lazy\" class=\"aligncenter size-full wp-image-25267\" src=\"https:\/\/emlaktuel.com\/wp-content\/uploads\/2018\/11\/image.jpg\" alt=\"\" width=\"300\" height=\"250\" \/><\/a>\u0130DO, ge\u00e7ti\u011fimiz haftalarda \u0130stanbul bo\u011faz\u0131 i\u00e7 seferlerini 1 Aral\u0131k 2018&#8217;de durduraca\u011f\u0131n\u0131 a\u00e7\u0131klam\u0131\u015ft\u0131. \u0130DO \u0130stanbul i\u00e7 deniz seferlerini yapt\u0131\u011f\u0131 yeni a\u00e7\u0131klama ile i\u00e7 hat seferlerinde Sirkeci-Harem hatt\u0131 haricinde di\u011fer 3 hatta devam karar\u0131 ald\u0131klar\u0131n\u0131 a\u00e7\u0131klad\u0131.<\/p>\n<p>2 hafta \u00f6ncsindee yapm\u0131\u015f oldu\u011fu a\u00e7\u0131klama ile \u0130stanbul i\u00e7i yapt\u0131klar\u0131 Bostanc\u0131-Adalar, Bostanc\u0131-Yenikap\u0131-Bak\u0131rk\u00f6y, Bostanc\u0131-Be\u015fikta\u015f ve Sirkeci-Harem\u00a0 hatt\u0131 seferlerini zarar ettiklerini gerek\u00e7e g\u00f6stererek 1 Aral\u0131k 2018 itibari ile durdurama karar\u0131 ald\u0131klar\u0131n\u0131 a\u00e7\u0131klayan \u0130stanbul Deniz Otob\u00fcsleri A.\u015e. (\u0130DO) yetkilileri yap\u0131lan tepkiler sonrtas\u0131nda geri ad\u0131m att\u0131. Sirkeci-Harem hatt\u0131 d\u0131\u015f\u0131nda di\u011fer 3 hatt\u0131nda seferlere devam etme karar\u0131 ald\u0131klar\u0131n\u0131 a\u00e7\u0131klad\u0131.<\/p>\n<div class=\"td-module-meta-info\"><\/div>\n","protected":false},"excerpt":{"rendered":"<p>\u0130DO, ge\u00e7ti\u011fimiz haftalarda \u0130stanbul bo\u011faz\u0131 i\u00e7 seferlerini 1 Aral\u0131k 2018&#8217;de durduraca\u011f\u0131n\u0131 a\u00e7\u0131klam\u0131\u015ft\u0131. \u0130DO \u0130stanbul i\u00e7 deniz seferlerini yapt\u0131\u011f\u0131 yeni a\u00e7\u0131klama ile i\u00e7 hat seferlerinde Sirkeci-Harem hatt\u0131 haricinde di\u011fer 3 hatta devam karar\u0131 ald\u0131klar\u0131n\u0131 a\u00e7\u0131klad\u0131. 2 hafta \u00f6ncsindee yapm\u0131\u015f oldu\u011fu a\u00e7\u0131klama ile \u0130stanbul i\u00e7i yapt\u0131klar\u0131 Bostanc\u0131-Adalar, Bostanc\u0131-Yenikap\u0131-Bak\u0131rk\u00f6y, Bostanc\u0131-Be\u015fikta\u015f ve Sirkeci-Harem\u00a0 hatt\u0131 seferlerini zarar ettiklerini gerek\u00e7e g\u00f6stererek [&hellip;]<\/p>\n","protected":false},"author":1,"featured_media":25651,"comment_status":"open","ping_status":"open","sticky":false,"template":"","format":"standard","meta":{"ngg_post_thumbnail":0},"categories":[5213,26],"tags":[12531,5937,12530],"_links":{"self":[{"href":"https:\/\/emlaktuel.com\/index.php?rest_route=\/wp\/v2\/posts\/25650"}],"collection":[{"href":"https:\/\/emlaktuel.com\/index.php?rest_route=\/wp\/v2\/posts"}],"about":[{"href":"https:\/\/emlaktuel.com\/index.php?rest_route=\/wp\/v2\/types\/post"}],"author":[{"embeddable":true,"href":"https:\/\/emlaktuel.com\/index.php?rest_route=\/wp\/v2\/users\/1"}],"replies":[{"embeddable":true,"href":"https:\/\/emlaktuel.com\/index.php?rest_route=%2Fwp%2Fv2%2Fcomments&post=25650"}],"version-history":[{"count":4,"href":"https:\/\/emlaktuel.com\/index.php?rest_route=\/wp\/v2\/posts\/25650\/revisions"}],"predecessor-version":[{"id":25655,"href":"https:\/\/emlaktuel.com\/index.php?rest_route=\/wp\/v2\/posts\/25650\/revisions\/25655"}],"wp:featuredmedia":[{"embeddable":true,"href":"https:\/\/emlaktuel.com\/index.php?rest_route=\/wp\/v2\/media\/25651"}],"wp:attachment":[{"href":"https:\/\/emlaktuel.com\/index.php?rest_route=%2Fwp%2Fv2%2Fmedia&parent=25650"}],"wp:term":[{"taxonomy":"category","embeddable":true,"href":"https:\/\/emlaktuel.com\/index.php?rest_route=%2Fwp%2Fv2%2Fcategories&post=25650"},{"taxonomy":"post_tag","embeddable":true,"href":"https:\/\/emlaktuel.com\/index.php?rest_route=%2Fwp%2Fv2%2Ftags&post=25650"}],"curies":[{"name":"wp","href":"https:\/\/api.w.org\/{rel}","templated":true}]}}