{"id":25627,"date":"2018-11-29T12:06:53","date_gmt":"2018-11-29T09:06:53","guid":{"rendered":"https:\/\/emlaktuel.com\/?p=25627"},"modified":"2018-11-29T12:06:53","modified_gmt":"2018-11-29T09:06:53","slug":"insaatcilar-konut-kredisi-faizlerinin-dusurulmesini-istiyor","status":"publish","type":"post","link":"https:\/\/emlaktuel.com\/?p=25627","title":{"rendered":"\u0130n\u015faat\u00e7\u0131lar konut kredisi faizlerinin d\u00fc\u015f\u00fcr\u00fclmesini istiyor"},"content":{"rendered":"<p><b>\u0130n\u015faat sekt\u00f6r\u00fcnde, emlak ve sekt\u00f6r temsilcileri art\u0131k bankalar\u0131n konut kredisi faiz oranlar\u0131n\u0131 d\u00fc\u015f\u00fcrmesini ve sekt\u00f6re can gelmesini talep ediyorlar. Trabzon \u0130n\u015faat\u00e7\u0131lar ve Emlak\u00e7\u0131lar Odas\u0131 Ba\u015fkan\u0131 Ayhan Taflan, \u00fclkemizde bir\u00e7ok in\u015faat firmas\u0131 y\u00fcksek faiz oranlar\u0131ndan dolay\u0131 zor duruma d\u00fc\u015ft\u00fc\u011f\u00fcn\u00fc s\u00f6yleyerek sekt\u00f6r\u00fcn sorununu dile getirdi.<\/b><\/p>\n<p>Trabzon \u0130n\u015faat\u00e7\u0131lar ve Emlak\u00e7\u0131lar Odas\u0131 Ba\u015fkan\u0131 Ayhan Taflan, \u00fclkemizde bir\u00e7ok in\u015faat firmas\u0131 son aylarda \u00e7ok y\u00fcksek faiz oranlar\u0131ndan dolay\u0131 zor duruma d\u00fc\u015ferken, Trabzon ilimizde bunun etkilerinin g\u00f6r\u00fcld\u00fc\u011f\u00fcne s\u00f6yledi<\/p>\n<p>Milliyet Gazetesindeki habere g\u00f6re Taflan &#8220;Di\u011fer taraftan bak\u0131l\u0131nca in\u015faat maliyetleride, haz\u0131r beton, \u00e7imento, elektrik malzemesi, kereste aksam\u0131, pvc, vitrifiye vb. \u00fcr\u00fcnlerde y\u00fczde 40 oran\u0131nda bir zamlanma oldu. Bu yap\u0131lan zamlar\u0131 dikkate ald\u0131\u011f\u0131m\u0131z zaman m\u00fcteahhitler ve malzeme tedarik\u00e7ileri zor durumdad\u0131r. Sekt\u00f6rdeki malzeme fiyatlar\u0131 art\u0131\u015flar\u0131 maliyetleri artt\u0131rd\u0131\u011f\u0131 gibi sekt\u00f6rdede t\u0131kan\u0131kl\u0131\u011fa neden olmaktad\u0131r. Sekt\u00f6rde faaliyet g\u00f6steren esnaflar firmalar in\u015faat sekt\u00f6r\u00fcndeki t\u0131kan\u0131kl\u0131\u011f\u0131n a\u015f\u0131lmas\u0131 i\u00e7in \u00f6nlem al\u0131nmas\u0131n\u0131 beklemektedir&#8221; diye konu\u015ftu.<\/p>\n<p><b>\u00a0<\/b><\/p>\n","protected":false},"excerpt":{"rendered":"<p>\u0130n\u015faat sekt\u00f6r\u00fcnde, emlak ve sekt\u00f6r temsilcileri art\u0131k bankalar\u0131n konut kredisi faiz oranlar\u0131n\u0131 d\u00fc\u015f\u00fcrmesini ve sekt\u00f6re can gelmesini talep ediyorlar. Trabzon \u0130n\u015faat\u00e7\u0131lar ve Emlak\u00e7\u0131lar Odas\u0131 Ba\u015fkan\u0131 Ayhan Taflan, \u00fclkemizde bir\u00e7ok in\u015faat firmas\u0131 y\u00fcksek faiz oranlar\u0131ndan dolay\u0131 zor duruma d\u00fc\u015ft\u00fc\u011f\u00fcn\u00fc s\u00f6yleyerek sekt\u00f6r\u00fcn sorununu dile getirdi. Trabzon \u0130n\u015faat\u00e7\u0131lar ve Emlak\u00e7\u0131lar Odas\u0131 Ba\u015fkan\u0131 Ayhan Taflan, \u00fclkemizde bir\u00e7ok in\u015faat firmas\u0131 [&hellip;]<\/p>\n","protected":false},"author":1,"featured_media":25628,"comment_status":"open","ping_status":"open","sticky":false,"template":"","format":"standard","meta":{"ngg_post_thumbnail":0},"categories":[26,5388],"tags":[7475,5457,951],"_links":{"self":[{"href":"https:\/\/emlaktuel.com\/index.php?rest_route=\/wp\/v2\/posts\/25627"}],"collection":[{"href":"https:\/\/emlaktuel.com\/index.php?rest_route=\/wp\/v2\/posts"}],"about":[{"href":"https:\/\/emlaktuel.com\/index.php?rest_route=\/wp\/v2\/types\/post"}],"author":[{"embeddable":true,"href":"https:\/\/emlaktuel.com\/index.php?rest_route=\/wp\/v2\/users\/1"}],"replies":[{"embeddable":true,"href":"https:\/\/emlaktuel.com\/index.php?rest_route=%2Fwp%2Fv2%2Fcomments&post=25627"}],"version-history":[{"count":1,"href":"https:\/\/emlaktuel.com\/index.php?rest_route=\/wp\/v2\/posts\/25627\/revisions"}],"predecessor-version":[{"id":25629,"href":"https:\/\/emlaktuel.com\/index.php?rest_route=\/wp\/v2\/posts\/25627\/revisions\/25629"}],"wp:featuredmedia":[{"embeddable":true,"href":"https:\/\/emlaktuel.com\/index.php?rest_route=\/wp\/v2\/media\/25628"}],"wp:attachment":[{"href":"https:\/\/emlaktuel.com\/index.php?rest_route=%2Fwp%2Fv2%2Fmedia&parent=25627"}],"wp:term":[{"taxonomy":"category","embeddable":true,"href":"https:\/\/emlaktuel.com\/index.php?rest_route=%2Fwp%2Fv2%2Fcategories&post=25627"},{"taxonomy":"post_tag","embeddable":true,"href":"https:\/\/emlaktuel.com\/index.php?rest_route=%2Fwp%2Fv2%2Ftags&post=25627"}],"curies":[{"name":"wp","href":"https:\/\/api.w.org\/{rel}","templated":true}]}}