{"id":25494,"date":"2018-11-19T14:11:50","date_gmt":"2018-11-19T11:11:50","guid":{"rendered":"https:\/\/emlaktuel.com\/?p=25494"},"modified":"2018-11-19T14:13:21","modified_gmt":"2018-11-19T11:13:21","slug":"suset-incek-projesineworld-architecture-community-odulu","status":"publish","type":"post","link":"https:\/\/emlaktuel.com\/?p=25494","title":{"rendered":"Sunset \u0130ncek projesine\u201cWORLD ARCH\u0130TECTURE COMMUN\u0130TY\u201d \u00f6d\u00fcl\u00fc"},"content":{"rendered":"<p><strong>\u00dclkealan Yap\u0131 End\u00fcstrisi A.\u015e&#8217;nin \u0130ncek\u2019te hayata ge\u00e7irdi\u011fi projesi Sunset \u0130ncek d\u00fcnyan\u0131n \u00f6nde gelen mimari tasar\u0131m \u00f6d\u00fcllerinden \u201cWorld Architecture Community\u201d taraf\u0131ndan yap\u0131lan yar\u0131\u015fmada \u201cDesigned\u201d dal\u0131nda \u00f6d\u00fcle lay\u0131k g\u00f6r\u00fcld\u00fc.<\/strong><\/p>\n<p>\u015eehirlere ya\u015fam de\u011feri veren, geli\u015ftiren, de\u011fi\u015ftiren projelere \u00f6d\u00fcl verilen World Architecture Community\u201d taraf\u0131ndan yap\u0131lan yar\u0131\u015fma sonras\u0131 \u00f6d\u00fcller sahiplerini buldu. \u201cDesigned\u201d dal\u0131nda \u00f6d\u00fcle lay\u0131k g\u00f6r\u00fclen proje ise Ba\u015fkent\u2019te y\u00fckselen Sunset \u0130ncek projesi oldu. Konuyla ilgili g\u00f6r\u00fc\u015flerini payla\u015fan \u00dclkealan Yap\u0131 End\u00fcstrisi A.\u015e\u2019nin 3. Ku\u015fak temsilcisi Tolga \u00dclkealan \u201cB\u00f6yle bir \u00f6d\u00fcle lay\u0131k g\u00f6r\u00fclmenin hakl\u0131 gururunu ya\u015f\u0131yoruz. \u201cDesigned\u201d dal\u0131nda \u00f6d\u00fcl sahibi olmak projemizin de\u011ferine de\u011fer kat\u0131yor. Projemizi tasarlarken her bir detay\u0131 incelikle d\u00fc\u015f\u00fcnerek hareket ettik. Sunset \u0130ncek Ankara\u2019n\u0131n en geli\u015fen lokasyonlar\u0131ndan \u0130ncek\u2019te yer al\u0131yor. Bu \u00f6zelli\u011fi ile sadece bug\u00fcne de\u011fil gelece\u011fe yat\u0131r\u0131m olarak da \u00f6n plana \u00e7\u0131k\u0131yor. Projemiz toplam 50,451,81 m\u00b2 in\u015faat alan\u0131na sahip olup 2 kule ve 1 yatay bloktan olu\u015fuyor. Hayata ge\u00e7irdi\u011fimiz 139 ba\u011f\u0131ms\u0131z b\u00f6l\u00fcm ve 12 cadde ma\u011fazas\u0131 ile de hayat\u0131n i\u00e7inde bir ya\u015fam sunuyoruz. 2+1, 3+1+1, 5+1+1 ve 6+1+1 daire se\u00e7eneklerinin bulundu\u011fu projemiz, +1 konsepti ile geni\u015f mek\u00e2nlarda konfor sunuyor\u201d dedi.<\/p>\n<h2><strong>G\u00fcne\u015f \u0131\u015f\u0131\u011f\u0131 odakl\u0131 ya\u015fam alanlar\u0131<\/strong><\/h2>\n<p>Sunset \u0130ncek\u2019te sosyal tesis gibi detaylar\u0131nda en ince ayr\u0131nt\u0131s\u0131na kadar d\u00fc\u015f\u00fcn\u00fcld\u00fc\u011f\u00fcn\u00fc anlatan Tolga \u00dclkelan \u201cBloklardaki daire yerle\u015fimleri, cephe a\u00e7\u0131lar\u0131, ye\u015fil alanlar, her daire i\u00e7in ba\u011f\u0131ms\u0131z kapal\u0131 otopark ve sosyal tesisler gibi t\u00fcm beklenen niteliklerin en iyi \u015fekilde kar\u015f\u0131lanmas\u0131n\u0131 sa\u011flamak i\u00e7in \u00f6zenle \u00e7al\u0131\u015ft\u0131k. G\u00fcne\u015f \u0131\u015f\u0131\u011f\u0131 odakl\u0131 konumland\u0131rd\u0131\u011f\u0131m\u0131z projemizde, ye\u015filin tonlar\u0131 ile bulu\u015facak \u015fekilde ya\u015fam alanlar\u0131n\u0131 planlad\u0131k. Bu noktadan hareketle 6.950 m<sup>2<\/sup>lik bir alan\u0131 ye\u015fil alana ay\u0131rd\u0131k.<span class=\"m_-8800880625866778145dergiiyaz\">Sadece \u00e7ocuklara ait \u00e7ocuk oyun alanlar\u0131, yapay g\u00f6let, y\u00fcr\u00fcy\u00fc\u015f yollar\u0131 ile \u0131hlamur ve kiraz a\u011fa\u00e7lar\u0131n\u0131n yer ald\u0131\u011f\u0131 peyzaj alanlar\u0131 bulunmaktad\u0131r.\u00a0<\/span>Sunset \u0130ncek, ye\u015fil do\u011fas\u0131 ve muhte\u015fem g\u00fcn bat\u0131m\u0131 ile huzuru ya\u015fatacak\u201d ifadelerini kulland\u0131.<\/p>\n","protected":false},"excerpt":{"rendered":"<p>\u00dclkealan Yap\u0131 End\u00fcstrisi A.\u015e&#8217;nin \u0130ncek\u2019te hayata ge\u00e7irdi\u011fi projesi Sunset \u0130ncek d\u00fcnyan\u0131n \u00f6nde gelen mimari tasar\u0131m \u00f6d\u00fcllerinden \u201cWorld Architecture Community\u201d taraf\u0131ndan yap\u0131lan yar\u0131\u015fmada \u201cDesigned\u201d dal\u0131nda \u00f6d\u00fcle lay\u0131k g\u00f6r\u00fcld\u00fc. \u015eehirlere ya\u015fam de\u011feri veren, geli\u015ftiren, de\u011fi\u015ftiren projelere \u00f6d\u00fcl verilen World Architecture Community\u201d taraf\u0131ndan yap\u0131lan yar\u0131\u015fma sonras\u0131 \u00f6d\u00fcller sahiplerini buldu. \u201cDesigned\u201d dal\u0131nda \u00f6d\u00fcle lay\u0131k g\u00f6r\u00fclen proje ise Ba\u015fkent\u2019te y\u00fckselen [&hellip;]<\/p>\n","protected":false},"author":1,"featured_media":22341,"comment_status":"open","ping_status":"open","sticky":false,"template":"","format":"standard","meta":{"ngg_post_thumbnail":0},"categories":[5388],"tags":[11053,12085],"_links":{"self":[{"href":"https:\/\/emlaktuel.com\/index.php?rest_route=\/wp\/v2\/posts\/25494"}],"collection":[{"href":"https:\/\/emlaktuel.com\/index.php?rest_route=\/wp\/v2\/posts"}],"about":[{"href":"https:\/\/emlaktuel.com\/index.php?rest_route=\/wp\/v2\/types\/post"}],"author":[{"embeddable":true,"href":"https:\/\/emlaktuel.com\/index.php?rest_route=\/wp\/v2\/users\/1"}],"replies":[{"embeddable":true,"href":"https:\/\/emlaktuel.com\/index.php?rest_route=%2Fwp%2Fv2%2Fcomments&post=25494"}],"version-history":[{"count":2,"href":"https:\/\/emlaktuel.com\/index.php?rest_route=\/wp\/v2\/posts\/25494\/revisions"}],"predecessor-version":[{"id":25497,"href":"https:\/\/emlaktuel.com\/index.php?rest_route=\/wp\/v2\/posts\/25494\/revisions\/25497"}],"wp:featuredmedia":[{"embeddable":true,"href":"https:\/\/emlaktuel.com\/index.php?rest_route=\/wp\/v2\/media\/22341"}],"wp:attachment":[{"href":"https:\/\/emlaktuel.com\/index.php?rest_route=%2Fwp%2Fv2%2Fmedia&parent=25494"}],"wp:term":[{"taxonomy":"category","embeddable":true,"href":"https:\/\/emlaktuel.com\/index.php?rest_route=%2Fwp%2Fv2%2Fcategories&post=25494"},{"taxonomy":"post_tag","embeddable":true,"href":"https:\/\/emlaktuel.com\/index.php?rest_route=%2Fwp%2Fv2%2Ftags&post=25494"}],"curies":[{"name":"wp","href":"https:\/\/api.w.org\/{rel}","templated":true}]}}