{"id":25423,"date":"2018-11-16T12:41:43","date_gmt":"2018-11-16T09:41:43","guid":{"rendered":"https:\/\/emlaktuel.com\/?p=25423"},"modified":"2018-11-16T12:41:43","modified_gmt":"2018-11-16T09:41:43","slug":"insaat-sektorune-cekiduzen-geliyor-muteahhitler-denetlenecek","status":"publish","type":"post","link":"https:\/\/emlaktuel.com\/?p=25423","title":{"rendered":"\u0130n\u015faat sekt\u00f6r\u00fcne \u00e7ekid\u00fczen geliyor, m\u00fcteahhitler denetlenecek"},"content":{"rendered":"<h4>Ge\u00e7ti\u011fimiz g\u00fcn TBBM&#8217;de\u2019e sunulan teklif yasala\u015ft\u0131\u011f\u0131 taktirde, m\u00fcteahhit yeni i\u015fe ba\u015flarken mali g\u00fcc\u00fc ve i\u015f bitirmesine bak\u0131lacak.<\/h4>\n<div>\n<p>H\u00fck\u00fcmet, in\u015faat sekt\u00f6r\u00fcnde ya\u015fananlar sonras\u0131nda sekt\u00f6rde d\u00f6n\u00fc\u015f\u00fcm i\u00e7in d\u00fc\u011fmeye bast\u0131. Ge\u00e7ti\u011fimiz g\u00fcn Meclis&#8217;te sunulan kanun teklifi yasala\u015ft\u0131\u011f\u0131 taktirde m\u00fcteahhitlere \u00e7ekid\u00fczen verilecek.<\/p>\n<p>Buna g\u00f6re, m\u00fcteahhitler yeni projeye ba\u015flarken belli kriterler aranacak. Proje yapacak olan m\u00fcteahhidin mali g\u00fcc\u00fc ve i\u015f bitirme durumuna bak\u0131lacak. Bu d\u00fczenleme ile sekt\u00f6r hem disiplin alt\u0131na al\u0131nacak hem de sekt\u00f6r\u00fcn sa\u011fl\u0131kl\u0131 b\u00fcy\u00fcmesi sa\u011flanacak.<\/p>\n<p>Sununal kanun teklifinde, \u00f6zel sekt\u00f6rde yap\u0131m i\u015fleri \u00fcstlenecek m\u00fcteahhitlerin belirli ekonomik, mali, mesleki ve teknik yeterlili\u011fe sahip olmas\u0131 ko\u015fulu yer al\u0131yor. Yetki sahibi\u00a0<strong>m\u00fcteahhitler<\/strong>, yeterlilikleri dikkate al\u0131narak, 9 s\u0131n\u0131fta grupland\u0131r\u0131lacak ve \u00fcstlenebilecekleri i\u015fler de yeterliliklerle uyumlu olacak. Teklif,\u00a0Kentsel D\u00f6n\u00fc\u015f\u00fcm Yasas\u0131&#8217;nda yap\u0131lacak baz\u0131 de\u011fi\u015fiklikleri de i\u00e7eriyor. Bundan b\u00f6yle riskli yap\u0131larda yap\u0131lacak \u00e7al\u0131\u015fmalarda, m\u00fcteahhitlerin sahip olmas\u0131 gereken asgari i\u015f tecr\u00fcbesi, teknik donan\u0131m ve mali yeterlili\u011fi bakanl\u0131k taraf\u0131ndan belirlenecek \u015fartlara ba\u011flanacak. Kentsel d\u00f6n\u00fc\u015f\u00fcme giren firmalardan ruhsat verilmeden \u00f6nce bina tamamlama sigortas\u0131 yapt\u0131rmas\u0131 ya da bakanl\u0131k\u00e7a belirlenen di\u011fer teminat ve \u015fartlar\u0131 sa\u011flamas\u0131 istenecek.<\/p>\n<h2><strong>Anahtar teslimi i\u015fler i\u00e7in \u00f6zel destek<\/strong><\/h2>\n<p>Ticaret Bakan\u0131 Ruhsar Pekcan, yurti\u00e7inde ve global pazarda katma de\u011feri \u00e7ok y\u00fcksek anahtar teslimi projelere yat\u0131r\u0131m yapan m\u00fcteahhitlere destek vereceklerini s\u00f6yledi. Eximbank&#8217;\u0131n destekledi\u011fi firma say\u0131s\u0131 10 bin 642&#8217;ye \u00e7\u0131kt\u0131\u011f\u0131n\u0131 belirten Bakan Pekcan, gelecek y\u0131l 48 milyar dolara \u00e7\u0131karmay\u0131 hedeflediklerini s\u00f6yledi. T\u00fcrkiye M\u00fcteahhitler Birli\u011fi&#8217;nin program\u0131na kat\u0131lan Pekcan, &#8220;Avrupa&#8217;da yapt\u0131\u011f\u0131m\u0131z \u00e7e\u015fitli g\u00f6r\u00fc\u015fmelerde Afrika&#8217;ya T\u00fcrkler ile beraber a\u00e7\u0131lmaya onlar da haz\u0131r. Bu vesileyle hem Eximbank&#8217;\u0131n kaynaklar\u0131n\u0131 daha verimli kullanaca\u011f\u0131z hem sizin oralarda daha aktif ve daha verimli projeler alaca\u011f\u0131z&#8221; \u015feklinde konu\u015ftu.<\/p>\n<\/div>\n","protected":false},"excerpt":{"rendered":"<p>Ge\u00e7ti\u011fimiz g\u00fcn TBBM&#8217;de\u2019e sunulan teklif yasala\u015ft\u0131\u011f\u0131 taktirde, m\u00fcteahhit yeni i\u015fe ba\u015flarken mali g\u00fcc\u00fc ve i\u015f bitirmesine bak\u0131lacak. H\u00fck\u00fcmet, in\u015faat sekt\u00f6r\u00fcnde ya\u015fananlar sonras\u0131nda sekt\u00f6rde d\u00f6n\u00fc\u015f\u00fcm i\u00e7in d\u00fc\u011fmeye bast\u0131. Ge\u00e7ti\u011fimiz g\u00fcn Meclis&#8217;te sunulan kanun teklifi yasala\u015ft\u0131\u011f\u0131 taktirde m\u00fcteahhitlere \u00e7ekid\u00fczen verilecek. Buna g\u00f6re, m\u00fcteahhitler yeni projeye ba\u015flarken belli kriterler aranacak. Proje yapacak olan m\u00fcteahhidin mali g\u00fcc\u00fc ve i\u015f [&hellip;]<\/p>\n","protected":false},"author":1,"featured_media":20664,"comment_status":"open","ping_status":"open","sticky":false,"template":"","format":"standard","meta":{"ngg_post_thumbnail":0},"categories":[5388],"tags":[62,4213,1258,11359,12422],"_links":{"self":[{"href":"https:\/\/emlaktuel.com\/index.php?rest_route=\/wp\/v2\/posts\/25423"}],"collection":[{"href":"https:\/\/emlaktuel.com\/index.php?rest_route=\/wp\/v2\/posts"}],"about":[{"href":"https:\/\/emlaktuel.com\/index.php?rest_route=\/wp\/v2\/types\/post"}],"author":[{"embeddable":true,"href":"https:\/\/emlaktuel.com\/index.php?rest_route=\/wp\/v2\/users\/1"}],"replies":[{"embeddable":true,"href":"https:\/\/emlaktuel.com\/index.php?rest_route=%2Fwp%2Fv2%2Fcomments&post=25423"}],"version-history":[{"count":1,"href":"https:\/\/emlaktuel.com\/index.php?rest_route=\/wp\/v2\/posts\/25423\/revisions"}],"predecessor-version":[{"id":25424,"href":"https:\/\/emlaktuel.com\/index.php?rest_route=\/wp\/v2\/posts\/25423\/revisions\/25424"}],"wp:featuredmedia":[{"embeddable":true,"href":"https:\/\/emlaktuel.com\/index.php?rest_route=\/wp\/v2\/media\/20664"}],"wp:attachment":[{"href":"https:\/\/emlaktuel.com\/index.php?rest_route=%2Fwp%2Fv2%2Fmedia&parent=25423"}],"wp:term":[{"taxonomy":"category","embeddable":true,"href":"https:\/\/emlaktuel.com\/index.php?rest_route=%2Fwp%2Fv2%2Fcategories&post=25423"},{"taxonomy":"post_tag","embeddable":true,"href":"https:\/\/emlaktuel.com\/index.php?rest_route=%2Fwp%2Fv2%2Ftags&post=25423"}],"curies":[{"name":"wp","href":"https:\/\/api.w.org\/{rel}","templated":true}]}}