{"id":25331,"date":"2018-11-11T11:52:10","date_gmt":"2018-11-11T08:52:10","guid":{"rendered":"https:\/\/emlaktuel.com\/?p=25331"},"modified":"2018-11-11T12:37:12","modified_gmt":"2018-11-11T09:37:12","slug":"besiktas-futbol-takimi-teknik-kadrosu-sabah-maratonda-aksam-macta","status":"publish","type":"post","link":"https:\/\/emlaktuel.com\/?p=25331","title":{"rendered":"Be\u015fikta\u015f Futbol Tak\u0131m\u0131 Teknik Kadrosu sabah maratonda ak\u015fam ma\u00e7ta"},"content":{"rendered":"<p><a href=\"http:\/\/folkartvega.com\/?utm_source=Emlaktuel&amp;utm_medium=300x250&amp;utm_campaign=VegaYat\"><img loading=\"lazy\" class=\"aligncenter size-full wp-image-24996\" src=\"https:\/\/emlaktuel.com\/wp-content\/uploads\/2018\/10\/folkart_1.jpg\" alt=\"\" width=\"300\" height=\"250\" \/><\/a><\/p>\n<p>Be\u015fikta\u015f futbol tak\u0131m\u0131 teknik kadrosu bug\u00fcn yap\u0131lacak Vodafone 40. \u0130stanbul Maratonu\u2019nda yer alacak.<\/p>\n<p>Be\u015fikta\u015f Futbol Tak\u0131m\u0131 Teknik Kadrosundan Malzeme Sorumlusu Erdal Erdem 42K, Terc\u00fcman Arda Kabakl\u0131 42K, Yard\u0131mc\u0131 Antren\u00f6r Montana 42K ve Beslenme Uzman\u0131 M\u00fcge \u015eafak 10 K ko\u015facak. Dwon Sendromlu \u00e7ocuklar i\u00e7in Avrasya maratonunda ko\u015facaklar.<\/p>\n<p>Erdal Erdem 1903 \u00f6zel numara ile maratonda ko\u015facak.<\/p>\n<p>Be\u015fikta\u015f Kul\u00fcb\u00fc, yar\u0131\u015fa kat\u0131lacak teknik ekip i\u00e7in bir de klip haz\u0131rlad\u0131.<\/p>\n<p><img loading=\"lazy\" class=\"aligncenter size-full wp-image-25332\" src=\"https:\/\/emlaktuel.com\/wp-content\/uploads\/2018\/11\/6AFC9130-FB72-4E75-93CD-ABCBA5236BDD-169x300.jpg\" alt=\"\" width=\"169\" height=\"300\" \/><\/p>\n<p>KAYNAK: futbolmedya.com<\/p>\n","protected":false},"excerpt":{"rendered":"<p>Be\u015fikta\u015f futbol tak\u0131m\u0131 teknik kadrosu bug\u00fcn yap\u0131lacak Vodafone 40. \u0130stanbul Maratonu\u2019nda yer alacak. Be\u015fikta\u015f Futbol Tak\u0131m\u0131 Teknik Kadrosundan Malzeme Sorumlusu Erdal Erdem 42K, Terc\u00fcman Arda Kabakl\u0131 42K, Yard\u0131mc\u0131 Antren\u00f6r Montana 42K ve Beslenme Uzman\u0131 M\u00fcge \u015eafak 10 K ko\u015facak. Dwon Sendromlu \u00e7ocuklar i\u00e7in Avrasya maratonunda ko\u015facaklar. Erdal Erdem 1903 \u00f6zel numara ile maratonda ko\u015facak. Be\u015fikta\u015f [&hellip;]<\/p>\n","protected":false},"author":1,"featured_media":25333,"comment_status":"open","ping_status":"open","sticky":false,"template":"","format":"standard","meta":{"ngg_post_thumbnail":0},"categories":[5214],"tags":[12393],"_links":{"self":[{"href":"https:\/\/emlaktuel.com\/index.php?rest_route=\/wp\/v2\/posts\/25331"}],"collection":[{"href":"https:\/\/emlaktuel.com\/index.php?rest_route=\/wp\/v2\/posts"}],"about":[{"href":"https:\/\/emlaktuel.com\/index.php?rest_route=\/wp\/v2\/types\/post"}],"author":[{"embeddable":true,"href":"https:\/\/emlaktuel.com\/index.php?rest_route=\/wp\/v2\/users\/1"}],"replies":[{"embeddable":true,"href":"https:\/\/emlaktuel.com\/index.php?rest_route=%2Fwp%2Fv2%2Fcomments&post=25331"}],"version-history":[{"count":2,"href":"https:\/\/emlaktuel.com\/index.php?rest_route=\/wp\/v2\/posts\/25331\/revisions"}],"predecessor-version":[{"id":25346,"href":"https:\/\/emlaktuel.com\/index.php?rest_route=\/wp\/v2\/posts\/25331\/revisions\/25346"}],"wp:featuredmedia":[{"embeddable":true,"href":"https:\/\/emlaktuel.com\/index.php?rest_route=\/wp\/v2\/media\/25333"}],"wp:attachment":[{"href":"https:\/\/emlaktuel.com\/index.php?rest_route=%2Fwp%2Fv2%2Fmedia&parent=25331"}],"wp:term":[{"taxonomy":"category","embeddable":true,"href":"https:\/\/emlaktuel.com\/index.php?rest_route=%2Fwp%2Fv2%2Fcategories&post=25331"},{"taxonomy":"post_tag","embeddable":true,"href":"https:\/\/emlaktuel.com\/index.php?rest_route=%2Fwp%2Fv2%2Ftags&post=25331"}],"curies":[{"name":"wp","href":"https:\/\/api.w.org\/{rel}","templated":true}]}}