{"id":2523,"date":"2016-07-04T18:52:00","date_gmt":"2016-07-04T15:52:00","guid":{"rendered":"http:\/\/emlaktuel.com\/?p=2523"},"modified":"2018-07-05T14:12:08","modified_gmt":"2018-07-05T11:12:08","slug":"2523","status":"publish","type":"post","link":"https:\/\/emlaktuel.com\/?p=2523","title":{"rendered":""},"content":{"rendered":"<div>\n<div id=\"haberdetaybaslik\">\n<h1>\u0130\u015fte Galaxy Note 7&#8217;nin Tasar\u0131m\u0131!<\/h1>\n<h2>Galaxy Note 7 cephesinden s\u0131z\u0131nt\u0131lar gelmeye devam ediyor. Son yay\u0131nlanan bas\u0131n g\u00f6rselleri ile birlikte Galaxy Note 7&#8217;nin tasar\u0131m\u0131 tamamen ortaya \u00e7\u0131kt\u0131.<\/h2>\n<div>\n<div>\n<\/div>\n<\/div>\n<\/div>\n<\/div>\n<div>\n<div>\n<p><span style=\"color: #2e2e2e;\">Samsung\u2019un,\u00a0\u015f\u00fcphesiz y\u0131l\u0131n en fazla merak edilen telefonlar\u0131ndan birisi olan\u00a0<strong>Galaxy Note 7<\/strong>&#8216;yi a\u011fustos ay\u0131n\u0131n ortalar\u0131nda resmi olarak duyurmas\u0131\u00a0bekleniyor. Tasar\u0131msal y\u00f6n\u00fcnde \u00e7ok ciddi de\u011fi\u015fikliklerin olmas\u0131\u00a0beklenilmeyen\u00a0telefon, donan\u0131msal olarak olduk\u00e7a g\u00fc\u00e7l\u00fc bir yap\u0131da olacak.<br \/>\nGalaxy Note 7&#8217;nin, tan\u0131t\u0131m tarihine kadar yeni haberler ile g\u00fcndemde yerini koruyaca\u011f\u0131 kesin ancak, bug\u00fcn ortaya \u00e7\u0131kan g\u00f6r\u00fcnt\u00fcler telefonun tasar\u0131m\u0131n\u0131\u00a0tamamen g\u00f6zler \u00f6n\u00fcne serdi.<\/p>\n<p><strong>Galaxy Note 7 Tasar\u0131m\u0131<\/strong><\/p>\n<p>S\u0131z\u0131nt\u0131lar\u0131n\u0131n b\u00fcy\u00fck oranda do\u011fru \u00e7\u0131kmas\u0131yla mobil d\u00fcnyan\u0131n pop\u00fcler ve ayn\u0131 zamanda g\u00fcvenilir bilgi kayna\u011f\u0131 olarak g\u00f6r\u00fclen <strong>Evan Blass<\/strong>, Galaxy Note 7&#8217;nin 3 farkl\u0131 renkte\u00a0g\u00f6rsellerini yay\u0131nlad\u0131.<\/p>\n<p>G\u00f6rsellerin daha \u00f6nce Android<a href=\"http:\/\/shiftdelete.net\/android-uygulamalari\">\u00a0<\/a>Authority gibi siteler taraf\u0131ndan yay\u0131nlanan <strong>Galaxy Note 7 \u00e7izimleri<\/strong>\u00a0ile birebir benzerlik g\u00f6stermesi, cihaz\u0131n kar\u015f\u0131m\u0131za bu tasar\u0131mla \u00e7\u0131kaca\u011f\u0131n\u0131 do\u011fruluyor.<br \/>\nTelefonun ekran\u0131n\u0131n kavisli bir \u00f6zellikte Samsung&#8217;un Note 7 ile birlikte tamamen\u00a0<strong>kavisli yap\u0131ya ge\u00e7ece\u011fi<\/strong>\u00a0iddialar\u0131n\u0131 do\u011fruluyor. Tabi, Samsung resmi tan\u0131t\u0131m s\u0131ras\u0131nda normal ekrana sahip bir\u00a0Note 7 s\u00fcr\u00fcm\u00fc ile kar\u015f\u0131m\u0131za \u00e7\u0131kmazsa.<br \/>\n<strong>5.7 in\u00e7<\/strong>\u00a0b\u00fcy\u00fckl\u00fc\u011f\u00fcnde Quad HD \u00e7\u00f6z\u00fcn\u00fcrl\u00fckl\u00fc\u00a0<strong>Super AMOLED<\/strong>\u00a0ekran\u0131n yer alaca\u011f\u0131 Galaxy Note 7, g\u00fcc\u00fcn\u00fc 2.3GHz h\u0131z\u0131nda \u00e7al\u0131\u015fan Qualcomm<strong>Snapdragon 821<\/strong>\u00a0ve 2.7GHz\u2019de \u00e7al\u0131\u015fan\u00a0<strong>Exynos 8893<\/strong>\u00a0i\u015flemciden alacak.<\/span><\/p>\n<\/div>\n<\/div>\n","protected":false},"excerpt":{"rendered":"<p>\u0130\u015fte Galaxy Note 7&#8217;nin Tasar\u0131m\u0131! Galaxy Note 7 cephesinden s\u0131z\u0131nt\u0131lar gelmeye devam ediyor. Son yay\u0131nlanan bas\u0131n g\u00f6rselleri ile birlikte Galaxy Note 7&#8217;nin tasar\u0131m\u0131 tamamen ortaya \u00e7\u0131kt\u0131. Samsung\u2019un,\u00a0\u015f\u00fcphesiz y\u0131l\u0131n en fazla merak edilen telefonlar\u0131ndan birisi olan\u00a0Galaxy Note 7&#8216;yi a\u011fustos ay\u0131n\u0131n ortalar\u0131nda resmi olarak duyurmas\u0131\u00a0bekleniyor. Tasar\u0131msal y\u00f6n\u00fcnde \u00e7ok ciddi de\u011fi\u015fikliklerin olmas\u0131\u00a0beklenilmeyen\u00a0telefon, donan\u0131msal olarak olduk\u00e7a g\u00fc\u00e7l\u00fc bir yap\u0131da [&hellip;]<\/p>\n","protected":false},"author":1,"featured_media":2524,"comment_status":"open","ping_status":"open","sticky":false,"template":"","format":"standard","meta":{"ngg_post_thumbnail":0},"categories":[97],"tags":[11393,258,1501,1505,11111,11245,1503,1500,1502,1504,11211],"_links":{"self":[{"href":"https:\/\/emlaktuel.com\/index.php?rest_route=\/wp\/v2\/posts\/2523"}],"collection":[{"href":"https:\/\/emlaktuel.com\/index.php?rest_route=\/wp\/v2\/posts"}],"about":[{"href":"https:\/\/emlaktuel.com\/index.php?rest_route=\/wp\/v2\/types\/post"}],"author":[{"embeddable":true,"href":"https:\/\/emlaktuel.com\/index.php?rest_route=\/wp\/v2\/users\/1"}],"replies":[{"embeddable":true,"href":"https:\/\/emlaktuel.com\/index.php?rest_route=%2Fwp%2Fv2%2Fcomments&post=2523"}],"version-history":[{"count":1,"href":"https:\/\/emlaktuel.com\/index.php?rest_route=\/wp\/v2\/posts\/2523\/revisions"}],"predecessor-version":[{"id":2525,"href":"https:\/\/emlaktuel.com\/index.php?rest_route=\/wp\/v2\/posts\/2523\/revisions\/2525"}],"wp:featuredmedia":[{"embeddable":true,"href":"https:\/\/emlaktuel.com\/index.php?rest_route=\/wp\/v2\/media\/2524"}],"wp:attachment":[{"href":"https:\/\/emlaktuel.com\/index.php?rest_route=%2Fwp%2Fv2%2Fmedia&parent=2523"}],"wp:term":[{"taxonomy":"category","embeddable":true,"href":"https:\/\/emlaktuel.com\/index.php?rest_route=%2Fwp%2Fv2%2Fcategories&post=2523"},{"taxonomy":"post_tag","embeddable":true,"href":"https:\/\/emlaktuel.com\/index.php?rest_route=%2Fwp%2Fv2%2Ftags&post=2523"}],"curies":[{"name":"wp","href":"https:\/\/api.w.org\/{rel}","templated":true}]}}