{"id":25210,"date":"2018-11-05T11:15:35","date_gmt":"2018-11-05T08:15:35","guid":{"rendered":"https:\/\/emlaktuel.com\/?p=25210"},"modified":"2018-11-05T11:15:35","modified_gmt":"2018-11-05T08:15:35","slug":"istanbulun-ve-turkiyenin-ilk-kapsamli-bilim-merkezi-uskudarda-acildi","status":"publish","type":"post","link":"https:\/\/emlaktuel.com\/?p=25210","title":{"rendered":"\u0130stanbul&#8217;un ve T\u00fcrkiye&#8217;nin ilk kapsaml\u0131 bilim merkezi \u00dcsk\u00fcdar&#8217;da a\u00e7\u0131ld\u0131"},"content":{"rendered":"<p><a href=\"http:\/\/folkartvega.com\/?utm_source=Emlaktuel&amp;utm_medium=300x250&amp;utm_campaign=VegaLok\"><img loading=\"lazy\" class=\"aligncenter size-full wp-image-24996\" src=\"https:\/\/emlaktuel.com\/wp-content\/uploads\/2018\/10\/folkart_1.jpg\" alt=\"\" width=\"300\" height=\"250\" \/><\/a><\/p>\n<p><strong>\u00dcsk\u00fcdar Belediyesi, T\u00fcrkiye Teknoloji Tak\u0131m\u0131 Vakf\u0131 ve T\u00fcbitak taraf\u0131ndan bilim ve teknolojiyi herkes i\u00e7in anla\u015f\u0131l\u0131r ve ula\u015f\u0131l\u0131r bir hale getirmek amac\u0131yla kurulan T\u00fcrkiye\u2019nin en kapsaml\u0131 bilim ve planetaryum merkezi, \u00dcsk\u00fcdar Bilim Merkezi, Sanayi ve Teknoloji Bakan\u0131 Mustafa Varank taraf\u0131ndan a\u00e7\u0131ld\u0131. T\u00fcrkiye Teknoloji Tak\u0131m\u0131 Vakf\u0131 ve T\u00fcbitak\u2019\u0131n \u00e7al\u0131\u015fmalar\u0131yla hayat bulan \u00dcsk\u00fcdar Bilim Merkezi\u2019nde Bakan Varank, aralar\u0131nda \u00f6zel yetenekli \u00e7ocuklar\u0131n da oldu\u011fu \u00e7ok say\u0131da \u00f6\u011frenci ile bir araya geldi. A\u00e7\u0131l\u0131\u015fta, gezegen ve y\u0131ld\u0131zlar\u0131n yapay g\u00f6r\u00fcnt\u00fcs\u00fcn\u00fcn yans\u0131t\u0131ld\u0131\u011f\u0131 14 metre \u00e7ap\u0131ndaki T\u00fcrkiye\u2019nin en b\u00fcy\u00fck kubbesi de tan\u0131t\u0131ld\u0131.<\/strong><\/p>\n<p><strong>Sanayi ve Teknoloji Bakan\u0131 Mustafa Varank: \u201c<\/strong>S\u00fcrekli ele\u015ftirilen ezbere dayal\u0131 e\u011fitim y\u00f6ntemini ortadan kald\u0131racak en etkili ara\u00e7lardan biri de bu merkezlerimizdir. Bakanl\u0131\u011f\u0131m\u0131z\u0131n bu alandaki hedefi, \u00e7ocuklar\u0131m\u0131za bilimi sevdirmek ve bu yolla \u00e7ocuklar\u0131m\u0131za giri\u015fimcilik ruhu kazand\u0131rmakt\u0131r.<strong>\u201d<\/strong><\/p>\n<p><strong>\u00dcsk\u00fcdar Belediye Ba\u015fkan\u0131 Hilmi T\u00fcrkmen: \u201c<\/strong>Amac\u0131m\u0131z d\u00fcnyay\u0131 tan\u0131yan, bilimsel bilgi \u00fcreten teknolojiye hakim, T\u00fcrkiye i\u00e7in gelece\u011fimiz i\u00e7in yeniliklere imza atacak bireyler ve nesiller yeti\u015ftirmek. \u00dcsk\u00fcdar Bilim Merkezimizde i\u015fte bunu ba\u015faraca\u011f\u0131m\u0131za y\u00fcrekten inan\u0131yorum.\u2019<strong>\u2019<\/strong><\/p>\n<p><strong>T\u00fcrkiye Teknoloji Tak\u0131m\u0131 Vakf\u0131 M\u00fctevelli Heyeti Ba\u015fkan\u0131 Sel\u00e7uk Bayraktar:\u00a0<\/strong>Bilim Merkezi tamamland\u0131\u011f\u0131nda Finans, Otomotiv, Robotik, \u0130leti\u015fim, Do\u011fa Bilimleri, Enerji, T\u0131p Teknolojileri, Havac\u0131l\u0131k ve Uzay Sergi Galerisinin de yer alaca\u011f\u0131 kompleks, alan\u0131nda bu kapsamda bir ilk olup,g\u00f6zde Bilim merkezlerinden biri olarak faaliyetini s\u00fcrd\u00fcrecektir. \u00dclkemizin m\u00fcreffeh ve ba\u011f\u0131ms\u0131z olma yolundaki Milli Teknoloji Hamlesi hedefleri kapsam\u0131nday\u00fcksek teknolojiyi sadece \u00fcreten de\u011fil hayal eden,ara\u015ft\u0131ran,geli\u015ftiren ve \u00fcreten bir topluma d\u00f6n\u00fc\u015fmesi yolundaki \u00f6nemli k\u00f6\u015fe ta\u015flar\u0131ndan biri olaca\u011f\u0131n\u0131 de\u011ferlendirdi\u011fimiz bu \u00f6nemli merkezinbir payda\u015f\u0131 olmak ve bug\u00fcn ilk faz\u0131n\u0131n a\u00e7\u0131l\u0131\u015f\u0131na \u015fahit olmak bizim i\u00e7in \u00f6nemli bir gurur ve mutluluk vesilesi..\u2019\u2019<\/p>\n<p><strong>\u00dcsk\u00fcdar Belediyesi, T\u00fcrkiye Teknoloji Tak\u0131m\u0131 Vakf\u0131<\/strong>\u00a0ve\u00a0<strong>T\u00fcbitak<\/strong>\u2019\u0131n i\u015fbirli\u011fi ile kap\u0131lar\u0131n\u0131 \u00e7ocuk ve gen\u00e7lere a\u00e7an \u00dcsk\u00fcdar Bilim Merkezi\u2019nin 1. faz\u0131 Sanayi ve Teknoloji Bakan\u0131 Mustafa Varank taraf\u0131ndan a\u00e7\u0131ld\u0131. \u00dcsk\u00fcdar Belediye Ba\u015fkan\u0131 Hilmi T\u00fcrkmen\u2019in ev sahipli\u011finde ger\u00e7ekle\u015fen a\u00e7\u0131l\u0131\u015fta Bakan Varank\u2019\u0131, aralar\u0131nda \u00f6zel yetenekli \u00e7ocuklar\u0131n da bulundu\u011fu y\u00fczlerce \u00f6\u011frenci kar\u015f\u0131lad\u0131. Farkl\u0131 ya\u015f gruplar\u0131ndan farkl\u0131 birikime sahip bireyleri bilimle bulu\u015fturarak, bilim ve teknolojiyi toplum i\u00e7in anla\u015f\u0131l\u0131r ve ula\u015f\u0131l\u0131r bir hale getirme amac\u0131yla kurulan \u00dcsk\u00fcdar Bilim Merkezi\u2019nin a\u00e7\u0131l\u0131\u015f\u0131nda konu\u015fan\u00a0<strong>Sanayi ve Teknoloji Bakan\u0131 Mustafa Varank,<\/strong>\u00a0bilgiyi elinde tutan toplumlar\u0131n bug\u00fcne ve yar\u0131na y\u00f6n verdi\u011fini s\u00f6yledi:<\/p>\n<p>\u2018\u2019Bilgiyi elinde tutan toplumlar\u0131n, \u00e7a\u011fa y\u00f6n verdi\u011fi bir zamanda ya\u015f\u0131yoruz. Ekonomi ve siyaset ba\u015fta olmak \u00fczere bir\u00e7ok alanda \u00f6nde olan toplumlar, bunu sahip olduklar\u0131 bilgiye ve bilimsel kapasitelerine bor\u00e7ludurlar. Elbette ki, bilim ve teknik as\u0131rlar boyu t\u00fcm insanl\u0131\u011f\u0131n birikimleriyle bug\u00fcnk\u00fc halini ald\u0131. Miras\u00e7\u0131s\u0131 olmakla gurur duydu\u011fumuz medeniyetimiz; t\u0131pta, astronomide, matematikte ve daha bir\u00e7ok alanda bilim miras\u0131na \u00e7ok \u00f6nemli katk\u0131larda bulunmu\u015ftur. Ancak biz sadece \u00f6v\u00fcnmekle yetinemeyiz. Bilimi ve teknolojiyi ithal eden, taklit eden bir toplum olmak bize yak\u0131\u015fmaz. Unutmay\u0131n bilim, ayn\u0131 zamanda bir yar\u0131\u015ft\u0131r. Uzay yar\u0131\u015f\u0131 olmasayd\u0131 belki de aya insan g\u00f6nderilmesi m\u00fcmk\u00fcn olmayacakt\u0131. Bu yar\u0131\u015f bug\u00fcn daha da h\u0131zland\u0131. Biz de millet olarak sonuna kadar bu yar\u0131\u015f\u0131n i\u00e7inde olaca\u011f\u0131z. Bu bizim hem tarihi hem de gelece\u011fe kar\u015f\u0131 sorumlulu\u011fumuzdur.\u2019\u2019<\/p>\n<p>\u201cMilli Teknoloji Hamlesini ger\u00e7ekle\u015ftirmenin yolu bilimin toplum taraf\u0131ndan \u00f6z\u00fcmsenmesi ve sevilmesi ile m\u00fcmk\u00fcnd\u00fcr\u201d diyen Sanayi ve Teknoloji Bakan\u0131 Mustafa Varank, s\u00f6zlerini \u015f\u00f6yle s\u00fcrd\u00fcrd\u00fc:<\/p>\n<p>\u2018\u2019Bu hamleyi ger\u00e7ekle\u015ftirmenin yolu da Bilimin toplum taraf\u0131ndan \u00f6z\u00fcmsenmesi ve sevilmesiyle m\u00fcmk\u00fcnd\u00fcr. \u0130\u015fte bu bilin\u00e7le Sanayi ve Teknoloji Bakanl\u0131\u011f\u0131 olarak bilimin ve tekni\u011fin 7\u2019den 70\u2019e sevilmesi, ya\u015fanmas\u0131 ve payla\u015f\u0131lmas\u0131 i\u00e7in gayret ediyoruz. T\u00dcB\u0130TAK bu a\u00e7\u0131dan \u00e7ok de\u011ferli \u00e7al\u0131\u015fmalar y\u00fcr\u00fct\u00fcyor. \u0130\u015fte Bilim Merkezlerimiz bu de\u011ferli \u00e7al\u0131\u015fmalar aras\u0131nda en \u00e7ok \u00f6nemsediklerimizden birisidir. Bug\u00fcne kadar 5 bilim merkezimizi tamamlad\u0131k. Konya Bilim Merkezinin ziyaret\u00e7i say\u0131s\u0131 bir milyonu a\u015ft\u0131. Kocaeli ve Bursa Bilim Merkezleri\u2019nin y\u0131ll\u0131k ziyaret\u00e7i say\u0131lar\u0131 bir milyona yakla\u015ft\u0131. Kayseri ve Elaz\u0131\u011f Bilim Merkezleri\u2019nin ziyaret\u00e7i say\u0131lar\u0131 da g\u00fcn ge\u00e7tik\u00e7e art\u0131yor. Bu say\u0131lar ne kadar do\u011fru bir i\u015f yapt\u0131\u011f\u0131m\u0131z\u0131n g\u00f6stergesi. Gen\u00e7lerimizin, \u00e7ocuklar\u0131m\u0131z\u0131n ve ailelerimizin bilim merkezlerine olan ilgisi, bu konudaki heyecan\u0131m\u0131z\u0131 daha da art\u0131r\u0131yor.\u2019\u2019<\/p>\n<p>\u00dcsk\u00fcdar Bilim Merkezi\u2019nin T\u00fcrkiye\u2019deki 6. merkez oldu\u011funun alt\u0131n\u0131 \u00e7izen Sanayi ve Teknoloji Bakan\u0131 Varank, \u00e7ocuk ve gen\u00e7lere seslendi:<\/p>\n<p><strong>\u201c\u00a0<\/strong>Gelecek, bilime ayak uydurup onu ke\u015ffedenlerin olacak. Bilim merkezleri fikri, en verimli \u00f6\u011frenmenin aktif \u015fekilde g\u00f6zlem yaparak, dokunarak, g\u00f6rerek, i\u015fiterek, deneyerek ve soru sorarak ger\u00e7ekle\u015fti\u011fi ger\u00e7e\u011fine dayanmaktad\u0131r. Bir bilim merkezindeki sergiler ile bilime adeta dokunabiliyoruz. Bir sergide robotlar\u0131, di\u011ferinde hayat\u0131n kayna\u011f\u0131 suyu, bir di\u011ferindeyse astronomiyi g\u00f6zlemleyerek \u00f6\u011freniyoruz. Bilim merkezleri, gen\u00e7lerimize ve \u00e7ocuklar\u0131m\u0131za bilim ve teknolojiyle ilgili bir\u00e7ok deney \u00fcnitesi sunarak, okul d\u0131\u015f\u0131nda da olduk\u00e7a farkl\u0131 bir deneyim kazand\u0131r\u0131yor. \u0130\u015fte s\u00fcrekli ele\u015ftirilen ezbere dayal\u0131 e\u011fitim y\u00f6ntemini ortadan kald\u0131racak en etkili ara\u00e7lardan biri de bu merkezlerimizdir. Bakanl\u0131\u011f\u0131m\u0131z\u0131n bu alandaki hedefi, \u00e7ocuklar\u0131m\u0131za bilimi sevdirmek ve bu yolla \u00e7ocuklar\u0131m\u0131za giri\u015fimcilik ruhu kazand\u0131rmakt\u0131r.<strong>\u201d<\/strong><\/p>\n<p><strong>\u00dcsk\u00fcdar Belediye Ba\u015fkan\u0131 Hilmi T\u00fcrkmen<\/strong>\u00a0ise konu\u015fmas\u0131nda, Bilim Merkezi\u2019nin gelece\u011fin bilim insan\u0131n\u0131n yeti\u015fmesinde b\u00fcy\u00fck katk\u0131s\u0131 olaca\u011f\u0131na inand\u0131\u011f\u0131n\u0131 s\u00f6yledi: \u2018\u2019Say\u0131n Cumhurba\u015fkan\u0131m\u0131z Recep Tayyip Erdo\u011fan\u2019\u0131n hem Ba\u015fbakanl\u0131\u011f\u0131 hem de Cumhurba\u015fkanl\u0131\u011f\u0131 d\u00f6neminde bilim ve teknoloji konusunda in\u015fa etti\u011fi bir vizyon var. Milletimiz ve devletimiz de bu vizyonu benimsedi. Biz de \u00dcsk\u00fcdar Belediyesi olarak bu vizyona g\u00f6n\u00fclden ba\u011fl\u0131y\u0131z. Hem bilimsel \u00e7al\u0131\u015fmalar\u0131 te\u015fvik edecek tesisler kuruyoruz. Hem de e\u011fitim merkezlerimizde bilimin ve teknolojinin \u00f6nemini vurgulayan bir m\u00fcfredat\u0131m\u0131z var. Belediyecilik hizmetlerimizi de yine bilimsel \u00e7al\u0131\u015fmalar \u0131\u015f\u0131\u011f\u0131nda ger\u00e7ekle\u015ftiriyoruz. Herkesin, ama \u00f6zellikle gen\u00e7lerin bilime ve teknolojiye eri\u015fimini kolayla\u015ft\u0131rmak i\u00e7in \u00e7al\u0131\u015f\u0131yoruz..\u2019\u2019<\/p>\n<p>A\u00e7\u0131l\u0131\u015fta konu\u015fan<strong>\u00a0T\u00fcrkiye Teknoloji Tak\u0131m\u0131 Vakf\u0131 M\u00fctevelli Heyeti Ba\u015fkan\u0131 Sel\u00e7uk Bayraktar<\/strong>\u00a0ise, \u2018\u2019Bilim Merkezi tamamland\u0131\u011f\u0131nda Finans, Otomotiv, Robotik, \u0130leti\u015fim, Do\u011fa Bilimleri, Enerji, T\u0131p Teknolojileri, Havac\u0131l\u0131k ve Uzay Sergi Galerisinin de yer alaca\u011f\u0131 kompleks, alan\u0131nda bu kapsamda bir ilk olup,g\u00f6zde Bilim merkezlerinden biri olarak faaliyetini s\u00fcrd\u00fcrecektir. \u00dclkemizin m\u00fcreffeh ve ba\u011f\u0131ms\u0131z olma yolundaki Milli Teknoloji Hamlesi hedefleri kapsam\u0131nda y\u00fcksek teknolojiyi sadece \u00fcreten de\u011fil hayal eden,ara\u015ft\u0131ran,geli\u015ftiren ve \u00fcreten bir topluma d\u00f6n\u00fc\u015fmesi yolundaki \u00f6nemli k\u00f6\u015fe ta\u015flar\u0131ndan biri olaca\u011f\u0131n\u0131 de\u011ferlendirdi\u011fimiz bu \u00f6nemli merkezin bir payda\u015f\u0131 olmak ve bug\u00fcn ilk faz\u0131n\u0131n a\u00e7\u0131l\u0131\u015f\u0131na \u015fahit olmak bizim i\u00e7in \u00f6nemli bir gurur ve mutluluk vesilesi\u2019\u2019 diye konu\u015ftu..<\/p>\n","protected":false},"excerpt":{"rendered":"<p>\u00dcsk\u00fcdar Belediyesi, T\u00fcrkiye Teknoloji Tak\u0131m\u0131 Vakf\u0131 ve T\u00fcbitak taraf\u0131ndan bilim ve teknolojiyi herkes i\u00e7in anla\u015f\u0131l\u0131r ve ula\u015f\u0131l\u0131r bir hale getirmek amac\u0131yla kurulan T\u00fcrkiye\u2019nin en kapsaml\u0131 bilim ve planetaryum merkezi, \u00dcsk\u00fcdar Bilim Merkezi, Sanayi ve Teknoloji Bakan\u0131 Mustafa Varank taraf\u0131ndan a\u00e7\u0131ld\u0131. T\u00fcrkiye Teknoloji Tak\u0131m\u0131 Vakf\u0131 ve T\u00fcbitak\u2019\u0131n \u00e7al\u0131\u015fmalar\u0131yla hayat bulan \u00dcsk\u00fcdar Bilim Merkezi\u2019nde Bakan Varank, aralar\u0131nda [&hellip;]<\/p>\n","protected":false},"author":1,"featured_media":0,"comment_status":"open","ping_status":"open","sticky":false,"template":"","format":"standard","meta":{"ngg_post_thumbnail":0},"categories":[1],"tags":[],"_links":{"self":[{"href":"https:\/\/emlaktuel.com\/index.php?rest_route=\/wp\/v2\/posts\/25210"}],"collection":[{"href":"https:\/\/emlaktuel.com\/index.php?rest_route=\/wp\/v2\/posts"}],"about":[{"href":"https:\/\/emlaktuel.com\/index.php?rest_route=\/wp\/v2\/types\/post"}],"author":[{"embeddable":true,"href":"https:\/\/emlaktuel.com\/index.php?rest_route=\/wp\/v2\/users\/1"}],"replies":[{"embeddable":true,"href":"https:\/\/emlaktuel.com\/index.php?rest_route=%2Fwp%2Fv2%2Fcomments&post=25210"}],"version-history":[{"count":1,"href":"https:\/\/emlaktuel.com\/index.php?rest_route=\/wp\/v2\/posts\/25210\/revisions"}],"predecessor-version":[{"id":25211,"href":"https:\/\/emlaktuel.com\/index.php?rest_route=\/wp\/v2\/posts\/25210\/revisions\/25211"}],"wp:attachment":[{"href":"https:\/\/emlaktuel.com\/index.php?rest_route=%2Fwp%2Fv2%2Fmedia&parent=25210"}],"wp:term":[{"taxonomy":"category","embeddable":true,"href":"https:\/\/emlaktuel.com\/index.php?rest_route=%2Fwp%2Fv2%2Fcategories&post=25210"},{"taxonomy":"post_tag","embeddable":true,"href":"https:\/\/emlaktuel.com\/index.php?rest_route=%2Fwp%2Fv2%2Ftags&post=25210"}],"curies":[{"name":"wp","href":"https:\/\/api.w.org\/{rel}","templated":true}]}}