{"id":25195,"date":"2018-11-04T12:28:04","date_gmt":"2018-11-04T09:28:04","guid":{"rendered":"https:\/\/emlaktuel.com\/?p=25195"},"modified":"2018-11-04T12:28:04","modified_gmt":"2018-11-04T09:28:04","slug":"insaat-sektorunde-konut-stoklarini-eritecek-paket-geliyor","status":"publish","type":"post","link":"https:\/\/emlaktuel.com\/?p=25195","title":{"rendered":"\u0130n\u015faat sekt\u00f6r\u00fcnde konut stoklar\u0131n\u0131 eritecek paket geliyor"},"content":{"rendered":"<p><strong>\u0130n\u015faat sekt\u00f6r\u00fc<\/strong>nde son aylarda ya\u015fanan ekonomik dalgalanmalar sonucunda olu\u015fan konut stoklar\u0131n\u0131 eritmeye y\u00f6nelik \u00e7\u00f6z\u00fcm i\u00e7in haz\u0131rlanan H\u00fck\u00fcmet, ekonomimizin lokomotif sekt\u00f6rlerinden olan in\u015faat sekt\u00f6r\u00fcne yeni bir paket a\u00e7\u0131klamaya haz\u0131rlan\u0131yor.<\/p>\n<p>\u0130n\u015faat gayrimenkul sekt\u00f6r\u00fcnde \u00e7at\u0131 kurulu\u015flar\u0131n y\u00f6neticileri ve \u00f6nde gelen isimleri <strong>Hazine ve Maliye Bakan\u0131 Berat Albayrak<\/strong> ile bir araya gelerek in\u015faat sekt\u00f6rler\u00fcn\u00fc problemlerini ele alarak \u00e7\u00f6z\u00fcm yollar\u0131 i\u00e7in al\u0131nmas\u0131 gereken \u00f6nlemleri konu\u015ftular.<\/p>\n<p>Sabah Gazetesi&#8217;den emlak muhabiri Seda Tabak\u2019\u0131n bug\u00fcnki gazetede \u00e7\u0131kan haberine g\u00f6re bu konu hakk\u0131nda \u00e7al\u0131\u015fmalar\u0131n devam etti\u011fi yeni bir paket H\u00fck\u00fcmet taraf\u0131ndan bu ay i\u00e7inde tamamlatt\u0131r\u0131larak devreye sokulacak.<\/p>\n<p>Yay\u0131nlanan haberde olu\u015fan konut stoklar\u0131n\u0131 eritmek i\u00e7in bir varl\u0131k havuzunun olu\u015fturularak Emlakbank\u2019a devredilece\u011fi ve bu fon \u00fczerinden stoklar\u0131n sukuk ya da tahvil yoluyla menkul hale getirilerek sat\u0131lmas\u0131 planland\u0131\u011f\u0131na yer veriliyor.<\/p>\n<p>Toplant\u0131da gayrimenkullerin \u00e7e\u015fitli kampanyalarla konut al\u0131c\u0131lar\u0131na sat\u0131labilmesi, yurtd\u0131\u015f\u0131nda gayrimenkul sekt\u00f6r\u00fcne y\u00f6nelik tan\u0131t\u0131m ofislerinin a\u00e7\u0131lmas\u0131 ve orta gelirlilere y\u00f6nelik konut \u00fcretilmesini sa\u011flayacak projeler geli\u015ftirilmesi de ele al\u0131nd\u0131. T\u00fcrkiye\u2019de olu\u015fan sat\u0131lmay\u0131 bekleyen konut say\u0131s\u0131n\u0131n 800 bin konut stoku oldu\u011fu s\u00f6yleniyor.<\/p>\n<h2><strong>Sekt\u00f6r temsilcileri toplant\u0131n\u0131n \u00e7ok faydal\u0131 ge\u00e7ti\u011fini belirttiler<\/strong><\/h2>\n<p>Hazine ve Maliye Bakan\u0131 Berat Albayrak\u2019\u0131n in\u015faat sekt\u00f6r\u00fc ile ilgili meselelere \u00e7ok hakim oldu\u011funu dile getiren <strong>KONUTDER<\/strong> Ba\u015fkan\u0131 Altan Elmas kendisinin sekt\u00f6re deste\u011finin tam oldu\u011funu belirterek in\u015faat\u00e7\u0131lar olarak kendilerinin de enflasyonla m\u00fccadele program\u0131na destek vermeye devam edece\u011fini s\u00f6yledi.<\/p>\n<p>\u0130stanbul\u00a0Finans Merkezi\u2019nde in\u015faat \u00e7al\u0131\u015fmalar\u0131n\u0131n devam etti\u011fini belirten <strong>GYODER<\/strong> Ba\u015fkan\u0131 Do\u00e7. Dr. Feyzullah Yetgin de Bakan Berat Albayrak\u2019a\u00a0finans merkezindeki \u00e7al\u0131\u015fmalar hakk\u0131nda da bilgi verdiklerini, s\u00f6yledi. Toplant\u0131ya kat\u0131lan in\u015faat sekt\u00f6r\u00fc temsilcileri, Bakan Albayrak ile yap\u0131lan toplant\u0131n\u0131n \u00e7ok faydal\u0131 ge\u00e7ti\u011fini bildirdiler.<\/p>\n<h2><strong>Sekt\u00f6r i\u00e7in hedef pazarlarda sat\u0131\u015f ve tan\u0131t\u0131m ofisleri kurulacak<\/strong><\/h2>\n<p>Sekt\u00f6r\u00fcn stok sorunu i\u00e7in yap\u0131lan\u00a0 toplant\u0131da\u00a0K\u00f6rfez \u00fclkeleri, Irak, \u0130ran ve T\u00fcrk Cumhuriyetleri gibi yo\u011fun sat\u0131\u015flar\u0131n oldu\u011fu \u00fclkelerde ve Avrupa\u2019da ya\u015fayan T\u00fcrkler\u2019e y\u00f6nelik tan\u0131t\u0131m \u00e7al\u0131\u015fmalar\u0131 d\u00fczenlenmesi, hedef pazarlarda sat\u0131\u015f ofislerinin a\u00e7\u0131lmas\u0131 konular\u0131 da konu\u015fuldu.<\/p>\n<p>Gayrimenkul sekt\u00f6r\u00fcn\u00fcn \u00f6nde gelen temsilciliklerinin T\u00fcrkiye\u2019deki yat\u0131r\u0131m avantajlar\u0131n\u0131 anlatmak ve \u00f6zellikle hedef pazarlarda \u00fclkeyi tan\u0131tmak i\u00e7in yapaca\u011f\u0131 organizasyonlara h\u00fck\u00fcmetin destek verece\u011fi belirtilerek haz\u0131rlanan pakete in\u015faat sekt\u00f6r\u00fcn\u00fcn yabanc\u0131ya ve yurtd\u0131\u015f\u0131nda ya\u015fayan T\u00fcrk vatanda\u015flar\u0131na y\u00f6nelik konut sat\u0131\u015f\u0131n\u0131 y\u0131ll\u0131k 10 milyar dolar\u0131n \u00fczerine \u00e7\u0131karmas\u0131 i\u00e7in yap\u0131lacak \u00e7al\u0131\u015fmalar da eklenecek.<\/p>\n<p>Bu ay tamamlanarak devreye al\u0131nmas\u0131 d\u00fc\u015f\u00fcn\u00fclen bu\u00a0 pakette orta gelirli kesimin de konut almalar\u0131n\u0131 kolayla\u015ft\u0131racak ad\u0131mlar yer alacak.<\/p>\n<div class=\"td-a-rec td-a-rec-id-content_bottom  td_uid_3_5bdeb445c7c5e_rand td_block_template_1\">\n<div id=\"wpcf7-f167807-p212140-o1\" class=\"wpcf7\" dir=\"ltr\" lang=\"tr-TR\" role=\"form\"><\/div>\n<\/div>\n","protected":false},"excerpt":{"rendered":"<p>\u0130n\u015faat sekt\u00f6r\u00fcnde son aylarda ya\u015fanan ekonomik dalgalanmalar sonucunda olu\u015fan konut stoklar\u0131n\u0131 eritmeye y\u00f6nelik \u00e7\u00f6z\u00fcm i\u00e7in haz\u0131rlanan H\u00fck\u00fcmet, ekonomimizin lokomotif sekt\u00f6rlerinden olan in\u015faat sekt\u00f6r\u00fcne yeni bir paket a\u00e7\u0131klamaya haz\u0131rlan\u0131yor. \u0130n\u015faat gayrimenkul sekt\u00f6r\u00fcnde \u00e7at\u0131 kurulu\u015flar\u0131n y\u00f6neticileri ve \u00f6nde gelen isimleri Hazine ve Maliye Bakan\u0131 Berat Albayrak ile bir araya gelerek in\u015faat sekt\u00f6rler\u00fcn\u00fc problemlerini ele alarak \u00e7\u00f6z\u00fcm yollar\u0131 [&hellip;]<\/p>\n","protected":false},"author":1,"featured_media":25196,"comment_status":"open","ping_status":"open","sticky":false,"template":"","format":"standard","meta":{"ngg_post_thumbnail":0},"categories":[5388],"tags":[11767,2241,1258,2355],"_links":{"self":[{"href":"https:\/\/emlaktuel.com\/index.php?rest_route=\/wp\/v2\/posts\/25195"}],"collection":[{"href":"https:\/\/emlaktuel.com\/index.php?rest_route=\/wp\/v2\/posts"}],"about":[{"href":"https:\/\/emlaktuel.com\/index.php?rest_route=\/wp\/v2\/types\/post"}],"author":[{"embeddable":true,"href":"https:\/\/emlaktuel.com\/index.php?rest_route=\/wp\/v2\/users\/1"}],"replies":[{"embeddable":true,"href":"https:\/\/emlaktuel.com\/index.php?rest_route=%2Fwp%2Fv2%2Fcomments&post=25195"}],"version-history":[{"count":1,"href":"https:\/\/emlaktuel.com\/index.php?rest_route=\/wp\/v2\/posts\/25195\/revisions"}],"predecessor-version":[{"id":25197,"href":"https:\/\/emlaktuel.com\/index.php?rest_route=\/wp\/v2\/posts\/25195\/revisions\/25197"}],"wp:featuredmedia":[{"embeddable":true,"href":"https:\/\/emlaktuel.com\/index.php?rest_route=\/wp\/v2\/media\/25196"}],"wp:attachment":[{"href":"https:\/\/emlaktuel.com\/index.php?rest_route=%2Fwp%2Fv2%2Fmedia&parent=25195"}],"wp:term":[{"taxonomy":"category","embeddable":true,"href":"https:\/\/emlaktuel.com\/index.php?rest_route=%2Fwp%2Fv2%2Fcategories&post=25195"},{"taxonomy":"post_tag","embeddable":true,"href":"https:\/\/emlaktuel.com\/index.php?rest_route=%2Fwp%2Fv2%2Ftags&post=25195"}],"curies":[{"name":"wp","href":"https:\/\/api.w.org\/{rel}","templated":true}]}}