{"id":25189,"date":"2018-11-03T17:02:47","date_gmt":"2018-11-03T14:02:47","guid":{"rendered":"https:\/\/emlaktuel.com\/?p=25189"},"modified":"2018-11-03T17:02:47","modified_gmt":"2018-11-03T14:02:47","slug":"gist-park-projesi","status":"publish","type":"post","link":"https:\/\/emlaktuel.com\/?p=25189","title":{"rendered":"Gist Park Projesi"},"content":{"rendered":"<p>\u0130stanbul&#8217;da hayata ge\u00e7en <strong>Gist Park nerede<\/strong>, kim yap\u0131yor?<\/p>\n<p>\u0130stanbul Avrupa Yakas\u0131nda Esenyurt il\u00e7esinde Turgut \u00d6zal mahallesi Saadetdere mevkiinde 3 bin 223 metrekarelik arsada y\u00fckselen proje 14 bin 500 metrekarelik in\u015faat alan\u0131 \u00fczerinde Gist Gayrimenkul taraf\u0131ndan hayata ge\u00e7irilen ve ya\u015fam\u0131n ba\u015flad\u0131\u011f\u0131 <strong>Gist Park projesi<\/strong> 7 katl\u0131 3 bloktan olu\u015fuyor.<\/p>\n<h2><strong>Gist Park projesinde kat planlar\u0131 ve sosyal alanlar<\/strong><\/h2>\n<p>Projede konutlar\u0131n br\u00fct alanlar\u0131 52 ile 133 metrekare aras\u0131nda de\u011fi\u015fiyor. 1+1, 2+1 ve 3+1 kat planlar\u0131nda 99 daire ve 6 d\u00fckkan yar al\u0131yor.<\/p>\n<h2 id=\"attachment_198260\" class=\"wp-caption aligncenter\">Gist Park Konut Projesi \u00f6zellikleri<\/h2>\n<ul>\n<li>Peyzajl\u0131 ortak ye\u015fil alanlar<\/li>\n<li>\u00c7ocuklara oyun park\u0131<\/li>\n<li>Kapal\u0131 otopark<\/li>\n<li>A\u00e7\u0131k y\u00fczme havuzu ve g\u00fcne\u015flenme teras\u0131<\/li>\n<li>7\/24 g\u00fcvenlik, kapal\u0131 devre kameral\u0131 kontrol ve kay\u0131t sistemi<\/li>\n<\/ul>\n<h2><strong>Gist Park\u2019ta konutlar i\u00e7in \u00f6deme plan\u0131 ve sat\u0131\u015f fiyatlar\u0131<\/strong><\/h2>\n<p>Projede konut teslimleri hemen yap\u0131l\u0131yor. Bankalardan konut kredisi kullan\u0131m\u0131na uygun durumda olan projede sat\u0131\u015f fiyatlar\u0131 3 kas\u0131m 2018 tarihi itibar\u0131 ile 259.000 TL\u2019den ba\u015fl\u0131yor.<\/p>\n<h2><a href=\"https:\/\/www.google.com\/maps?ll=41.00139,28.697648&amp;z=17&amp;t=m&amp;hl=en-US&amp;gl=TR&amp;mapclient=embed&amp;cid=2326705070731105081\"><strong>Gist Park nerede<\/strong><\/a><\/h2>\n<p><img loading=\"lazy\" class=\"aligncenter size-large wp-image-25190\" src=\"https:\/\/emlaktuel.com\/wp-content\/uploads\/2018\/11\/Ekran-Resmi-2018-11-03-17.01.41-704x500.png\" alt=\"\" width=\"600\" height=\"426\" \/><\/p>\n","protected":false},"excerpt":{"rendered":"<p>\u0130stanbul&#8217;da hayata ge\u00e7en Gist Park nerede, kim yap\u0131yor? \u0130stanbul Avrupa Yakas\u0131nda Esenyurt il\u00e7esinde Turgut \u00d6zal mahallesi Saadetdere mevkiinde 3 bin 223 metrekarelik arsada y\u00fckselen proje 14 bin 500 metrekarelik in\u015faat alan\u0131 \u00fczerinde Gist Gayrimenkul taraf\u0131ndan hayata ge\u00e7irilen ve ya\u015fam\u0131n ba\u015flad\u0131\u011f\u0131 Gist Park projesi 7 katl\u0131 3 bloktan olu\u015fuyor. Gist Park projesinde kat planlar\u0131 ve sosyal [&hellip;]<\/p>\n","protected":false},"author":1,"featured_media":25191,"comment_status":"open","ping_status":"open","sticky":false,"template":"","format":"standard","meta":{"ngg_post_thumbnail":0},"categories":[219],"tags":[12348,12350,12349],"_links":{"self":[{"href":"https:\/\/emlaktuel.com\/index.php?rest_route=\/wp\/v2\/posts\/25189"}],"collection":[{"href":"https:\/\/emlaktuel.com\/index.php?rest_route=\/wp\/v2\/posts"}],"about":[{"href":"https:\/\/emlaktuel.com\/index.php?rest_route=\/wp\/v2\/types\/post"}],"author":[{"embeddable":true,"href":"https:\/\/emlaktuel.com\/index.php?rest_route=\/wp\/v2\/users\/1"}],"replies":[{"embeddable":true,"href":"https:\/\/emlaktuel.com\/index.php?rest_route=%2Fwp%2Fv2%2Fcomments&post=25189"}],"version-history":[{"count":1,"href":"https:\/\/emlaktuel.com\/index.php?rest_route=\/wp\/v2\/posts\/25189\/revisions"}],"predecessor-version":[{"id":25192,"href":"https:\/\/emlaktuel.com\/index.php?rest_route=\/wp\/v2\/posts\/25189\/revisions\/25192"}],"wp:featuredmedia":[{"embeddable":true,"href":"https:\/\/emlaktuel.com\/index.php?rest_route=\/wp\/v2\/media\/25191"}],"wp:attachment":[{"href":"https:\/\/emlaktuel.com\/index.php?rest_route=%2Fwp%2Fv2%2Fmedia&parent=25189"}],"wp:term":[{"taxonomy":"category","embeddable":true,"href":"https:\/\/emlaktuel.com\/index.php?rest_route=%2Fwp%2Fv2%2Fcategories&post=25189"},{"taxonomy":"post_tag","embeddable":true,"href":"https:\/\/emlaktuel.com\/index.php?rest_route=%2Fwp%2Fv2%2Ftags&post=25189"}],"curies":[{"name":"wp","href":"https:\/\/api.w.org\/{rel}","templated":true}]}}