{"id":25185,"date":"2018-11-03T16:37:00","date_gmt":"2018-11-03T13:37:00","guid":{"rendered":"https:\/\/emlaktuel.com\/?p=25185"},"modified":"2018-11-04T23:26:12","modified_gmt":"2018-11-04T20:26:12","slug":"istanbul-havalimani-46-ilceyi-gecti","status":"publish","type":"post","link":"https:\/\/emlaktuel.com\/?p=25185","title":{"rendered":"\u0130stanbul Havaliman\u0131 46 il\u00e7eyi ge\u00e7ti"},"content":{"rendered":"<p><b>29 Ekim 2018 Cumhuriyet Bayram\u0131nda ilk faz\u0131 a\u00e7\u0131lan \u0130stanbul Havaliman\u0131, toplam 76,5\u00a0 milyon metrekarelik in\u015faat alan\u0131 ile T\u00fcrkiye&#8217;deki 46 farkl\u0131 il\u00e7enin toplam y\u00fcz \u00f6l\u00e7\u00fcm\u00fcnden daha da b\u00fcy\u00fck.<\/b><\/p>\n<p>Harita Genel M\u00fcd\u00fcrl\u00fc\u011f\u00fc ve \u0130stanbul B\u00fcy\u00fck\u015fehir Belediyesi Harita ve Ar\u015fiv Biriminin derlemesi ile elde edilen verilere g\u00f6re, \u0130stanbul Havaliman\u0131n\u0131n ilk faz\u0131 29 Ekim&#8217;de a\u00e7\u0131ld\u0131, toplam 76,5 milyon metrekarelik in\u015faat alan\u0131yla T\u00fcrkiye&#8217;deki bir\u00e7ok il\u00e7enin y\u00fcz \u00f6l\u00e7\u00fcm\u00fcn\u00fc ge\u00e7ti.<\/p>\n<h2>46 il\u00e7e&#8217;nin y\u00fcz\u00f6l\u00e7\u00fcm\u00fc yeni havaliman\u0131yla yar\u0131\u015famad\u0131<\/h2>\n<p><strong>\u0130stanbul Havaliman\u0131<\/strong>, be\u015f bin 461 kilometrekareden olu\u015fan 46 farkl\u0131 il\u00e7e, havac\u0131l\u0131kta d\u00fcnya merkezi olmas\u0131 d\u00fc\u015f\u00fcn\u00fclen havaliman\u0131yla yar\u0131\u015famad\u0131.<\/p>\n<h2>\u0130\u015fte \u0130stanbul Havalimanu ile yar\u0131\u015famayan o il\u00e7eler<\/h2>\n<p><strong>\u0130stanbul Havaliman\u0131<\/strong>&#8216;n\u0131n y\u00fcz \u00f6l\u00e7\u00fcm\u00fc Adalar,\u00a0 Kartal,Sultanbeyli, Maltepe, Ata\u015fehir,Kad\u0131k\u00f6y, \u00dcsk\u00fcdar, \u00dcmraniye, Beyo\u011flu, Sancaktepe,\u00a0 Ka\u011f\u0131thane, Be\u015fikta\u015f, \u015ei\u015fli, Bayrampa\u015fa, Gaziosmanpa\u015fa, Zeytinburnu, Fatih, Sultangazi, G\u00fcng\u00f6ren, Bah\u00e7elievler, Esenler, Ba\u011fc\u0131lar, Beylikd\u00fcz\u00fc, Bak\u0131rk\u00f6y, K\u00fc\u00e7\u00fck\u00e7ekmece, Avc\u0131lar ile Esenyurt il\u00e7elerinden daha b\u00fcy\u00fck.<\/p>\n<p>Megakent&#8217;teki 12 il\u00e7e \u00c7ekmek\u00f6y, Tuzla, Pendik, Beykoz, \u015eile, Sar\u0131yer, Ey\u00fcp, Arnavutk\u00f6y, Ba\u015fak\u015fehir, B\u00fcy\u00fck\u00e7ekmece, Silivri ile \u00c7atalca ise y\u00fcz \u00f6l\u00e7\u00fcm\u00fc olarak, <strong>\u0130stanbul Havaliman\u0131<\/strong>&#8216;ndan daha geni\u015f. \u0130stanbul&#8217;un 39 il\u00e7esinden 27&#8217;si toprak b\u00fcy\u00fckl\u00fc\u011f\u00fc a\u00e7\u0131s\u0131ndan \u0130stanbul Havaliman\u0131&#8217;n\u0131 ge\u00e7emedi.<\/p>\n<h2>76,5 kilometrekarelik dev merkez<\/h2>\n<p><strong>Arnavutk\u00f6y Belediyesi<\/strong> i\u00e7erisinde bulunan <strong>\u0130stanbul Havaliman\u0131<\/strong>, 506 kilometrekarelik il\u00e7enin 76,5 kilometrekaresinde yer ald\u0131. D\u00fcnyan\u0131n en b\u00fcy\u00fc\u011f\u00fc olacak \u0130stanbul Havaliman\u0131, T\u00fcrkiye&#8217;deki bir\u00e7ok il\u00e7eyi geride b\u0131rakt\u0131.<\/p>\n<p>B\u00fcy\u00fck\u015fehir olarak say\u0131lan \u0130zmir&#8217;deki Gaziemir,\u00a0Bal\u00e7ova, Bayrakl\u0131, Kar\u015f\u0131yaka, Konak ve Narl\u0131dere il\u00e7eleri ise y\u00fcz \u00f6l\u00e7\u00fcm\u00fc olarak \u0130stanbul Havaliman\u0131&#8217;n\u0131n gerisinde kald\u0131. \u0130stanbul Havaliman\u0131, Artvin&#8217;in Kemalpa\u015fa, \u00c7anakkale&#8217;nin Bozcaada, Giresun&#8217;un Eynesil, Kastamonu&#8217;nun Abana, Kocaeli&#8217;nin \u00c7ay\u0131rova ile Dar\u0131ca, Ordu&#8217;nun G\u00fclyal\u0131 ve Kabata\u015f, Rize&#8217;nin Derepazar\u0131 ve \u0130yidere, Sakarya&#8217;n\u0131n Arifiye, Trabzon&#8217;un \u00c7ar\u015f\u0131ba\u015f\u0131, Yalova&#8217;n\u0131n Termal il\u00e7elerini ge\u00e7ti.<\/p>\n","protected":false},"excerpt":{"rendered":"<p>29 Ekim 2018 Cumhuriyet Bayram\u0131nda ilk faz\u0131 a\u00e7\u0131lan \u0130stanbul Havaliman\u0131, toplam 76,5\u00a0 milyon metrekarelik in\u015faat alan\u0131 ile T\u00fcrkiye&#8217;deki 46 farkl\u0131 il\u00e7enin toplam y\u00fcz \u00f6l\u00e7\u00fcm\u00fcnden daha da b\u00fcy\u00fck. Harita Genel M\u00fcd\u00fcrl\u00fc\u011f\u00fc ve \u0130stanbul B\u00fcy\u00fck\u015fehir Belediyesi Harita ve Ar\u015fiv Biriminin derlemesi ile elde edilen verilere g\u00f6re, \u0130stanbul Havaliman\u0131n\u0131n ilk faz\u0131 29 Ekim&#8217;de a\u00e7\u0131ld\u0131, toplam 76,5 milyon metrekarelik [&hellip;]<\/p>\n","protected":false},"author":1,"featured_media":25199,"comment_status":"open","ping_status":"open","sticky":false,"template":"","format":"standard","meta":{"ngg_post_thumbnail":0},"categories":[5388],"tags":[12347,12316],"_links":{"self":[{"href":"https:\/\/emlaktuel.com\/index.php?rest_route=\/wp\/v2\/posts\/25185"}],"collection":[{"href":"https:\/\/emlaktuel.com\/index.php?rest_route=\/wp\/v2\/posts"}],"about":[{"href":"https:\/\/emlaktuel.com\/index.php?rest_route=\/wp\/v2\/types\/post"}],"author":[{"embeddable":true,"href":"https:\/\/emlaktuel.com\/index.php?rest_route=\/wp\/v2\/users\/1"}],"replies":[{"embeddable":true,"href":"https:\/\/emlaktuel.com\/index.php?rest_route=%2Fwp%2Fv2%2Fcomments&post=25185"}],"version-history":[{"count":1,"href":"https:\/\/emlaktuel.com\/index.php?rest_route=\/wp\/v2\/posts\/25185\/revisions"}],"predecessor-version":[{"id":25186,"href":"https:\/\/emlaktuel.com\/index.php?rest_route=\/wp\/v2\/posts\/25185\/revisions\/25186"}],"wp:featuredmedia":[{"embeddable":true,"href":"https:\/\/emlaktuel.com\/index.php?rest_route=\/wp\/v2\/media\/25199"}],"wp:attachment":[{"href":"https:\/\/emlaktuel.com\/index.php?rest_route=%2Fwp%2Fv2%2Fmedia&parent=25185"}],"wp:term":[{"taxonomy":"category","embeddable":true,"href":"https:\/\/emlaktuel.com\/index.php?rest_route=%2Fwp%2Fv2%2Fcategories&post=25185"},{"taxonomy":"post_tag","embeddable":true,"href":"https:\/\/emlaktuel.com\/index.php?rest_route=%2Fwp%2Fv2%2Ftags&post=25185"}],"curies":[{"name":"wp","href":"https:\/\/api.w.org\/{rel}","templated":true}]}}