{"id":2516,"date":"2016-07-04T18:29:23","date_gmt":"2016-07-04T15:29:23","guid":{"rendered":"http:\/\/emlaktuel.com\/?p=2516"},"modified":"2018-07-05T14:12:03","modified_gmt":"2018-07-05T11:12:03","slug":"gazzeyi-yeniden-insa-etmeye-talip-oldu","status":"publish","type":"post","link":"https:\/\/emlaktuel.com\/?p=2516","title":{"rendered":"Gazze&#8217;yi Yeniden \u0130n\u015fa Etmeye Talip Oldu"},"content":{"rendered":"<div>\n<div id=\"haberdetaybaslik\">\n<h1><\/h1>\n<h2>\u0130srail ile T\u00fcrkiye&#8217;nin zorlu ge\u00e7en m\u00fczakereler sonunda yeniden ikili i\u015fbirli\u011finin kap\u0131lar\u0131n\u0131n aralanmas\u0131 en \u00e7ok in\u015faat sekt\u00f6r\u00fcn\u00fc \u00fcmitlendirdi.<\/h2>\n<\/div>\n<\/div>\n<div>\n<div>\n<p><span style=\"color: #2e2e2e;\">\u00d6zellikle Gazze&#8217;ye d\u00f6n\u00fck yard\u0131mlar ve b\u00f6lgedeki imar \u00e7al\u0131\u015fmalar\u0131 konusunda ard arda gelen a\u00e7\u0131klamalara bir yenisi daha eklendi. \u0130srail&#8217;de in\u015faata dayal\u0131 projelerde rol alan\u00a0<strong>Y\u0131lmazlar \u0130n\u015faat Genel M\u00fcd\u00fcr\u00fc Ahmet Ar\u0131k<\/strong>, ya\u015fanan geli\u015fmeleri memnuniyetle kar\u015f\u0131lad\u0131klar\u0131n\u0131 vurgulayarak, \u015firket olarak yapabileceklerini s\u0131ralad\u0131.<br \/>\nAhmet Ar\u0131k&#8217;\u0131n \u00fczerinde durdu\u011fu en \u00f6nemli konu\u00a0Gazze&#8217;deki altyap\u0131n\u0131n yan\u0131 s\u0131ra \u00fcstyap\u0131 projelerinde de rol almak. Bunun i\u00e7in de h\u00fck\u00fcmetin yol haritas\u0131nda in\u015faat sekt\u00f6r\u00fcn\u00fcn de yer almas\u0131 gerekti\u011fi dile getiriliyor.<br \/>\nAhmet Ar\u0131k ise rakiplerine g\u00f6re olduk\u00e7a avantajl\u0131 bir konumda. \u00c7\u00fcnk\u00fc \u0130srail&#8217;deki in\u015faatlarda imzas\u0131 bulunuyor. Hatta \u0130srail h\u00fck\u00fcmeti taraf\u0131ndan da \u00f6rnek g\u00f6sterilen bu projelerin referans\u0131 ile Gazze&#8217;de de hem alt yap\u0131 hem de \u00fcst yap\u0131 in\u015faatlar\u0131na imzas\u0131n\u0131 atmak istiyor.\u00a0\u0130srail\u2019de in\u015fa etti\u011fi g\u00f6kdelenlerin yan\u0131 s\u0131ra al\u0131\u015fveri\u015f merkezlerinde de imzas\u0131 bulunan Y\u0131lmazlar \u0130n\u015faat&#8217;\u0131n Genel M\u00fcd\u00fcr\u00fc Ahmet Ar\u0131k, kendilerini \u0130srail&#8217;in TOK\u0130&#8217;si olarak tan\u0131mlarken, toplam\u00a022 y\u0131ll\u0131k deneyimlerini Filistin topraklar\u0131nda da ortaya koymay\u0131 planl\u0131yor. Tabi ki bu noktada T\u00fcrkiye Cumhuriyeti H\u00fck\u00fcmetinin Gazze i\u00e7in d\u00fc\u015f\u00fcnd\u00fc\u011f\u00fc planlamalar \u00f6nem kazanmakta. Gazze konusundaki duyarl\u0131l\u0131\u011f\u0131n\u0131 her f\u0131rsatta dile getiren T\u00fcrk h\u00fck\u00fcmetinin \u00f6nceli\u011fi ise b\u00f6lge halk\u0131na insani yard\u0131mlar\u0131 ula\u015ft\u0131rmak. Bu ama\u00e7la ge\u00e7ti\u011fimiz g\u00fcnlerde Mersin Liman\u0131&#8217;ndan u\u011furlanan Lady Leyla isimli gemi ile Gazzeliler iki bayram\u0131 adeta bir arada ya\u015fama co\u015fkusunu tatt\u0131. Cumhurba\u015fkan\u0131 Recep Tayyip Erdo\u011fan&#8217;\u0131n y\u0131llar \u00f6nce verdi\u011fi Gazze ziyareti ger\u00e7ekle\u015firse b\u00f6lgedeki imar \u00e7al\u0131\u015fmalar\u0131n\u0131n ba\u015flat\u0131lmas\u0131na vesile olur. BM&#8217;nin \u00e7abalar\u0131 ve di\u011fer giri\u015fimlere ra\u011fmen bir t\u00fcrl\u00fc huzurlu bir d\u00f6nemin sayfas\u0131n\u0131 a\u00e7amayan Gazze halk\u0131 ise bu defa T\u00fcrkiye sayesinde hayat standartlar\u0131n\u0131 y\u00fckseltici giri\u015fimlerin devreye girmesinden memnun g\u00f6r\u00fcn\u00fcyor. Alt yap\u0131 ve \u00fcst yap\u0131 \u0130n\u015faatlar\u0131n\u0131n ba\u015flamas\u0131 ile bu s\u00fcre\u00e7 daha da de\u011ferli hale d\u00f6n\u00fc\u015fecek.\u00a0<\/span><\/p>\n<\/div>\n<\/div>\n","protected":false},"excerpt":{"rendered":"<p>\u0130srail ile T\u00fcrkiye&#8217;nin zorlu ge\u00e7en m\u00fczakereler sonunda yeniden ikili i\u015fbirli\u011finin kap\u0131lar\u0131n\u0131n aralanmas\u0131 en \u00e7ok in\u015faat sekt\u00f6r\u00fcn\u00fc \u00fcmitlendirdi. \u00d6zellikle Gazze&#8217;ye d\u00f6n\u00fck yard\u0131mlar ve b\u00f6lgedeki imar \u00e7al\u0131\u015fmalar\u0131 konusunda ard arda gelen a\u00e7\u0131klamalara bir yenisi daha eklendi. \u0130srail&#8217;de in\u015faata dayal\u0131 projelerde rol alan\u00a0Y\u0131lmazlar \u0130n\u015faat Genel M\u00fcd\u00fcr\u00fc Ahmet Ar\u0131k, ya\u015fanan geli\u015fmeleri memnuniyetle kar\u015f\u0131lad\u0131klar\u0131n\u0131 vurgulayarak, \u015firket olarak yapabileceklerini s\u0131ralad\u0131. Ahmet [&hellip;]<\/p>\n","protected":false},"author":1,"featured_media":2517,"comment_status":"open","ping_status":"open","sticky":false,"template":"","format":"standard","meta":{"ngg_post_thumbnail":0},"categories":[1,26,27],"tags":[11106,1492,1494,1493,67,1258,1497,1498,11400,1495,106,89,1496,316],"_links":{"self":[{"href":"https:\/\/emlaktuel.com\/index.php?rest_route=\/wp\/v2\/posts\/2516"}],"collection":[{"href":"https:\/\/emlaktuel.com\/index.php?rest_route=\/wp\/v2\/posts"}],"about":[{"href":"https:\/\/emlaktuel.com\/index.php?rest_route=\/wp\/v2\/types\/post"}],"author":[{"embeddable":true,"href":"https:\/\/emlaktuel.com\/index.php?rest_route=\/wp\/v2\/users\/1"}],"replies":[{"embeddable":true,"href":"https:\/\/emlaktuel.com\/index.php?rest_route=%2Fwp%2Fv2%2Fcomments&post=2516"}],"version-history":[{"count":2,"href":"https:\/\/emlaktuel.com\/index.php?rest_route=\/wp\/v2\/posts\/2516\/revisions"}],"predecessor-version":[{"id":2519,"href":"https:\/\/emlaktuel.com\/index.php?rest_route=\/wp\/v2\/posts\/2516\/revisions\/2519"}],"wp:featuredmedia":[{"embeddable":true,"href":"https:\/\/emlaktuel.com\/index.php?rest_route=\/wp\/v2\/media\/2517"}],"wp:attachment":[{"href":"https:\/\/emlaktuel.com\/index.php?rest_route=%2Fwp%2Fv2%2Fmedia&parent=2516"}],"wp:term":[{"taxonomy":"category","embeddable":true,"href":"https:\/\/emlaktuel.com\/index.php?rest_route=%2Fwp%2Fv2%2Fcategories&post=2516"},{"taxonomy":"post_tag","embeddable":true,"href":"https:\/\/emlaktuel.com\/index.php?rest_route=%2Fwp%2Fv2%2Ftags&post=2516"}],"curies":[{"name":"wp","href":"https:\/\/api.w.org\/{rel}","templated":true}]}}