{"id":25158,"date":"2018-11-02T13:19:02","date_gmt":"2018-11-02T10:19:02","guid":{"rendered":"https:\/\/emlaktuel.com\/?p=25158"},"modified":"2018-11-02T13:19:02","modified_gmt":"2018-11-02T10:19:02","slug":"sosyal-medya-vara-kirmizi-kart-gosterdi","status":"publish","type":"post","link":"https:\/\/emlaktuel.com\/?p=25158","title":{"rendered":"Sosyal Medya VAR\u2019a K\u0131rm\u0131z\u0131 Kart G\u00f6sterdi!"},"content":{"rendered":"<p><strong>Adba International\u2019\u0131n The Brand Age Dergisi i\u00e7in ger\u00e7ekle\u015ftirdi\u011fi ara\u015ft\u0131rma, T\u00fcrk futbolseverlerin VAR hakk\u0131ndaki sosyal medya konu\u015fmalar\u0131n\u0131 analiz etti.<\/strong><\/p>\n<p>Sosyal medya, y\u00fcz y\u00fcze s\u00f6ylenilmeye \u00e7ekinilen bir\u00e7ok konunun \u00e7ok daha rahat bir \u015fekilde ifade edilebilmesi a\u00e7\u0131s\u0131ndan uygun bir ortam yarat\u0131yor. S\u00f6z konusu co\u015fkunun ve hararetin artt\u0131\u011f\u0131 futbol oldu\u011funda taraftarlar yorumlar\u0131n\u0131 sosyal medyada dile getiriyor.<\/p>\n<p>Sosyal CRM ve sosyal veri analizi \u015firketi Adba International, The Brand Age Dergisi i\u00e7in 1 Haziran 2018 &#8211; 15 Ekim 2018 aral\u0131\u011f\u0131n\u0131 baz alarak haz\u0131rlad\u0131\u011f\u0131 raporda T\u00fcrk futbolunun g\u00fcndeminden d\u00fc\u015fmeyen VAR sistemi hakk\u0131nda sosyal medya kullan\u0131c\u0131lar\u0131n\u0131n konu\u015fmalar\u0131n\u0131 analiz etti. \u00c7al\u0131\u015fma VAR sistemi ile birlikte an\u0131lan hakemlerin, futbolcular\u0131n ve kul\u00fcplerin sosyal medyaya nas\u0131l yans\u0131d\u0131\u011f\u0131n\u0131 ortaya koydu.<\/p>\n<p>\u00dclkemizde ilk kez 05.08.2018 tarihinde Galatasaray \u2013 Akhisar TFF S\u00fcper Kupa finalinde uygulanmaya ba\u015flanan VAR sistemi, Rusya\u2019da d\u00fczenlenen D\u00fcnya Kupas\u0131 esnas\u0131nda futbol-<\/p>\n<p>severler taraf\u0131ndan olduk\u00e7a yo\u011fun ele\u015ftirilere maruz kalm\u0131\u015ft\u0131. Sistem, Spor Toto S\u00fcper Ligi\u2019nin ba\u015flamas\u0131yla birlikte \u00fclkemizde de en \u00e7ok konu\u015fulan konular aras\u0131nda yer ald\u0131. 1 Haziran \u2013 4 A\u011fustos aral\u0131\u011f\u0131ndaki lig \u00f6ncesi d\u00f6nemde taraftarlar uygulama hakk\u0131nda sosyal medya \u00fczerinden %73.3 oran\u0131nda negatif payla\u015f\u0131m yaparken, VAR\u2019\u0131n T\u00fcrkiye\u2019de uygulamaya ge\u00e7mesi ile birlikte negatif konu\u015fulmalar\u0131n say\u0131s\u0131n\u0131n artarak %88.1\u2019e y\u00fckseldi\u011fi ortaya \u00e7\u0131k\u0131yor.<\/p>\n<p>1 Haziran &#8211; 15 Ekim tarihleri aras\u0131nda VAR hakk\u0131nda sosyal medyadaki konu\u015fulmalar\u0131n toplam say\u0131s\u0131na bak\u0131ld\u0131\u011f\u0131nda 1.101.926 i\u00e7erik oldu\u011fu g\u00f6r\u00fcl\u00fcyor.<\/p>\n<h4 style=\"text-align: left;\"><em><strong>VAR hakk\u0131nda;<\/strong><\/em><br \/>\nToplam konu\u015fulma: 1.101. 926<\/p>\n<p><em><strong>1 Haziran \u2013 4 A\u011fustos aral\u0131\u011f\u0131nda;<\/strong><\/em><br \/>\nPozitif bahsedilme: %26,7<\/h4>\n<p><!--more--><\/p>\n<p>Negatif bahsedilme: %73,3<\/p>\n<p><em><strong>5 A\u011fustos \u2013 15 Ekim aral\u0131\u011f\u0131nda;<\/strong><\/em><\/p>\n<p>Pozitif bahsedilme: %11,9<\/p>\n<p>Negatif bahsedilme: %88,1<\/p>\n<p><strong>Sistem de\u011fil, hakemler ele\u015ftiriliyor<\/strong><\/p>\n<p>Analize g\u00f6re, VAR uygulamas\u0131 ile birlikte en \u00e7ok bahsedilen hakemler incelendi\u011finde, en y\u00fcksek konu\u015fulma oran\u0131n\u0131n D\u00fcnya Kupas\u0131\u2019nda da g\u00f6rev alan C\u00fcneyt \u00c7ak\u0131r hakk\u0131nda yap\u0131ld\u0131\u011f\u0131 g\u00f6r\u00fcl\u00fcyor. C\u00fcneyt \u00c7ak\u0131r, VAR ile ilgili i\u00e7eriklerde hakemler hakk\u0131nda yap\u0131lan t\u00fcm konu\u015fulmalar\u0131n %29.9\u2019una sahip. Fenerbah\u00e7e \u2013 Medipol Ba\u015fak\u015fehir ma\u00e7\u0131nda VAR sistemindeki ar\u0131za nedeni ile VAR\u2019a bak\u0131lamamas\u0131, ma\u00e7\u0131n hakemi Ali Palab\u0131y\u0131k\u2019\u0131 sosyal medyan\u0131n g\u00fcndemine ta\u015f\u0131yor ve Palab\u0131y\u0131k, C\u00fcneyt \u00c7ak\u0131r\u2019\u0131 takip ederek hakem konu\u015fulmalar\u0131nda %15.1\u2019lik bir orana sahip oluyor. Sosyal medya kullan\u0131c\u0131lar\u0131 VAR ele\u015ftirilerindeMete Kalkavan\u2019dan %11.2, F\u0131rat Ayd\u0131nus\u2019dan ise %8.5\u2019lik oranla bahsediyor. Konu\u015fmalar\u0131n negatif-pozitif de\u011ferlendirilmesi yap\u0131ld\u0131\u011f\u0131nda \u00d6zg\u00fcr Yankaya\u2019n\u0131n %87 ile en fazla negatif konu\u015fulma oran\u0131na sahip oldu\u011fu g\u00f6r\u00fcl\u00fcyor. Halil Umut Meler de %60 negatif konu\u015fulma y\u00fczdesi ile Yankaya\u2019y\u0131 takip ediyor. Ele\u015ftiri oklar\u0131ndan en az pay alan hakemin ise %30 ile \u00dcmit \u00d6zt\u00fcrk oldu\u011fu g\u00f6r\u00fcl\u00fcyor.<\/p>\n<p><strong>C\u00fcneyt \u00c7ak\u0131r<br \/>\n<\/strong>Konu\u015fulma oran\u0131: %29.9<br \/>\n%54 olumsuz, %8 olumlu, %38 n\u00f6tr<\/p>\n<p><strong>Ali Palab\u0131y\u0131k<br \/>\n<\/strong>Konu\u015fulma oran\u0131: %15.1<br \/>\n%55 olumsuz, %5 olumlu, %40 n\u00f6tr<\/p>\n<p><strong><br \/>\nMete Kalkavan<br \/>\n<\/strong>Konu\u015fulma oran\u0131: %11.2<br \/>\n%49 olumsuz, %2 olumlu, %49 n\u00f6tr<\/p>\n<p><strong>F\u0131rat Ayd\u0131nus<br \/>\n<\/strong>Konu\u015fulma oran\u0131: %8.5<br \/>\n%59 olumsuz, %4 olumlu, %37 n\u00f6tr<\/p>\n<p><strong><br \/>\n\u00dcmit \u00d6zt\u00fcrk<br \/>\n<\/strong>Konu\u015fulma oran\u0131: %7.4<br \/>\n%30 olumsuz, %6 olumlu, %64 n\u00f6tr<\/p>\n<p><strong>B\u00fclent Y\u0131ld\u0131r\u0131m<br \/>\n<\/strong>Konu\u015fulma oran\u0131: %6.2<br \/>\n%58 olumsuz, %3 olumlu, %39 n\u00f6tr<\/p>\n<p><strong>Halil Umut Meler<br \/>\n<\/strong>Konu\u015fulma oran\u0131: %5.8<br \/>\n%60 olumsuz, %8 olumlu, %32 n\u00f6tr<\/p>\n<p><strong>\u00d6zg\u00fcr Yankaya<br \/>\n<\/strong>Konu\u015fulma oran\u0131: %3.6<br \/>\n%87 olumsuz, %1 olumlu, %12 n\u00f6tr<\/p>\n<p><strong>Di\u011fer Hakemler<br \/>\n<\/strong>Konu\u015fulma oran\u0131: %12.3<br \/>\n%59 olumsuz, %5 olumlu, %36 n\u00f6tr<\/p>\n<p><strong>Be\u015fikta\u015f ma\u00e7lar\u0131n\u0131n ard\u0131ndan sosyal medyan\u0131n tansiyonu y\u00fckseliyor<\/strong><\/p>\n<p>VAR Sistemi ile ilgili sosyal medyada yap\u0131lan konu\u015fmalar\u0131n artt\u0131\u011f\u0131 d\u00f6nemlere bak\u0131ld\u0131\u011f\u0131nda, ligin ilk haftas\u0131 Fenerbah\u00e7e\u2019nin Bursaspor\u2019u konuk etti\u011fi ma\u00e7, Be\u015fikta\u015f\u2019\u0131n evinde Antalyaspor\u2019a ma\u011flup oldu\u011fu ma\u00e7 ve Be\u015fikta\u015f &#8211; Yeni Malatya ma\u00e7\u0131 \u00f6ne \u00e7\u0131k\u0131yor.<\/p>\n<p>Rapora g\u00f6re sosyal medyada VAR tansiyonun en \u00e7ok artt\u0131\u011f\u0131 ve konu\u015fuldu\u011fu g\u00fcn\u00fcn ise Konyaspor \u2013 Be\u015fikta\u015f ma\u00e7\u0131n\u0131n oynand\u0131\u011f\u0131 g\u00fcn oldu\u011fu g\u00f6r\u00fcl\u00fcyor. \u00d6zellikle Mete Kalkavan\u2019\u0131n ma\u00e7 esnas\u0131nda VAR odas\u0131nda tepki verdi\u011fi video, sosyal medyada taraftar aras\u0131nda b\u00fcy\u00fck bir g\u00fcndem yarat\u0131yor.<\/p>\n<p><strong>En \u00e7ok konu\u015fulan tak\u0131mlar<\/strong><\/p>\n<p>Sosyal medyada VAR ile birlikte en \u00e7ok an\u0131lan tak\u0131m Be\u015fikta\u015f oluyor. Ligde yer alan 17 tak\u0131m, taraftarlar\u0131n konu\u015fmalar\u0131n\u0131n toplamda %74.2\u2019sine sahipken, %25.2\u2019sinin Be\u015fikta\u015f hakk\u0131nda oldu\u011fu g\u00f6r\u00fcl\u00fcyor. \u0130\u00e7erikler analiz edildi\u011finde, VAR sisteminin yanl\u0131\u015f kullan\u0131m\u0131na ba\u011fl\u0131 olarak hakemlerin verdi\u011fi kararlara \u00f6zellikle Be\u015fikta\u015f taraftar\u0131 sosyal medyadan sert ele\u015ftiriler yap\u0131yor. Be\u015fikta\u015f\u2019\u0131 %14.3 ile Fenerbah\u00e7e, %12.2 ile Galatasaray izliyor. VAR Sistemi\u2019nden en \u00e7ok can\u0131 yanan ve 4 gol\u00fc ge\u00e7ersiz say\u0131lan Bursaspor, sosyal medyada konu\u015fmalar\u0131n %10.6\u2019s\u0131na sahip oluyor. VAR ile en az an\u0131lan tak\u0131mlar\u0131n ise Sivasspor, Alanyaspor ve S\u00fcper Lig\u2019in yeni temsilcisi Erzurumspor oldu\u011fu g\u00f6r\u00fcl\u00fcyor.<\/p>\n<p><strong>Be\u015fikta\u015f: <\/strong>%25.8<\/p>\n<p><strong>Fenerbah\u00e7e:<\/strong>%14.3<strong><\/p>\n<p><\/strong><\/p>\n<p><strong>Galatasaray:<\/strong>%12.2<strong><\/p>\n<p><\/strong><\/p>\n<p><strong>Bursaspor:<\/strong>%10.6<strong><\/p>\n<p><\/strong><\/p>\n<p><strong>Konyaspor:<\/strong>%5.7<\/p>\n<p><strong><br \/>\nAntalyaspor: <\/strong>%5.6<\/p>\n<p><strong><br \/>\n\u0130stanbul Ba\u015fak\u015fehir: <\/strong>%4.4<strong><\/p>\n<p><\/strong><\/p>\n<p><strong>Akhisar Belediyespor: <\/strong>%3.7<\/p>\n<p><strong><br \/>\nTrabzonspor: <\/strong>%3.4<\/p>\n<p><strong><br \/>\nG\u00f6ztepe: <\/strong>%2.6<\/p>\n<p><strong><br \/>\nAnkarag\u00fcc\u00fc:<\/strong>%2.4<\/p>\n<p><strong><br \/>\nKayserispor: <\/strong>%1.7<\/p>\n<p><strong><br \/>\nYeni Malatya: <\/strong>%1.6<\/p>\n<p><strong>\u00c7aykur Rizespor:<\/strong>%1.4<\/p>\n<p><strong>Kas\u0131mpa\u015fa:<\/strong>%1.3<\/p>\n<p><strong>Alanyaspor:<\/strong>%1.2<\/p>\n<p><strong>Erzurumspor:<\/strong>%1.1<\/p>\n<p><strong>Sivasspor:<\/strong>%1<\/p>\n<p><strong>3 Gol\u00fc iptal edilen Sakho sosyal medya g\u00fcndemine oturdu<\/strong><\/p>\n<p>VAR sistemi ile bu sezon 3 gol\u00fc iptal edilen Diafra Sakho, sosyal medya kullan\u0131c\u0131lar\u0131n\u0131n VAR ile ilgili i\u00e7eriklerde en \u00e7ok konu\u015ftu\u011fu futbolcu oldu. Galatasaray\u2019l\u0131 kaleci Fernando Muslera ise VAR kararlar\u0131nda pozitif ayr\u0131m yap\u0131ld\u0131\u011f\u0131 gerek\u00e7esiyle s\u0131k s\u0131k taraftarlar\u0131n ele\u015ftirilerine maruz kalarak sosyal medya g\u00fcndeminin ikinci s\u0131ras\u0131na yerle\u015fti. Fenerbah\u00e7e ma\u00e7\u0131nda gol\u00fc iptal edilen Medipol Ba\u015fak\u015fehirli oyuncu Elia 3. s\u0131rada yer al\u0131rken, \u00c7aykur Rizespor ma\u00e7\u0131nda rakibine t\u00fck\u00fcrd\u00fc\u011f\u00fc i\u00e7in VAR sistemine bak\u0131larak oyundan at\u0131lan Seleznov sosyal medyada en \u00e7ok konu\u015fulan 4. futbolcu oldu.<\/p>\n<p><strong>TFF ve MHK ele\u015ftiri oklar\u0131n\u0131n hedefi oldu<\/strong><\/p>\n<p>Sosyal medya kullan\u0131c\u0131lar\u0131n\u0131n i\u00e7eriklerinin analizi sonucunda, taraftarlar\u0131n ele\u015ftirilerinin VAR sistemine de\u011fil, sistemin kullan\u0131m\u0131na y\u00f6nelik oldu\u011fu g\u00f6r\u00fcl\u00fcyor. Yap\u0131lan konu\u015fmalar\u0131n %39.5\u2019inde hakemlerin ba\u011fl\u0131 oldu\u011fu Merkez Hakem Kurulu (MHK), %60.5\u2019inde ise T\u00fcrkiye Futbol Federasyonu (TFF) yer al\u0131yor.<\/p>\n<p><strong>En \u00e7ok penalt\u0131 kararlar\u0131 ele\u015ftirildi<\/strong><\/p>\n<p>Sosyal medya kullan\u0131c\u0131lar\u0131n\u0131n ele\u015ftirdi\u011fi pozisyonlar\u0131n ba\u015f\u0131nda %41.8 ile penalt\u0131lar geliyor. \u0130kinci s\u0131rada %30.7 ile gol konu\u015fmalar\u0131, \u00fc\u00e7\u00fcnc\u00fc s\u0131rada ise %17.1 ile ofsayt kararlar\u0131 yer al\u0131yor. Taraftarlar\u0131n en az bahsetti\u011fi konunun ise %10.4 ile k\u0131rm\u0131z\u0131 kart oldu\u011fu g\u00f6r\u00fcl\u00fcyor.<\/p>\n<p><strong>VAR de\u011fil, sistemin yanl\u0131\u015f kullan\u0131m\u0131 ele\u015ftiriliyor<\/strong><\/p>\n<p>Taraftarlar\u0131n VAR hakk\u0131nda konu\u015ftu\u011fu \u00f6ne \u00e7\u0131kan payla\u015f\u0131mlara bak\u0131ld\u0131\u011f\u0131nda, en \u00e7ok etkile\u015fime sahip i\u00e7eriklerin spor yorumcular\u0131, futbolcular ve taraftar gruplar\u0131n\u0131n hesaplar\u0131na ait i\u00e7erikler oldu\u011fu g\u00f6r\u00fcl\u00fcyor. hakk\u0131ndaki i\u00e7erikler oldu\u011fu g\u00f6r\u00fcl\u00fcyor.<\/p>\n<p><strong><i>VAR hakk\u0131nda<\/i><\/strong><strong><i>en \u00e7ok etkile\u015fim alan tweetler \u015fu \u015fekilde:<\/i><\/strong><i> <\/i><strong><br \/>\n<\/strong><br \/>\n\u2018\u2019<strong>@ahmetcakar1:<\/strong> VAR sistemi maalesef daha ilk haftadan patlad\u0131. Son saniye pozisyonu elle oynama ve penalt\u0131. VAR hakemleri de ayn\u0131 g\u00f6r\u00fc\u015fte ki Umut Meler\u2019e tekrar izle dediler. Ama VAR Fenerbah\u00e7e\u2019ye var ama Bursaspor\u2019a YOK&#8230;\u2019\u2019 (11 A\u011fustos 2018)<\/p>\n<p>\u2018\u2019<strong>@ahmetcakar1:<\/strong> Ma\u00e7\u0131n ger\u00e7ek sonucu: Var ve C\u00fcneyt \u00c7ak\u0131r 1 \u2013 Antalyaspor 0\u2019\u2019 (6 Ekim 2018)<\/p>\n<p>\u2018\u2019<strong>@goalradar:<\/strong> Skandal! Bursaspor\u2019un VAR taraf\u0131ndan iptal edilen gol\u00fcnde VAR odas\u0131ndaki hakemler ilk ba\u015fta yerlerinde yoklar. \u00d6zg\u00fcr Yankaya pozisyonu kenardan izledikten sonra hakemler yerine oturuyor.\u2019\u2019 (6 Ekim 2018)<\/p>\n<p>\u2018\u2019<strong>@forzabesiktas:<\/strong> Komedi VAR! Ali Palab\u0131y\u0131k VAR, penalt\u0131 yok&#8230; Yaz\u0131k yaz\u0131k. @TFF_Org\u2019\u2019 (11 A\u011fustos 2018)<\/p>\n<p>\u2018\u2019<strong>@guntekin_resmi:<\/strong> VAR ile hatalar azalacak, tart\u0131\u015fmalar bitecek umudundayd\u0131k \u015fu ana kadar bekledi\u011fimizi bulamad\u0131k. Ben hala umutluyum. Ma\u00e7\u0131 y\u00f6neten hakem ile VAR odas\u0131ndaki hakemler aras\u0131nda \u2018\u2019k\u0131dem\u2019\u2019 fark\u0131 varsa VAR uygulamas\u0131 i\u015flemiyor. Bu sorunu \u00e7\u00f6zmek \u015fart\u2019\u2019 (3 Eyl\u00fcl 2018)<\/p>\n<p>\u2018\u2019<strong>@EljeroElia:<\/strong> I swear this has nothing to do with football. They stole my goal. (Yemin ederim bunun futbolla ilgisi yok. Gol\u00fcm\u00fc \u00e7ald\u0131lar.)\u2019\u2019 (7 Ekim 2018)<\/p>\n<p>\u2018\u2019<strong>@orhankarakurt:<\/strong><span class=\"m_-5295198092408595636apple-converted-space\">Akhisar<\/span>sporlu Seleznov rakibe t\u00fck\u00fcrd\u00fc ve VAR pozisyonu yakalad\u0131. K\u0131rm\u0131z\u0131 kart yedi :)\u2019\u2019 (19 A\u011fustos 2018)<\/p>\n<p>&nbsp;<\/p>\n<p><strong>Edit\u00f6re Not:<\/strong><\/p>\n<p>-Analizlerde yer alan &#8221;n\u00f6tr&#8221; oranlar, olumlu-olumsuz bir yarg\u0131 belirtmeyen yorum, haber ve PR i\u00e7eriklerdir.<\/p>\n<p>-Analiz kapsam\u0131nda 1 Haziran 2018 &#8211; 15 Ekim 2018 aral\u0131\u011f\u0131ndaki d\u00f6nem baz al\u0131nm\u0131\u015ft\u0131r. VAR sisteminin T\u00fcrkiye\u2019de uygulanmaya ba\u015flad\u0131\u011f\u0131 5 A\u011fustos tarihli Galatasaray-Akhisar S\u00fcper Kupa kar\u015f\u0131la\u015fmas\u0131, raporun as\u0131l ba\u015flang\u0131\u00e7 d\u00f6nemi olarak belirlenmi\u015ftir. 5 A\u011fustos \u00f6ncesi d\u00f6neme ait veriler yaln\u0131zca, sistemin uygulamaya ge\u00e7meden \u00f6nce\/ge\u00e7tikten sonra k\u0131yaslamas\u0131 i\u00e7in kullan\u0131lm\u0131\u015ft\u0131r.<\/p>\n<p><i>Reklamc\u0131l\u0131k, Pazarlama ve Marka Y\u00f6netimi konular\u0131nda g\u00fcncel ve trend i\u00e7erikleri okuyucular\u0131yla bulu\u015fturan The Brand Age, Kas\u0131m say\u0131s\u0131nda yer alan birbirinden keyifli r\u00f6portajlar ve haber konular\u0131 ile raflarda. Ayn\u0131 zamanda t\u00fcm i\u00e7eriklere Turkcell Dergilik ve T\u00fcrk Telekom e-dergi\u2019den de \u00fccretsiz ula\u015fabilirsiniz<\/i><\/p>\n","protected":false},"excerpt":{"rendered":"<p>Adba International\u2019\u0131n The Brand Age Dergisi i\u00e7in ger\u00e7ekle\u015ftirdi\u011fi ara\u015ft\u0131rma, T\u00fcrk futbolseverlerin VAR hakk\u0131ndaki sosyal medya konu\u015fmalar\u0131n\u0131 analiz etti. Sosyal medya, y\u00fcz y\u00fcze s\u00f6ylenilmeye \u00e7ekinilen bir\u00e7ok konunun \u00e7ok daha rahat bir \u015fekilde ifade edilebilmesi a\u00e7\u0131s\u0131ndan uygun bir ortam yarat\u0131yor. S\u00f6z konusu co\u015fkunun ve hararetin artt\u0131\u011f\u0131 futbol oldu\u011funda taraftarlar yorumlar\u0131n\u0131 sosyal medyada dile getiriyor. Sosyal CRM ve [&hellip;]<\/p>\n","protected":false},"author":1,"featured_media":25159,"comment_status":"open","ping_status":"open","sticky":false,"template":"","format":"standard","meta":{"ngg_post_thumbnail":0},"categories":[5214],"tags":[300,12338,12337],"_links":{"self":[{"href":"https:\/\/emlaktuel.com\/index.php?rest_route=\/wp\/v2\/posts\/25158"}],"collection":[{"href":"https:\/\/emlaktuel.com\/index.php?rest_route=\/wp\/v2\/posts"}],"about":[{"href":"https:\/\/emlaktuel.com\/index.php?rest_route=\/wp\/v2\/types\/post"}],"author":[{"embeddable":true,"href":"https:\/\/emlaktuel.com\/index.php?rest_route=\/wp\/v2\/users\/1"}],"replies":[{"embeddable":true,"href":"https:\/\/emlaktuel.com\/index.php?rest_route=%2Fwp%2Fv2%2Fcomments&post=25158"}],"version-history":[{"count":1,"href":"https:\/\/emlaktuel.com\/index.php?rest_route=\/wp\/v2\/posts\/25158\/revisions"}],"predecessor-version":[{"id":25160,"href":"https:\/\/emlaktuel.com\/index.php?rest_route=\/wp\/v2\/posts\/25158\/revisions\/25160"}],"wp:featuredmedia":[{"embeddable":true,"href":"https:\/\/emlaktuel.com\/index.php?rest_route=\/wp\/v2\/media\/25159"}],"wp:attachment":[{"href":"https:\/\/emlaktuel.com\/index.php?rest_route=%2Fwp%2Fv2%2Fmedia&parent=25158"}],"wp:term":[{"taxonomy":"category","embeddable":true,"href":"https:\/\/emlaktuel.com\/index.php?rest_route=%2Fwp%2Fv2%2Fcategories&post=25158"},{"taxonomy":"post_tag","embeddable":true,"href":"https:\/\/emlaktuel.com\/index.php?rest_route=%2Fwp%2Fv2%2Ftags&post=25158"}],"curies":[{"name":"wp","href":"https:\/\/api.w.org\/{rel}","templated":true}]}}