{"id":25137,"date":"2018-10-31T22:01:48","date_gmt":"2018-10-31T19:01:48","guid":{"rendered":"https:\/\/emlaktuel.com\/?p=25137"},"modified":"2018-10-31T22:01:48","modified_gmt":"2018-10-31T19:01:48","slug":"mujde-hangi-sektorlerde-kdv-ve-otv-indirimi-yapildi","status":"publish","type":"post","link":"https:\/\/emlaktuel.com\/?p=25137","title":{"rendered":"M\u00dcJDE! hangi sekt\u00f6rlerde KDV ve \u00d6TV indirimi yap\u0131ld\u0131"},"content":{"rendered":"<div class=\"col-sm-12 view5\">\n<h4 class=\"spot selectionShareable\">Hazine ve Maliye Bakan\u0131 Berat Albayrak, 2018 y\u0131l\u0131 sonuna kadar 6 sekt\u00f6rde konuttan beyaz e\u015fyaya, mobilyadan otomotiv sekt\u00f6r\u00fcne kadar Katma De\u011fer Vergisi ve \u00d6zel T\u00fcketim Vergisi indirimlerini a\u00e7\u0131klad\u0131.<\/h4>\n<\/div>\n<div class=\"col-sm-12 view20\">\n<p><strong>Hazine ve Maliye Bakan\u0131 Berat Albayrak<\/strong>, Bakanl\u0131k konferans salonunda yap\u0131lan Vergi Denetim Kurulu (VDK) Strateji De\u011ferlendirme Toplant\u0131s\u0131&#8217;nda \u00e7e\u015fitli a\u00e7\u0131klamalar yapy\u0131.<\/p>\n<h2><strong>&#8216;Pozitif y\u00f6nde geli\u015fmeler sa\u011flad\u0131k&#8217;<\/strong><\/h2>\n<p>&#8220;Ekonomide t\u00fcm g\u00f6stergelerde olduk\u00e7a pozitif geli\u015fmeler sa\u011flad\u0131k. Enflasyonla topyek\u00fcn m\u00fccadele kapsam\u0131nda bug\u00fcn itibariyle programa destek veren STK ve firma say\u0131m\u0131z 2.500&#8217;\u00fc a\u015ft\u0131. T\u00fcm T\u00fcrkiye \u00e7ap\u0131nda m\u00fcthi\u015f bir rakama ula\u015ft\u0131k. Ben bu \u00f6nemli s\u00fcrece destek veren firmalar\u0131m\u0131za tek tek te\u015fekk\u00fcr ediyorum.&#8221;<\/p>\n<h2><strong>&#8216;Kredi faizlerinde y\u00fczde 30&#8217;un alt\u0131na inme ba\u015flad\u0131&#8217;<\/strong><\/h2>\n<p>&#8220;Yapt\u0131\u011f\u0131m\u0131z g\u00fc\u00e7l\u00fc koordinasyonlar ile kredi faizlerinde son 1 ayl\u0131k s\u00fcrede \u00e7ok ciddi pozitif geli\u015fmeler kaydettik. Y\u00fczde 30&#8217;lar\u0131n alt\u0131na inme ba\u015flad\u0131. B\u00fczel bir geli\u015fme, ancak yeterli de\u011fil. Negatif dalga art\u0131k tersine d\u00f6nmeye ba\u015flad\u0131. Bankalarla ilgili sorun ya\u015fayan vatanda\u015f\u0131m\u0131z\u0131n 0850 222 23 35 numaralar\u0131 \u00e7a\u011fr\u0131 hatt\u0131m\u0131za gelen \u015fikayetleri bizzat bakanl\u0131\u011f\u0131m\u0131z, bizzat ben takip ediyorum.&#8221;<\/p>\n<h2><strong>6 sekt\u00f6rde KDV ve \u00d6TV indirimi geldi<\/strong><\/h2>\n<p>1-\u00a0<strong>1600 cc alt\u0131 motorlu ara\u00e7larda<\/strong>\u00a0var olan \u00d6TV uygulamas\u0131nda 15&#8217;er puanl\u0131k indirim yap\u0131yoruz.<\/p>\n<p>2-\u00a0<strong>Ticari ara\u00e7larda<\/strong>\u00a0KDV oran\u0131n\u0131 y\u00fczde 18&#8217;den y\u00fczde 1&#8217;e \u00e7ekiyoruz<\/p>\n<p>3-\u00a0<strong>Mobilya sekt\u00f6r\u00fcnde\u00a0<\/strong>KDV oran\u0131n\u0131 y\u00fczde 18&#8217;den 8&#8217;e indiriyoruz.<\/p>\n<p>4-\u00a0<strong>Tapu har\u00e7lar\u0131n\u0131n<\/strong>\u00a0y\u00fczde 4&#8217;ten 3&#8217;e indirilmesini y\u0131l sonuna kadar devam ettiriyoruz.<\/p>\n<p>5-\u00a0<strong>Konut sat\u0131\u015flar\u0131nda<\/strong>\u00a0KDV oran\u0131n\u0131 y\u00fczde 18&#8217;den 8&#8217;e indirim uygulamas\u0131na y\u0131l sonuna kadar devam ediyoruz.<\/p>\n<p>6-\u00a0<strong>Beyaz e\u015fya sekt\u00f6r\u00fcnde<\/strong>\u00a0\u00d6TV oranlar\u0131n\u0131 y\u0131l sonuna kadar s\u0131f\u0131ra indiriyoruz.<\/p>\n<\/div>\n","protected":false},"excerpt":{"rendered":"<p>Hazine ve Maliye Bakan\u0131 Berat Albayrak, 2018 y\u0131l\u0131 sonuna kadar 6 sekt\u00f6rde konuttan beyaz e\u015fyaya, mobilyadan otomotiv sekt\u00f6r\u00fcne kadar Katma De\u011fer Vergisi ve \u00d6zel T\u00fcketim Vergisi indirimlerini a\u00e7\u0131klad\u0131. Hazine ve Maliye Bakan\u0131 Berat Albayrak, Bakanl\u0131k konferans salonunda yap\u0131lan Vergi Denetim Kurulu (VDK) Strateji De\u011ferlendirme Toplant\u0131s\u0131&#8217;nda \u00e7e\u015fitli a\u00e7\u0131klamalar yapy\u0131. &#8216;Pozitif y\u00f6nde geli\u015fmeler sa\u011flad\u0131k&#8217; &#8220;Ekonomide t\u00fcm g\u00f6stergelerde [&hellip;]<\/p>\n","protected":false},"author":1,"featured_media":5900,"comment_status":"open","ping_status":"open","sticky":false,"template":"","format":"standard","meta":{"ngg_post_thumbnail":0},"categories":[5213],"tags":[12325,12327,6918,12326],"_links":{"self":[{"href":"https:\/\/emlaktuel.com\/index.php?rest_route=\/wp\/v2\/posts\/25137"}],"collection":[{"href":"https:\/\/emlaktuel.com\/index.php?rest_route=\/wp\/v2\/posts"}],"about":[{"href":"https:\/\/emlaktuel.com\/index.php?rest_route=\/wp\/v2\/types\/post"}],"author":[{"embeddable":true,"href":"https:\/\/emlaktuel.com\/index.php?rest_route=\/wp\/v2\/users\/1"}],"replies":[{"embeddable":true,"href":"https:\/\/emlaktuel.com\/index.php?rest_route=%2Fwp%2Fv2%2Fcomments&post=25137"}],"version-history":[{"count":1,"href":"https:\/\/emlaktuel.com\/index.php?rest_route=\/wp\/v2\/posts\/25137\/revisions"}],"predecessor-version":[{"id":25138,"href":"https:\/\/emlaktuel.com\/index.php?rest_route=\/wp\/v2\/posts\/25137\/revisions\/25138"}],"wp:featuredmedia":[{"embeddable":true,"href":"https:\/\/emlaktuel.com\/index.php?rest_route=\/wp\/v2\/media\/5900"}],"wp:attachment":[{"href":"https:\/\/emlaktuel.com\/index.php?rest_route=%2Fwp%2Fv2%2Fmedia&parent=25137"}],"wp:term":[{"taxonomy":"category","embeddable":true,"href":"https:\/\/emlaktuel.com\/index.php?rest_route=%2Fwp%2Fv2%2Fcategories&post=25137"},{"taxonomy":"post_tag","embeddable":true,"href":"https:\/\/emlaktuel.com\/index.php?rest_route=%2Fwp%2Fv2%2Ftags&post=25137"}],"curies":[{"name":"wp","href":"https:\/\/api.w.org\/{rel}","templated":true}]}}