{"id":24933,"date":"2018-10-23T10:56:36","date_gmt":"2018-10-23T07:56:36","guid":{"rendered":"https:\/\/emlaktuel.com\/?p=24933"},"modified":"2018-10-23T10:56:36","modified_gmt":"2018-10-23T07:56:36","slug":"cukurova-balkondan-31-ekime-kadar-cok-ozel-kampanya","status":"publish","type":"post","link":"https:\/\/emlaktuel.com\/?p=24933","title":{"rendered":"\u00c7ukurova Balkon&#8217;dan 31 Ekim&#8217;e kadar \u00e7ok \u00f6zel kampanya"},"content":{"rendered":"<p><strong><em>Y\u00fczde 10 pe\u015fin ve banka kredisiz 10 y\u0131l 0.98 faizle iskan\u0131 al\u0131nm\u0131\u015f, tapusu haz\u0131r, hemen teslim konut f\u0131rsat\u0131<\/em><\/strong><\/p>\n<p><strong><em>SON Grup \u015firketlerinden \u00c7ukurova Gayrimenkul\u2019un, Kartal\u2019da konumlanan projesi \u00c7ukurova Balkon\u2019da k\u0131sa s\u00fcre i\u00e7in ba\u015flatt\u0131\u011f\u0131 \u00f6zel kampanyas\u0131 31 Ekim\u2019de sona eriyor. Kampanya kapsam\u0131nda y\u00fczde 10 pe\u015finat ve banka kredisiz 10 y\u0131la kadar 0.98 faiz f\u0131rsat\u0131 sunan \u00c7ukurova Balkon\u2019dan, sadece 42 bin TL pe\u015finat \u00f6deyerek 120 ayda ayl\u0131k 3.150 TL taksitle konut sahibi olmak m\u00fcmk\u00fcn. 1+1\u2019den 4+1\u2019e kadar her zevke ve ihtiyaca uygun daire alternatifleriyle dikkat \u00e7eken \u00c7ukurova Balkon\u2019un en \u00f6nemli avantajlar\u0131ndan biri iskan\u0131 al\u0131nm\u0131\u015f ve hemen teslim edilen bir proje olmas\u0131. Hem oturum hem de yat\u0131r\u0131m ama\u00e7l\u0131 konut sahibi olmak isteyenlere deniz ve orman manzaral\u0131 balkonlar\u0131, geni\u015f teraslar\u0131 ve bah\u00e7e kullan\u0131m alanlar\u0131 ile sosyal hayat\u0131n merkezinde mavi ve ye\u015fille i\u00e7 i\u00e7e bir ya\u015fam vadeden \u00c7ukurova Gayrimenkul, kiralama konusunda anla\u015fmal\u0131 oldu\u011fu Adason Gayrimenkul Geli\u015ftirme ve Yat\u0131r\u0131m Dan\u0131\u015fmanl\u0131\u011f\u0131 \u015firketi arac\u0131l\u0131\u011f\u0131yla projeden konut alanlara k\u0131sa s\u00fcrede uygun profilde kirac\u0131 da buluyor.<\/em><\/strong><\/p>\n<p>\u0130n\u015faat sekt\u00f6r\u00fcnde 25 y\u0131ld\u0131r binlerce kaliteli konuta imza atan SON Grup b\u00fcnyesindeki \u00c7ukurova Gayrimenkul\u2019un, \u0130stanbul\u2019un h\u0131zla de\u011ferlenen b\u00f6lgesi Kartal\u2019da konumlanan projesi \u00c7ukurova Balkon\u2019da ba\u015flatt\u0131\u011f\u0131 \u00f6zel kampanyas\u0131 31 Ekim\u2019de son buluyor K\u0131sa s\u00fcre i\u00e7in ge\u00e7erli olan kampanya kapsam\u0131nda y\u00fczde 10 pe\u015finat ve banka kredisiz 10 y\u0131la kadar 0.98 faiz oran\u0131yla iskan\u0131 al\u0131nm\u0131\u015f, hemen teslim konut sahibi olmak m\u00fcmk\u00fcn. Bu kampanya ile \u00c7ukurova Balkon\u2019dan 42 bin TL pe\u015finat ve 120 ayda ayl\u0131k 3.150 TL taksitle daire al\u0131nabiliyor.<\/p>\n<h3><strong>Kira garantisi olan daireler<\/strong><\/h3>\n<p>\u00c7ukurova Gayrimenkul, kiralama konusunda anla\u015fmal\u0131 oldu\u011fu Adason Gayrimenkul Geli\u015ftirme ve Yat\u0131r\u0131m Dan\u0131\u015fmanl\u0131\u011f\u0131 \u015firketi arac\u0131l\u0131\u011f\u0131yla projeden konut alanlara k\u0131sa s\u00fcrede uygun profilde kirac\u0131 da buluyor. B\u00f6ylelikle yat\u0131r\u0131m ama\u00e7l\u0131 konut alanlar kirac\u0131 bulmak i\u00e7in hi\u00e7 u\u011fra\u015fmadan h\u0131zl\u0131 bir \u015fekilde kazan\u00e7 elde etmeye ba\u015fl\u0131yor.<\/p>\n<h3><strong>Adalar ve orman manzaras\u0131na hakim geni\u015f balkon ve teraslar<\/strong><\/h3>\n<p>Kartal Adliye Saray\u0131, Maltepe Park AVM ve Piazza AVM\u2019ye 1,5 kilometre, Kartal metrosu, Anatolium AVM ve \u0130KEA\u2019ya 600 metre, Aydos Orman\u0131 y\u00fcr\u00fcy\u00fc\u015f parkuruna 2 dakika mesafede konumlanan \u00c7ukurova Balkon, merkezi konumu sayesinde kolay ula\u015f\u0131m imkan\u0131 sa\u011flad\u0131\u011f\u0131 gibi ayn\u0131 zamanda \u015fehrin g\u00fcr\u00fclt\u00fcs\u00fc ve trafi\u011finden uzak, orman\u0131n yan\u0131 ba\u015f\u0131nda oksijen deposu gibi bir b\u00f6lgede e\u015fsiz manzara sunuyor. Her cephesinde b\u00f6lgenin ayr\u0131 bir manzaras\u0131na a\u00e7\u0131lan \u00c7ukurova Balkon\u2019da t\u00fcm dairelerde b\u00fcy\u00fckl\u00fc\u011f\u00fc oran\u0131nda en az bir balkon bulunuyor. Baz\u0131 dairelerde konumuna ve b\u00fcy\u00fckl\u00fc\u011f\u00fcne g\u00f6re iki ya da \u00fc\u00e7 balkon, baz\u0131 dairelerde ise 30 metreye kadar teras yer al\u0131yor.<\/p>\n<h3><strong>Her ihtiya\u00e7 i\u00e7in uygunlukta daire alternatifi<\/strong><\/h3>\n<p>Her zevke ve ihtiyaca uygun, balkonlu, terasl\u0131, bah\u00e7eli konut alternatifleriyle dikkat \u00e7eken \u00c7ukurova Balkon, ister deniz ve adalar ister orman manzaral\u0131 daireleriyle \u015fehrin merkezinde mavi ve ye\u015fille i\u00e7 i\u00e7e ya\u015fama imkan\u0131 sunuyor. Projede, ayn\u0131 b\u00fcy\u00fckl\u00fckteki dairelerin bile i\u00e7 mimarisi ve metrekare da\u011f\u0131l\u0131m\u0131 de\u011fi\u015fiyor. Tercihe g\u00f6re kimi dairelerin salonu, kimi dairelerin ise mutfak ya da yatak odalar\u0131n\u0131n farkl\u0131 b\u00fcy\u00fckl\u00fcklerde planland\u0131\u011f\u0131 \u00c7ukurova Balkon\u2019da, 3 farkl\u0131 tipte 1+1, 60 farkl\u0131 tipte 2+1, 10 farkl\u0131 tipte 3+1 ve 5 farkl\u0131 tipte 4+1 daire yer al\u0131yor.<\/p>\n<h3><strong>\u0130ki kat kapal\u0131 sosyal tesis alan\u0131 ve y\u00fczde 85 ye\u015fil alan <\/strong><\/h3>\n<p>Y\u00fczde 85\u2019i ye\u015fil alandan olu\u015fan \u00c7ukurova Balkon\u2019da 750 metrekarelik iki katl\u0131 kapal\u0131 sosyal tesis alan\u0131 mevcut. Projenin sosyal alanlar\u0131 i\u00e7inde; yar\u0131 olimpik a\u00e7\u0131k y\u00fczme havuzu, a\u00e7\u0131k alanda tenis kortu, basketbol sahas\u0131, \u00e7ok ama\u00e7l\u0131 saha, barbek\u00fc ve y\u00fcr\u00fcy\u00fc\u015f alan\u0131 yer al\u0131yor. Hobi odas\u0131, \u00e7ocuk oyun alanlar\u0131, \u00e7ocuk y\u00fczme havuzu, fitness merkezi, sauna ve buhar odas\u0131, kafeterya, toplant\u0131 odalar\u0131, fotokopi odas\u0131, hobi odalar\u0131, kapal\u0131 otopark ise projenin di\u011fer sosyal alanlar\u0131n\u0131 olu\u015fturuyor. Kapal\u0131 otoparklarda 1+1, 2+1 ve 3+1 daireler i\u00e7in birer, 4+1 daireler i\u00e7inse iki\u015fer ara\u00e7l\u0131k park yeri bulunuyor. Kameral\u0131 g\u00fcvenli\u011fin bulundu\u011fu projede, zemin katta bulunan depo alanlar\u0131 ardiye olarak kullan\u0131labiliyor.<\/p>\n<h3><strong>Neden Kartal b\u00f6lgesini tercih etmelisiniz?<\/strong><\/h3>\n<p>\u0130stanbul\u2019un en h\u0131zl\u0131 d\u00f6n\u00fc\u015fen ve d\u00f6n\u00fc\u015fmeye devam eden il\u00e7esi Kartal, Anadolu Yakas\u0131\u2019n\u0131n Maslak\u2019\u0131, Levent\u2019i olma yolunda ilerleyerek yeni bir cazibe merkezine d\u00f6n\u00fc\u015ft\u00fc. Sabiha G\u00f6k\u00e7en Havaliman\u0131, Osmangazi K\u00f6pr\u00fcs\u00fc gibi \u00f6nemli lokasyonlara yak\u0131nl\u0131\u011f\u0131 ile dikkat \u00e7eken Kartal; E-5 ve TEM ba\u011flant\u0131 g\u00fczergahlar\u0131, deniz otob\u00fcs\u00fc, h\u0131zl\u0131 feribot, Marmaray ve metro gibi ula\u015f\u0131m merkezlerinin tam merkezinde olmas\u0131 nedeniyle hem ya\u015famak hem de yat\u0131r\u0131m yapmak i\u00e7in olduk\u00e7a avantajl\u0131 bir b\u00f6lge haline geldi. Al\u0131\u015fveri\u015f ve ya\u015fam merkezleri, hastaneler, \u00fcniversite ve okullar a\u00e7\u0131s\u0131ndan zengin bir il\u00e7e olan Kartal, hayat\u0131n merkezinde konumlan\u0131yor olmas\u0131na ra\u011fmen uzun sahil \u015feridi, adalara ve Aydos Orman\u0131\u2019na yak\u0131nl\u0131k gibi \u00f6zellikleriyle ayn\u0131 zamanda do\u011fayla i\u00e7 i\u00e7e bir ya\u015fama imkan tan\u0131yor. Uzmanlar \u00f6n\u00fcm\u00fczdeki birka\u00e7 y\u0131l i\u00e7inde \u00e7ok daha h\u0131zl\u0131 bir ivmeyle de\u011ferlenmesi beklenen Kartal\u2019dan yat\u0131r\u0131m ama\u00e7l\u0131 konut alanlar\u0131n dairelerini \u00e7ok h\u0131zl\u0131 bir \u015fekilde kiraya verebildiklerini ya da istedikleri zaman de\u011ferinde ve \u00e7ok k\u0131sa s\u00fcrede rahatl\u0131kla satabildiklerini a\u00e7\u0131kl\u0131yor. B\u00f6lgenin \u00f6zelliklerine k\u0131yasla \u015fu an itibariyle olduk\u00e7a uygun olan konut fiyatlar\u0131n\u0131n gelecek d\u00f6nemde artmas\u0131 bekleniyor.<\/p>\n<p>&nbsp;<\/p>\n","protected":false},"excerpt":{"rendered":"<p>Y\u00fczde 10 pe\u015fin ve banka kredisiz 10 y\u0131l 0.98 faizle iskan\u0131 al\u0131nm\u0131\u015f, tapusu haz\u0131r, hemen teslim konut f\u0131rsat\u0131 SON Grup \u015firketlerinden \u00c7ukurova Gayrimenkul\u2019un, Kartal\u2019da konumlanan projesi \u00c7ukurova Balkon\u2019da k\u0131sa s\u00fcre i\u00e7in ba\u015flatt\u0131\u011f\u0131 \u00f6zel kampanyas\u0131 31 Ekim\u2019de sona eriyor. Kampanya kapsam\u0131nda y\u00fczde 10 pe\u015finat ve banka kredisiz 10 y\u0131la kadar 0.98 faiz f\u0131rsat\u0131 sunan \u00c7ukurova Balkon\u2019dan, [&hellip;]<\/p>\n","protected":false},"author":1,"featured_media":24934,"comment_status":"open","ping_status":"open","sticky":false,"template":"","format":"standard","meta":{"ngg_post_thumbnail":0},"categories":[5388],"tags":[6954,12260,12261,6955,8423],"_links":{"self":[{"href":"https:\/\/emlaktuel.com\/index.php?rest_route=\/wp\/v2\/posts\/24933"}],"collection":[{"href":"https:\/\/emlaktuel.com\/index.php?rest_route=\/wp\/v2\/posts"}],"about":[{"href":"https:\/\/emlaktuel.com\/index.php?rest_route=\/wp\/v2\/types\/post"}],"author":[{"embeddable":true,"href":"https:\/\/emlaktuel.com\/index.php?rest_route=\/wp\/v2\/users\/1"}],"replies":[{"embeddable":true,"href":"https:\/\/emlaktuel.com\/index.php?rest_route=%2Fwp%2Fv2%2Fcomments&post=24933"}],"version-history":[{"count":1,"href":"https:\/\/emlaktuel.com\/index.php?rest_route=\/wp\/v2\/posts\/24933\/revisions"}],"predecessor-version":[{"id":24935,"href":"https:\/\/emlaktuel.com\/index.php?rest_route=\/wp\/v2\/posts\/24933\/revisions\/24935"}],"wp:featuredmedia":[{"embeddable":true,"href":"https:\/\/emlaktuel.com\/index.php?rest_route=\/wp\/v2\/media\/24934"}],"wp:attachment":[{"href":"https:\/\/emlaktuel.com\/index.php?rest_route=%2Fwp%2Fv2%2Fmedia&parent=24933"}],"wp:term":[{"taxonomy":"category","embeddable":true,"href":"https:\/\/emlaktuel.com\/index.php?rest_route=%2Fwp%2Fv2%2Fcategories&post=24933"},{"taxonomy":"post_tag","embeddable":true,"href":"https:\/\/emlaktuel.com\/index.php?rest_route=%2Fwp%2Fv2%2Ftags&post=24933"}],"curies":[{"name":"wp","href":"https:\/\/api.w.org\/{rel}","templated":true}]}}