{"id":24930,"date":"2018-10-23T10:47:54","date_gmt":"2018-10-23T07:47:54","guid":{"rendered":"https:\/\/emlaktuel.com\/?p=24930"},"modified":"2018-10-23T10:47:54","modified_gmt":"2018-10-23T07:47:54","slug":"hem-guvenlik-hem-emlak-sektorunun-kazanacagi-is-birligi","status":"publish","type":"post","link":"https:\/\/emlaktuel.com\/?p=24930","title":{"rendered":"Hem g\u00fcvenlik hem emlak sekt\u00f6r\u00fcn\u00fcn kazanaca\u011f\u0131 i\u015f birli\u011fi"},"content":{"rendered":"<p><strong>T\u00fcrkiye\u2019nin lider g\u00fcvenlik \u015firketi Pronet, H\u00fcrriyet Emlak ile hem g\u00fcvenlik hem de emlak sekt\u00f6r\u00fcn\u00fcn yar\u0131nlar\u0131 i\u00e7in \u00f6nemli bir i\u015f birli\u011fine imza att\u0131. Pronet, H\u00fcrriyet Emlak ile ger\u00e7ekle\u015ftirmeye ba\u015flad\u0131\u011f\u0131 i\u015f birli\u011fi kapsam\u0131nda emlak ofisleri ve son kullan\u0131c\u0131lara \u00f6nemli f\u0131rsatlar sunuyor.<\/strong><\/p>\n<p>T\u00fcrkiye\u2019nin lider g\u00fcvenlik \u015firketi Pronet, i\u015f birli\u011fi kapsam\u0131nda H\u00fcrriyet Emlak\u2019a kay\u0131tl\u0131 emlak ofisleri arac\u0131\u011f\u0131yla m\u00fc\u015fterisi olan her yeni kullan\u0131c\u0131 i\u00e7in emlak ofislerine toplamda 1.200 TL\u2019lik bir destek sa\u011flayacak. Pronet bu miktar\u0131n 800 TL\u2019sini emlak ofislerine nakit olarak \u00f6deyecek. Emlak ofisleri, geriye kalan 400 TL\u2019lik miktar\u0131 ise H\u00fcrriyet Emlak web sayfas\u0131nda \u00f6n plana \u00e7\u0131karmak istedikleri destek \u00fcr\u00fcn\u00fc olarak de\u011ferlendirebilecekler. H\u00fcrriyet Emlak\u2019a kay\u0131tl\u0131 emlak ofisleri, i\u015f birli\u011fiyle maddi kazanc\u0131n yan\u0131 s\u0131ra portf\u00f6ylerinde yer alan m\u00fc\u015fterilerine fayda sa\u011flayacak bir g\u00fcvenlik hizmetini de sunmu\u015f olacaklar.<\/p>\n<p>H\u00fcrriyet Emlak ile ger\u00e7ekle\u015ftirilen i\u015f birli\u011fini de\u011ferlendiren Pronet Pazarlama ve \u0130\u015f Geli\u015ftirmeden Sorumlu Genel M\u00fcd\u00fcr Yard\u0131mc\u0131s\u0131 Ediz Habip, \u201cPronet olarak sundu\u011fumuz yenilik\u00e7i g\u00fcvenlik \u00e7\u00f6z\u00fcmleriyle sekt\u00f6rdeki liderli\u011fini devam ettiriyoruz. A\u011fustos ay\u0131 itibariyle H\u00fcrriyet Emlak ile ger\u00e7ekle\u015ftirmeye ba\u015flad\u0131\u011f\u0131m\u0131z i\u015f birli\u011finin, gayrimenkul sekt\u00f6r\u00fcn\u00fcn yar\u0131nlar\u0131 i\u00e7in at\u0131lm\u0131\u015f \u00f6nemli bir ad\u0131m olabilece\u011fini d\u00fc\u015f\u00fcn\u00fcyorum. Mevcut durumda emlak ofislerinin i\u015f birli\u011fimize g\u00f6sterdi\u011fi yo\u011fun ilgi, ne kadar do\u011fru bir proje ger\u00e7ekle\u015ftirdi\u011fimizi ortaya koyuyor\u201d dedi.<\/p>\n","protected":false},"excerpt":{"rendered":"<p>T\u00fcrkiye\u2019nin lider g\u00fcvenlik \u015firketi Pronet, H\u00fcrriyet Emlak ile hem g\u00fcvenlik hem de emlak sekt\u00f6r\u00fcn\u00fcn yar\u0131nlar\u0131 i\u00e7in \u00f6nemli bir i\u015f birli\u011fine imza att\u0131. Pronet, H\u00fcrriyet Emlak ile ger\u00e7ekle\u015ftirmeye ba\u015flad\u0131\u011f\u0131 i\u015f birli\u011fi kapsam\u0131nda emlak ofisleri ve son kullan\u0131c\u0131lara \u00f6nemli f\u0131rsatlar sunuyor. T\u00fcrkiye\u2019nin lider g\u00fcvenlik \u015firketi Pronet, i\u015f birli\u011fi kapsam\u0131nda H\u00fcrriyet Emlak\u2019a kay\u0131tl\u0131 emlak ofisleri arac\u0131\u011f\u0131yla m\u00fc\u015fterisi olan [&hellip;]<\/p>\n","protected":false},"author":1,"featured_media":24931,"comment_status":"open","ping_status":"open","sticky":false,"template":"","format":"standard","meta":{"ngg_post_thumbnail":0},"categories":[26],"tags":[9025,7905],"_links":{"self":[{"href":"https:\/\/emlaktuel.com\/index.php?rest_route=\/wp\/v2\/posts\/24930"}],"collection":[{"href":"https:\/\/emlaktuel.com\/index.php?rest_route=\/wp\/v2\/posts"}],"about":[{"href":"https:\/\/emlaktuel.com\/index.php?rest_route=\/wp\/v2\/types\/post"}],"author":[{"embeddable":true,"href":"https:\/\/emlaktuel.com\/index.php?rest_route=\/wp\/v2\/users\/1"}],"replies":[{"embeddable":true,"href":"https:\/\/emlaktuel.com\/index.php?rest_route=%2Fwp%2Fv2%2Fcomments&post=24930"}],"version-history":[{"count":1,"href":"https:\/\/emlaktuel.com\/index.php?rest_route=\/wp\/v2\/posts\/24930\/revisions"}],"predecessor-version":[{"id":24932,"href":"https:\/\/emlaktuel.com\/index.php?rest_route=\/wp\/v2\/posts\/24930\/revisions\/24932"}],"wp:featuredmedia":[{"embeddable":true,"href":"https:\/\/emlaktuel.com\/index.php?rest_route=\/wp\/v2\/media\/24931"}],"wp:attachment":[{"href":"https:\/\/emlaktuel.com\/index.php?rest_route=%2Fwp%2Fv2%2Fmedia&parent=24930"}],"wp:term":[{"taxonomy":"category","embeddable":true,"href":"https:\/\/emlaktuel.com\/index.php?rest_route=%2Fwp%2Fv2%2Fcategories&post=24930"},{"taxonomy":"post_tag","embeddable":true,"href":"https:\/\/emlaktuel.com\/index.php?rest_route=%2Fwp%2Fv2%2Ftags&post=24930"}],"curies":[{"name":"wp","href":"https:\/\/api.w.org\/{rel}","templated":true}]}}