{"id":24890,"date":"2018-10-21T14:07:05","date_gmt":"2018-10-21T11:07:05","guid":{"rendered":"https:\/\/emlaktuel.com\/?p=24890"},"modified":"2018-10-21T14:07:05","modified_gmt":"2018-10-21T11:07:05","slug":"kocaeli-metrosu-icin-temel-atildi","status":"publish","type":"post","link":"https:\/\/emlaktuel.com\/?p=24890","title":{"rendered":"Kocaeli metrosu i\u00e7in temel at\u0131ld\u0131"},"content":{"rendered":"<p class=\"td-post-sub-title\">Kocaeli Belediyesi taraf\u0131ndan 5 milyar liral\u0131k yat\u0131r\u0131m bedeli ile hayata ge\u00e7irilecek metro hatt\u0131 i\u00e7in ilk etab\u0131n\u0131 olu\u015fturacak olan Gebze OSB-Dar\u0131ca Sahil hatt\u0131n\u0131n temeli TBMM Ba\u015fkan\u0131 Binali Y\u0131ld\u0131r\u0131m&#8217;\u0131n da kat\u0131l\u0131m\u0131yla t\u00f6renle at\u0131ld\u0131.<\/p>\n<div>\n<p>TBMM Ba\u015fkan\u0131 Binali Y\u0131ld\u0131r\u0131m, AK Parti Kocaeli milletvekilleri Fikri I\u015f\u0131k, \u0130lyas \u015eeker, Radiye Sezer Kat\u0131rc\u0131o\u011flu ve Cemil Yaman, Kocaeli Valisi\u00a0H\u00fcseyin Aksoy, Kocaeli B\u00fcy\u00fck\u015fehir Belediye Ba\u015fkan\u0131\u00a0\u0130brahim Karaosmano\u011flu, Ula\u015ft\u0131rma ve Altyap\u0131 Bakan Yard\u0131mc\u0131s\u0131 Enver \u0130skurt, \u0130stanbul B\u00fcy\u00fck\u015fehir Belediyesi Genel Sekreteri Hayri Bara\u00e7l\u0131 ve il\u00e7e belediye ba\u015fkanlar\u0131 ile vatanda\u015flar\u0131n kat\u0131ld\u0131\u011f\u0131 t\u00f6renle; Kocaeli Belediyesi taraf\u0131ndan yap\u0131lacak olan metronun ilk etab\u0131n\u0131 olu\u015fturan, 15.6 kilometre uzunlu\u011funda, 6.5 metre \u00e7ap\u0131nda 2 t\u00fcnelden ve 12 istasyondan meydana gelecek olan Gebze OSB-Dar\u0131ca Sahil aras\u0131ndaki metro hatt\u0131n\u0131n temeli d\u00fcn at\u0131ld\u0131.<\/p>\n<p>\u0130ki ana durak aras\u0131ndaki ula\u015f\u0131m\u0131 19 dakika olacak olan metro hatt\u0131n\u0131n 2022\u2019de a\u00e7\u0131lmas\u0131 planlan\u0131yor. Kocaeli\u2019de yap\u0131lacak metro \u00e7al\u0131\u015fmalar\u0131n\u0131n yakla\u015f\u0131k toplam maliyeti 5 milyar lira olmas\u0131\u00a0planlan\u0131yor.<\/p>\n<div class=\"td-a-rec td-a-rec-id-content_bottom  td_uid_3_5bcb2641bf0a6_rand td_block_template_1\">\n<div id=\"wpcf7-f167807-p211236-o1\" class=\"wpcf7\" dir=\"ltr\" lang=\"tr-TR\" role=\"form\"><\/div>\n<\/div>\n<\/div>\n","protected":false},"excerpt":{"rendered":"<p>Kocaeli Belediyesi taraf\u0131ndan 5 milyar liral\u0131k yat\u0131r\u0131m bedeli ile hayata ge\u00e7irilecek metro hatt\u0131 i\u00e7in ilk etab\u0131n\u0131 olu\u015fturacak olan Gebze OSB-Dar\u0131ca Sahil hatt\u0131n\u0131n temeli TBMM Ba\u015fkan\u0131 Binali Y\u0131ld\u0131r\u0131m&#8217;\u0131n da kat\u0131l\u0131m\u0131yla t\u00f6renle at\u0131ld\u0131. TBMM Ba\u015fkan\u0131 Binali Y\u0131ld\u0131r\u0131m, AK Parti Kocaeli milletvekilleri Fikri I\u015f\u0131k, \u0130lyas \u015eeker, Radiye Sezer Kat\u0131rc\u0131o\u011flu ve Cemil Yaman, Kocaeli Valisi\u00a0H\u00fcseyin Aksoy, Kocaeli B\u00fcy\u00fck\u015fehir Belediye [&hellip;]<\/p>\n","protected":false},"author":1,"featured_media":24891,"comment_status":"open","ping_status":"open","sticky":false,"template":"","format":"standard","meta":{"ngg_post_thumbnail":0},"categories":[26],"tags":[12246],"_links":{"self":[{"href":"https:\/\/emlaktuel.com\/index.php?rest_route=\/wp\/v2\/posts\/24890"}],"collection":[{"href":"https:\/\/emlaktuel.com\/index.php?rest_route=\/wp\/v2\/posts"}],"about":[{"href":"https:\/\/emlaktuel.com\/index.php?rest_route=\/wp\/v2\/types\/post"}],"author":[{"embeddable":true,"href":"https:\/\/emlaktuel.com\/index.php?rest_route=\/wp\/v2\/users\/1"}],"replies":[{"embeddable":true,"href":"https:\/\/emlaktuel.com\/index.php?rest_route=%2Fwp%2Fv2%2Fcomments&post=24890"}],"version-history":[{"count":1,"href":"https:\/\/emlaktuel.com\/index.php?rest_route=\/wp\/v2\/posts\/24890\/revisions"}],"predecessor-version":[{"id":24892,"href":"https:\/\/emlaktuel.com\/index.php?rest_route=\/wp\/v2\/posts\/24890\/revisions\/24892"}],"wp:featuredmedia":[{"embeddable":true,"href":"https:\/\/emlaktuel.com\/index.php?rest_route=\/wp\/v2\/media\/24891"}],"wp:attachment":[{"href":"https:\/\/emlaktuel.com\/index.php?rest_route=%2Fwp%2Fv2%2Fmedia&parent=24890"}],"wp:term":[{"taxonomy":"category","embeddable":true,"href":"https:\/\/emlaktuel.com\/index.php?rest_route=%2Fwp%2Fv2%2Fcategories&post=24890"},{"taxonomy":"post_tag","embeddable":true,"href":"https:\/\/emlaktuel.com\/index.php?rest_route=%2Fwp%2Fv2%2Ftags&post=24890"}],"curies":[{"name":"wp","href":"https:\/\/api.w.org\/{rel}","templated":true}]}}