{"id":24868,"date":"2018-10-20T12:36:56","date_gmt":"2018-10-20T09:36:56","guid":{"rendered":"https:\/\/emlaktuel.com\/?p=24868"},"modified":"2018-10-20T13:12:00","modified_gmt":"2018-10-20T10:12:00","slug":"nlogo-istanbula-korfezden-yabanci-ilgisi","status":"publish","type":"post","link":"https:\/\/emlaktuel.com\/?p=24868","title":{"rendered":"Nlogo \u0130stanbul&#8217;a k\u00f6rfezden yabanc\u0131 ilgisi"},"content":{"rendered":"<h4 class=\"post-subtitle\">\u00d6zyurtlar Holding taraf\u0131ndan Esenyurt\u2019ta\u00a0 hayata ge\u00e7irilen proje \u2018<a href=\"https:\/\/emlaktuel.com\/?s=nlogo\">Nlogo<\/a> \u0130stanbul\u2019a K\u00f6rfez\u2019li yat\u0131r\u0131mc\u0131lardan olduk\u00e7a yo\u011fun bir talep geliyor.<\/h4>\n<p><strong>\u00d6zyurtlar Holding\u2019in\u00a0<\/strong><strong>Esenyurt\u2019ta hayata ge\u00e7irdi\u011fi projesi dev projesi \u2018Nlogo\u00a0\u0130stanbul\u2019a K\u00f6rfez\u2019den\u00a0 yo\u011fun talep geliyor. Nlogo \u0130stanbul&#8217;da sat\u0131\u015flar\u0131n y\u00fczde 95\u2019i tamamland\u0131i Projede<\/strong><strong>\u00a0konutlar\u0131n 2 bin tanesi yabanc\u0131 yat\u0131r\u0131mc\u0131lara sat\u0131ld\u0131, bunlar\u0131n y\u00fczde 50\u2019sini ise K\u00f6rfez \u00fclkeleri olu\u015fturuyor&#8230;<\/strong><\/p>\n<p>Gayrimenkul sekt\u00f6r\u00fcn\u00fcn \u00f6nc\u00fc markalar\u0131ndan \u00d6zyurtlar Holding&#8217;in, Esenyurt\u2019un merkezindeki projesi \u2018Nlogo\u00a0\u0130stanbul\u2019a yabanc\u0131 yat\u0131r\u0131mc\u0131lardan yo\u011fun talep var. Nlogo 2 bin 700 daire ve 70 ticari birimden meydana geliyor ve sat\u0131\u015flar\u0131n y\u00fczde 95\u2019inin tamamland\u0131\u011f\u0131 \u2018<a href=\"https:\/\/emlaktuel.com\/2018\/09\/04\/nlogo-istanbulda-yasam-basladi\/\">NLogo<\/a> \u0130stanbul\u2019 projesinde konutlar\u0131n 2 bin tanesi Arap yat\u0131r\u0131mc\u0131lar taraf\u0131ndan sat\u0131n al\u0131nd\u0131. 2019 y\u0131l\u0131 son \u00e7eyre\u011finde bitirilmesi d\u00fc\u015f\u00fcn\u00fclen projede ticari \u00fcnitelerin de y\u00fczde 75\u2019inin sat\u0131\u015f\u0131 tamamland\u0131. 2018 y\u0131l\u0131n\u0131n ilk teslimini ger\u00e7ekle\u015ftirdiklerini s\u00f6yleyen \u00d6zyurtlar Holding Y\u00f6netim Kurulu Ba\u015fkan\u0131 Tamer \u00d6zyurt, \u2018NLogo \u0130stanbul\u2019da 2 bin 700 dairenin bin 800\u2019\u00fcn\u00fcn teslimini ger\u00e7ekle\u015ftirdik. Bu dairelerin620 tanesinde oturum ba\u015flad\u0131. Projemize Arap yat\u0131r\u0131mc\u0131lardan ciddi talep var. Sat\u0131\u015flar\u0131n y\u00fczde 95\u2019inin tamamland\u0131\u011f\u0131 \u2018NLogo \u0130stanbul\u2019da dairelerin 2 bin adedi Yabanc\u0131 yat\u0131r\u0131mc\u0131lar taraf\u0131ndan sat\u0131n al\u0131nd\u0131, bunlar\u0131n y\u00fczde 50\u2019sini ise K\u00f6rfez \u00fclkeleri olu\u015fturuyor. Yat\u0131r\u0131mc\u0131 \u00e7ekmek i\u00e7in ciddi \u00e7al\u0131\u015fma y\u00fcr\u00fct\u00fcyoruz. Konuyla ilgili yurt d\u0131\u015f\u0131ndan 350 acente ile \u00e7al\u0131\u015f\u0131yoruz, \u00f6zellikle 20 acente ile \u00e7ok yo\u011fun i\u015f birliklerimiz var\u201d diye konu\u015ftu.<\/p>\n<h3><strong>Yabanc\u0131lara vatanda\u015fl\u0131k i\u00e7in \u00f6zel birim kuruldu<\/strong><\/h3>\n<p>Ge\u00e7en ay T\u00fcrkiye\u2019den 250 bin dolarl\u0131k ev alan yabanc\u0131ya vatanda\u015fl\u0131k hakk\u0131 verilmesi karar\u0131n\u0131n \u00e7\u0131kmas\u0131 ile yabanc\u0131 yat\u0131r\u0131mc\u0131ya y\u00f6nelik bir hukuk birimi kurduklar\u0131n\u0131 s\u00f6yleyen Tamer \u00d6zyurt, s\u00fcreci yat\u0131r\u0131mc\u0131 ad\u0131na takip ettiklerini s\u00f6yledi. Yabanc\u0131lar\u0131n \u00e7ok yo\u011fun ilgisi nedeniyle b\u00f6yle bir hizmet verme karar\u0131 ald\u0131klar\u0131n\u0131 s\u00f6yleyen \u00d6zyurt \u201c<strong>Projelerimize \u00e7ok ciddi yabanc\u0131 ilgisi oldu ve biz de bir jest yapmak istedik ve bir hukuk birimi kurduk. Bu birimimiz \u00fccretsiz dan\u0131\u015fmanl\u0131k hizmeti veriyor ayr\u0131ca \u00d6zyurtlar Holding projelerinden daire alan yabanc\u0131lara yine \u00fccretsiz olacak \u015fekilde yat\u0131r\u0131mc\u0131 ad\u0131na ba\u015fvuruda bulunuyor. Sonras\u0131nda da t\u00fcm s\u00fcreci takip ediyor\u201d<\/strong> dedi.<\/p>\n<p>\u0130stanbul Avrupa Yakas\u0131\u2019da b\u00f6lgenin sembol\u00fc olmaya aday projesi \u2018<a href=\"https:\/\/emlaktuel.com\/?s=nlogo\"><strong>Nlogo\u00a0\u0130stanbul<\/strong><\/a>\u2019 310 bin m\u00b2 in\u015faat alan\u0131nda ve 2 etapta 7 blok halinde in\u015fa ediliyor. \u2018<a href=\"https:\/\/emlaktuel.com\/2018\/09\/04\/nlogo-istanbulda-yasam-basladi\/\">Nlogo<\/a>\u00a0\u0130stanbul\u2019 b\u00fcnyesinde toplam 2 bin 700 daire ve 70d\u00fckkan bulunuyor. Her etapta 1+0\u2019dan 3+1\u2019e farkl\u0131 tip ve b\u00fcy\u00fckl\u00fcklerde dairelerin bulundu\u011fu projede 1+0 daireler 40 metrekare, 1+1 daireler 80 metrekare, 2+1 daireler 125 metrekare, 3+1 daireler ise 140 metrekare olarakplanland\u0131. Nlogo \u0130stanbul projesinde daire fiyatlar\u0131 ise 265 bin TL ile 1 milyon 35 bin TL aras\u0131nda de\u011fi\u015fiyor. \u2018Nlogo\u00a0\u0130stanbul\u2019un sosyal donat\u0131lar\u0131 aras\u0131nda ise \u00e7ocuk oyun alanlar\u0131, \u00e7ocuk oyun odas\u0131, s\u00fcs havuzlar\u0131,rekreasyon alanlar\u0131, y\u00fcr\u00fcy\u00fc\u015f parkurlar\u0131, basketbol sahas\u0131, a\u00e7\u0131k ve kapal\u0131 y\u00fczme havuzu, T\u00fcrk Hamam\u0131, sauna, giyinme odalar\u0131, spor salonu, fitnesscenter, lobi, cafe-bar vesinema salonu yer al\u0131yor.Merkezi konumuyla da dikkat \u00e7eken \u2018<a href=\"https:\/\/emlaktuel.com\/2018\/09\/04\/nlogo-istanbulda-yasam-basladi\/\">Nlogo<\/a>\u00a0\u0130stanbul\u2019, 5M Migros\u2019a, Ko\u00e7ta\u015f\u2019a, MarmaraparkAVM\u2019ye, Real Hipermarket\u2019e,\u00a0ToriumAVM\u2019ye ve Akbat\u0131AVM\u2019ye 5 dakika ve Atat\u00fcrk Havaliman\u0131\u2019na 15 dakika mesafede bulunuyor.<\/p>\n<div class=\"post-meta-wrap clearfix\"><\/div>\n","protected":false},"excerpt":{"rendered":"<p>\u00d6zyurtlar Holding taraf\u0131ndan Esenyurt\u2019ta\u00a0 hayata ge\u00e7irilen proje \u2018Nlogo \u0130stanbul\u2019a K\u00f6rfez\u2019li yat\u0131r\u0131mc\u0131lardan olduk\u00e7a yo\u011fun bir talep geliyor. \u00d6zyurtlar Holding\u2019in\u00a0Esenyurt\u2019ta hayata ge\u00e7irdi\u011fi projesi dev projesi \u2018Nlogo\u00a0\u0130stanbul\u2019a K\u00f6rfez\u2019den\u00a0 yo\u011fun talep geliyor. Nlogo \u0130stanbul&#8217;da sat\u0131\u015flar\u0131n y\u00fczde 95\u2019i tamamland\u0131i Projede\u00a0konutlar\u0131n 2 bin tanesi yabanc\u0131 yat\u0131r\u0131mc\u0131lara sat\u0131ld\u0131, bunlar\u0131n y\u00fczde 50\u2019sini ise K\u00f6rfez \u00fclkeleri olu\u015fturuyor&#8230; Gayrimenkul sekt\u00f6r\u00fcn\u00fcn \u00f6nc\u00fc markalar\u0131ndan \u00d6zyurtlar Holding&#8217;in, Esenyurt\u2019un [&hellip;]<\/p>\n","protected":false},"author":1,"featured_media":6024,"comment_status":"open","ping_status":"open","sticky":false,"template":"","format":"standard","meta":{"ngg_post_thumbnail":0},"categories":[5388],"tags":[713,4772,11943,12228,8268,2208],"_links":{"self":[{"href":"https:\/\/emlaktuel.com\/index.php?rest_route=\/wp\/v2\/posts\/24868"}],"collection":[{"href":"https:\/\/emlaktuel.com\/index.php?rest_route=\/wp\/v2\/posts"}],"about":[{"href":"https:\/\/emlaktuel.com\/index.php?rest_route=\/wp\/v2\/types\/post"}],"author":[{"embeddable":true,"href":"https:\/\/emlaktuel.com\/index.php?rest_route=\/wp\/v2\/users\/1"}],"replies":[{"embeddable":true,"href":"https:\/\/emlaktuel.com\/index.php?rest_route=%2Fwp%2Fv2%2Fcomments&post=24868"}],"version-history":[{"count":3,"href":"https:\/\/emlaktuel.com\/index.php?rest_route=\/wp\/v2\/posts\/24868\/revisions"}],"predecessor-version":[{"id":24874,"href":"https:\/\/emlaktuel.com\/index.php?rest_route=\/wp\/v2\/posts\/24868\/revisions\/24874"}],"wp:featuredmedia":[{"embeddable":true,"href":"https:\/\/emlaktuel.com\/index.php?rest_route=\/wp\/v2\/media\/6024"}],"wp:attachment":[{"href":"https:\/\/emlaktuel.com\/index.php?rest_route=%2Fwp%2Fv2%2Fmedia&parent=24868"}],"wp:term":[{"taxonomy":"category","embeddable":true,"href":"https:\/\/emlaktuel.com\/index.php?rest_route=%2Fwp%2Fv2%2Fcategories&post=24868"},{"taxonomy":"post_tag","embeddable":true,"href":"https:\/\/emlaktuel.com\/index.php?rest_route=%2Fwp%2Fv2%2Ftags&post=24868"}],"curies":[{"name":"wp","href":"https:\/\/api.w.org\/{rel}","templated":true}]}}