{"id":24714,"date":"2018-10-15T10:55:38","date_gmt":"2018-10-15T07:55:38","guid":{"rendered":"http:\/\/emlaktuel.com\/?p=24714"},"modified":"2018-10-16T13:48:20","modified_gmt":"2018-10-16T10:48:20","slug":"fuzulev-1453-engeliler-spor-kulubu-ile-sponsorluk-anlasmasi-yeniledi-tekerlekli-sandalye-basketbol-bolgesel-liginde-mucadele-eden-1453-engelliler-spor-kulubu-ile-bir-yillik-anlasma-imzalayan-fuzu","status":"publish","type":"post","link":"https:\/\/emlaktuel.com\/?p=24714","title":{"rendered":"FuzulEv, 1453 Engeliler Spor Kul\u00fcb\u00fc \u0130le Sponsorluk Anla\u015fmas\u0131 Yeniledi"},"content":{"rendered":"<h3>Tekerlekli Sandalye Basketbol B\u00f6lgesel Liginde m\u00fccadele eden 1453 Engelliler Spor Kul\u00fcb\u00fc ile bir y\u0131ll\u0131k anla\u015fma imzalayan FuzulEv, mavi beyazl\u0131 tak\u0131m\u0131n Tekerlekli Sandalye B\u00f6lgesel Basketbol Ligi ana sponsorlu\u011funu bir sezon daha uzatt\u0131.<\/h3>\n<p><a href=\"http:\/\/www.makyolsantral.com\/?utm_source=emlaktuel&amp;utm_medium=300x250&amp;utm_campaign=emlaktuel-300x250\"><img loading=\"lazy\" class=\"size-full wp-image-24669 alignleft\" src=\"http:\/\/emlaktuel.com\/wp-content\/uploads\/2018\/10\/300x250_reklam.jpg\" alt=\"\" width=\"300\" height=\"250\" \/><\/a>\u00c7eyrek as\u0131rl\u0131k tecr\u00fcbesiyle gayrimenkul sekt\u00f6r\u00fcn\u00fcn \u00f6nde gelen firmalar\u0131ndan biri olan ve bug\u00fcne kadar binlerce aileyi ev sahibi yapan FuzulEv, Tekerlekli Sandalye Basketbol B\u00f6lgesel Ligi&#8217;nde m\u00fccadele eden 1453 Engelliler Spor Kul\u00fcb\u00fc ile bir y\u0131ll\u0131k sponsorluk anla\u015fmas\u0131n\u0131 yeniledi.<\/p>\n<p>Yenilenen anla\u015fma kapsam\u0131nda, mavi beyazl\u0131 tak\u0131m \u00f6n\u00fcm\u00fczdeki sezon bir kez daha FuzulEv deste\u011fiyle Tekerlekli Sandalye B\u00f6lgesel Basketbol liginde m\u00fccadele edecek. 1453 Engelliler Spor Kul\u00fcb\u00fc i\u00e7 ve d\u0131\u015f saha ma\u00e7lar\u0131nda g\u00f6\u011fs\u00fcnde FuzulEv yaz\u0131l\u0131 formay\u0131 terletmeye devam edecek.<\/p>\n<p>1453 Engelliler Spor Kul\u00fcb\u00fcn\u00fc desteklemelerinin kendileri i\u00e7in ayr\u0131 bir \u00f6nem ta\u015f\u0131d\u0131\u011f\u0131n\u0131 vurgulayan Fuzul Grup Y\u00f6netim Kurulu Ba\u015fkan Yard\u0131mc\u0131s\u0131 Ey\u00fcp Akbal, \u2018\u2019Sporun geni\u015f kitlelere ula\u015fma ve insanlar\u0131n hayat\u0131na dokunma g\u00fcc\u00fc, FuzulEv olarak bizim vizyonumuzla birebir \u00f6rt\u00fc\u015f\u00fcyor. Amac\u0131m\u0131z tek bir tak\u0131m veya tek bir alan\u0131 sahiplenmek de\u011fil, daha b\u00fct\u00fcnsel bir stratejiyle ilerlemek. Sponsorluk anla\u015fmalar\u0131n\u0131n rakamsal de\u011ferinden \u00e7ok anlam\u0131na ve hedefine odaklan\u0131yoruz. 1453 Engelliler Spor Kul\u00fcb\u00fc ile daha \u00f6nceki sezonda ger\u00e7ekle\u015ftirdi\u011fimiz anla\u015fmadan b\u00fcy\u00fck mutluluk ve gurur duyduk. T\u00fcrk sporunu desteklemek ve sekt\u00f6re \u00f6rnek te\u015fkil etmek ad\u0131na sponsorlu\u011fumuzu yenileme karar\u0131 ald\u0131k\u2019\u2019 \u015feklinde d\u00fc\u015f\u00fcncelerini ifade ediyor. Herkesi 1453 Engelliler Spor Kul\u00fcb\u00fcn\u00fcn yan\u0131nda yer almaya davet eden Ey\u00fcp Akbal, \u2018\u2019\u00dclkemizde dayan\u0131\u015fma olduk\u00e7a ba\u015far\u0131n\u0131n gelmesi de ka\u00e7\u0131n\u0131lmaz olacakt\u0131r. 1453 Engelliler Spor Kul\u00fcb\u00fcne 2017-2018 sezonunda ba\u015far\u0131lar diliyorum\u201d dedi.<\/p>\n<h3>Tekerlekli Sandalye Basketbol B\u00f6lgesel Ligi&#8217;nde m\u00fccadele eden 1453 Engelliler Spor Kul\u00fcb\u00fc ile bir y\u0131ll\u0131k anla\u015fma imzalayan FuzulEv, mavi beyazl\u0131 tak\u0131m\u0131n Tekerlekli Sandalye B\u00f6lgesel Basketbol Ligi ana sponsorlu\u011funu bir sezon daha uzatt\u0131.<\/h3>\n<p><img loading=\"lazy\" class=\"aligncenter size-large wp-image-24716\" src=\"http:\/\/emlaktuel.com\/wp-content\/uploads\/2018\/10\/Fuzulev_1453_Engeliler_Spor_Kulubu\u0308__-750x500.jpg\" alt=\"\" width=\"600\" height=\"400\" \/><\/p>\n<p>\u00c7eyrek as\u0131rl\u0131k tecr\u00fcbesiyle gayrimenkul sekt\u00f6r\u00fcn\u00fcn \u00f6nde gelen firmalar\u0131ndan biri olan ve bug\u00fcne kadar binlerce aileyi ev sahibi yapan FuzulEv, Tekerlekli Sandalye Basketbol B\u00f6lgesel Ligi&#8217;nde m\u00fccadele eden 1453 Engelliler Spor Kul\u00fcb\u00fc ile bir y\u0131ll\u0131k sponsorluk anla\u015fmas\u0131n\u0131 yeniledi.<\/p>\n<p>Yenilenen anla\u015fma kapsam\u0131nda, mavi beyazl\u0131 tak\u0131m \u00f6n\u00fcm\u00fczdeki sezon bir kez daha FuzulEv deste\u011fiyle Tekerlekli Sandalye B\u00f6lgesel Basketbol liginde m\u00fccadele edecek. 1453 Engelliler Spor Kul\u00fcb\u00fc i\u00e7 ve d\u0131\u015f saha ma\u00e7lar\u0131nda g\u00f6\u011fs\u00fcnde FuzulEv yaz\u0131l\u0131 formay\u0131 terletmeye devam edecek.<\/p>\n<p>1453 Engelliler Spor Kul\u00fcb\u00fcn\u00fc desteklemelerinin kendileri i\u00e7in ayr\u0131 bir \u00f6nem ta\u015f\u0131d\u0131\u011f\u0131n\u0131 vurgulayan Fuzul Grup Y\u00f6netim Kurulu Ba\u015fkan Yard\u0131mc\u0131s\u0131 Ey\u00fcp Akbal, \u2018\u2019Sporun geni\u015f kitlelere ula\u015fma ve insanlar\u0131n hayat\u0131na dokunma g\u00fcc\u00fc, FuzulEv olarak bizim vizyonumuzla birebir \u00f6rt\u00fc\u015f\u00fcyor. Amac\u0131m\u0131z tek bir tak\u0131m veya tek bir alan\u0131 sahiplenmek de\u011fil, daha b\u00fct\u00fcnsel bir stratejiyle ilerlemek. Sponsorluk anla\u015fmalar\u0131n\u0131n rakamsal de\u011ferinden \u00e7ok anlam\u0131na ve hedefine odaklan\u0131yoruz. 1453 Engelliler Spor Kul\u00fcb\u00fc ile daha \u00f6nceki sezonda ger\u00e7ekle\u015ftirdi\u011fimiz anla\u015fmadan b\u00fcy\u00fck mutluluk ve gurur duyduk. T\u00fcrk sporunu desteklemek ve sekt\u00f6re \u00f6rnek te\u015fkil etmek ad\u0131na sponsorlu\u011fumuzu yenileme karar\u0131 ald\u0131k\u2019\u2019 \u015feklinde d\u00fc\u015f\u00fcncelerini ifade ediyor. Herkesi 1453 Engelliler Spor Kul\u00fcb\u00fcn\u00fcn yan\u0131nda yer almaya davet eden Ey\u00fcp Akbal, \u2018\u2019\u00dclkemizde dayan\u0131\u015fma olduk\u00e7a ba\u015far\u0131n\u0131n gelmesi de ka\u00e7\u0131n\u0131lmaz olacakt\u0131r. 1453 Engelliler Spor Kul\u00fcb\u00fcne 2017-2018 sezonunda ba\u015far\u0131lar diliyorum\u201d dedi.<\/p>\n","protected":false},"excerpt":{"rendered":"<p>Tekerlekli Sandalye Basketbol B\u00f6lgesel Liginde m\u00fccadele eden 1453 Engelliler Spor Kul\u00fcb\u00fc ile bir y\u0131ll\u0131k anla\u015fma imzalayan FuzulEv, mavi beyazl\u0131 tak\u0131m\u0131n Tekerlekli Sandalye B\u00f6lgesel Basketbol Ligi ana sponsorlu\u011funu bir sezon daha uzatt\u0131. \u00c7eyrek as\u0131rl\u0131k tecr\u00fcbesiyle gayrimenkul sekt\u00f6r\u00fcn\u00fcn \u00f6nde gelen firmalar\u0131ndan biri olan ve bug\u00fcne kadar binlerce aileyi ev sahibi yapan FuzulEv, Tekerlekli Sandalye Basketbol B\u00f6lgesel Ligi&#8217;nde [&hellip;]<\/p>\n","protected":false},"author":1,"featured_media":24715,"comment_status":"open","ping_status":"open","sticky":false,"template":"","format":"standard","meta":{"ngg_post_thumbnail":0},"categories":[221],"tags":[],"_links":{"self":[{"href":"https:\/\/emlaktuel.com\/index.php?rest_route=\/wp\/v2\/posts\/24714"}],"collection":[{"href":"https:\/\/emlaktuel.com\/index.php?rest_route=\/wp\/v2\/posts"}],"about":[{"href":"https:\/\/emlaktuel.com\/index.php?rest_route=\/wp\/v2\/types\/post"}],"author":[{"embeddable":true,"href":"https:\/\/emlaktuel.com\/index.php?rest_route=\/wp\/v2\/users\/1"}],"replies":[{"embeddable":true,"href":"https:\/\/emlaktuel.com\/index.php?rest_route=%2Fwp%2Fv2%2Fcomments&post=24714"}],"version-history":[{"count":4,"href":"https:\/\/emlaktuel.com\/index.php?rest_route=\/wp\/v2\/posts\/24714\/revisions"}],"predecessor-version":[{"id":24766,"href":"https:\/\/emlaktuel.com\/index.php?rest_route=\/wp\/v2\/posts\/24714\/revisions\/24766"}],"wp:featuredmedia":[{"embeddable":true,"href":"https:\/\/emlaktuel.com\/index.php?rest_route=\/wp\/v2\/media\/24715"}],"wp:attachment":[{"href":"https:\/\/emlaktuel.com\/index.php?rest_route=%2Fwp%2Fv2%2Fmedia&parent=24714"}],"wp:term":[{"taxonomy":"category","embeddable":true,"href":"https:\/\/emlaktuel.com\/index.php?rest_route=%2Fwp%2Fv2%2Fcategories&post=24714"},{"taxonomy":"post_tag","embeddable":true,"href":"https:\/\/emlaktuel.com\/index.php?rest_route=%2Fwp%2Fv2%2Ftags&post=24714"}],"curies":[{"name":"wp","href":"https:\/\/api.w.org\/{rel}","templated":true}]}}