{"id":2467,"date":"2016-07-01T23:11:45","date_gmt":"2016-07-01T20:11:45","guid":{"rendered":"http:\/\/emlaktuel.com\/?p=2467"},"modified":"2018-07-05T14:11:24","modified_gmt":"2018-07-05T11:11:24","slug":"3s-kaleden-avcilara-521-konut-45-dukkan-geliyor","status":"publish","type":"post","link":"https:\/\/emlaktuel.com\/?p=2467","title":{"rendered":"3S Kale\u2019den Avc\u0131lar\u2019a 521 konut, 45 d\u00fckkan geliyor!"},"content":{"rendered":"<div class=\"hz_main_post_content\">\n<div class=\"hz_content\">\n<h5><\/h5>\n<h5>Yat\u0131r\u0131mc\u0131lar\u0131n b\u00fcy\u00fck ilgisini \u00e7eken Avc\u0131lar\u2019a yeni bir proje daha geliyor. 3S Kale taraf\u0131ndan in\u015fa edilecek olan proje konut ve d\u00fckkanlardan olu\u015facak.<\/h5>\n<p>\u0130stanbul&#8217;un Avc\u0131lar il\u00e7esi, Avc\u0131lar Mahallesi&#8217;nde yeni bir projeye ba\u015flayan 3S Kale, b\u00f6lgede 521 konut ve 45 d\u00fckkan in\u015fa edecek. Toplam 566 ba\u011f\u0131ms\u0131z b\u00f6l\u00fcmden meydana gelecek olan proje 90 milyon liral\u0131k proje bedeline sahip olacak. Ticaret+hizmet imarl\u0131 alanda y\u00fckselecek olan proje Avc\u0131lar Mahallesi, Kabata\u015f Mevkii&#8217;nde hayata ge\u00e7irilecek.\u00a0\u00a0 Konut ve d\u00fckkanlar\u0131n yan\u0131 s\u0131ra otopark, sosyal tesislerin de yap\u0131lmas\u0131 planlanan projede A, B, C, D olmak \u00fczere 4 tip konut blo\u011fu olacak. A tipi blokta 257 adet, B tipi blokta 128 adet, C tipi blokta 136 adet olmak \u00fczere toplam 521 adet konut yap\u0131lacak. 3 blo\u011fu konut, 1 blo\u011fu d\u00fckkanlara ayr\u0131lacak olan proje 28 bin 50 metrekarelik arazi \u00fczerinde y\u00fckselecek.\u00a0 \u00c7evresel Etki De\u011ferlendirmesi (\u00c7ED) s\u00fcreci ba\u015flayan projede, proje \u00e7al\u0131\u015fmalar\u0131n\u0131n ard\u0131ndan projenin Haziran 2019&#8217;da kullan\u0131ma a\u00e7\u0131lmas\u0131 planlan\u0131yor.<\/p><\/div>\n<div class=\"hz_content\"><\/div>\n<\/div>\n<div class=\"hz_content\"><img class=\"hz_appear_detail hz_appear\" src=\"http:\/\/i.emlaktasondakika.com\/Files\/EditorImages\/images\/arazi%284%29.jpg\" alt=\"\" \/><\/div>\n","protected":false},"excerpt":{"rendered":"<p>Yat\u0131r\u0131mc\u0131lar\u0131n b\u00fcy\u00fck ilgisini \u00e7eken Avc\u0131lar\u2019a yeni bir proje daha geliyor. 3S Kale taraf\u0131ndan in\u015fa edilecek olan proje konut ve d\u00fckkanlardan olu\u015facak. \u0130stanbul&#8217;un Avc\u0131lar il\u00e7esi, Avc\u0131lar Mahallesi&#8217;nde yeni bir projeye ba\u015flayan 3S Kale, b\u00f6lgede 521 konut ve 45 d\u00fckkan in\u015fa edecek. Toplam 566 ba\u011f\u0131ms\u0131z b\u00f6l\u00fcmden meydana gelecek olan proje 90 milyon liral\u0131k proje bedeline sahip olacak. [&hellip;]<\/p>\n","protected":false},"author":1,"featured_media":2468,"comment_status":"open","ping_status":"open","sticky":false,"template":"","format":"standard","meta":{"ngg_post_thumbnail":0},"categories":[221,26,219],"tags":[11389,1409,1410,1412,1411,455,11247,80,106],"_links":{"self":[{"href":"https:\/\/emlaktuel.com\/index.php?rest_route=\/wp\/v2\/posts\/2467"}],"collection":[{"href":"https:\/\/emlaktuel.com\/index.php?rest_route=\/wp\/v2\/posts"}],"about":[{"href":"https:\/\/emlaktuel.com\/index.php?rest_route=\/wp\/v2\/types\/post"}],"author":[{"embeddable":true,"href":"https:\/\/emlaktuel.com\/index.php?rest_route=\/wp\/v2\/users\/1"}],"replies":[{"embeddable":true,"href":"https:\/\/emlaktuel.com\/index.php?rest_route=%2Fwp%2Fv2%2Fcomments&post=2467"}],"version-history":[{"count":1,"href":"https:\/\/emlaktuel.com\/index.php?rest_route=\/wp\/v2\/posts\/2467\/revisions"}],"predecessor-version":[{"id":2469,"href":"https:\/\/emlaktuel.com\/index.php?rest_route=\/wp\/v2\/posts\/2467\/revisions\/2469"}],"wp:featuredmedia":[{"embeddable":true,"href":"https:\/\/emlaktuel.com\/index.php?rest_route=\/wp\/v2\/media\/2468"}],"wp:attachment":[{"href":"https:\/\/emlaktuel.com\/index.php?rest_route=%2Fwp%2Fv2%2Fmedia&parent=2467"}],"wp:term":[{"taxonomy":"category","embeddable":true,"href":"https:\/\/emlaktuel.com\/index.php?rest_route=%2Fwp%2Fv2%2Fcategories&post=2467"},{"taxonomy":"post_tag","embeddable":true,"href":"https:\/\/emlaktuel.com\/index.php?rest_route=%2Fwp%2Fv2%2Ftags&post=2467"}],"curies":[{"name":"wp","href":"https:\/\/api.w.org\/{rel}","templated":true}]}}