{"id":24654,"date":"2018-10-13T12:37:38","date_gmt":"2018-10-13T09:37:38","guid":{"rendered":"http:\/\/emlaktuel.com\/?p=24654"},"modified":"2018-10-13T12:37:38","modified_gmt":"2018-10-13T09:37:38","slug":"eksi-maya-2-subesi-ile-ankaranin-lezzet-anlayisina-keyif-katacak","status":"publish","type":"post","link":"https:\/\/emlaktuel.com\/?p=24654","title":{"rendered":"Ek\u015fi Maya 2. \u015eubesi ile Ankara\u2019n\u0131n lezzet anlay\u0131\u015f\u0131na keyif katacak"},"content":{"rendered":"<p>\u00dc\u00e7 y\u0131l \u00f6nce Tunal\u0131 Hilmi Caddesi\u2019nde a\u00e7\u0131lan Ek\u015fi Maya Restoran, Maidan AVM\u2019de 2. \u015eubesi ile hizmete a\u00e7\u0131ld\u0131.<\/p>\n<p>Sa\u011fl\u0131kl\u0131 yiyecek ve tatl\u0131 konseptini yeni \u015fubesinde geni\u015fleten Ek\u015fi Maya Restoran, \u015f\u0131k dekorasyonu ile de a\u00e7\u0131l\u0131\u015fa kat\u0131lan konuklardan tam not ald\u0131. Ankara i\u015f,cemiyet ve b\u00fcrokrasi d\u00fcnyas\u0131n\u0131n yo\u011fun kat\u0131l\u0131m g\u00f6sterdi\u011fi davette Ek\u015fi Maya\u2019n\u0131n men\u00fcs\u00fcnde yer alan \u00fcr\u00fcnler konuklara sunuldu. Ek\u015fi Maya Restoran\u2019\u0131n sahibesi Ecem Uyar Tarano\u011flu\u2019nun a\u00e7\u0131l\u0131\u015f konu\u015fmas\u0131n\u0131 yapt\u0131\u011f\u0131 davet ge\u00e7 saatlere kadar devam etti.<\/p>\n<p>Ek\u015fi Maya Restoran\u2019\u0131n lezzet yolculu\u011fundan bahseden Ecem Uyar Tarano\u011flu, \u201c Ek\u015fi Maya \u00fc\u00e7 y\u0131l \u00f6nce sa\u011fl\u0131kl\u0131 ekmek ve yiyecek men\u00fcs\u00fc ile sizlerle bulu\u015ftu. \u00dc\u00e7\u00fcnc\u00fc y\u0131l\u0131m\u0131z\u0131n sonunda ikinci \u015fubemiz ile sizlerle Maidan AVM\u2019de tekrar bir arada olman\u0131n mutlulu\u011funu ya\u015f\u0131yoruz. \u0130kinci \u015fubemizde konseptimizde birka\u00e7 farkl\u0131l\u0131k ger\u00e7ekle\u015ftirdik. Men\u00fcm\u00fcz\u00fc geni\u015flettik ve i\u00e7ecek men\u00fclerimizde revizeler yapt\u0131k. Ek\u015fi Maya\u2019\u0131 sabah kahvalt\u0131lar\u0131n\u0131zda, \u00f6\u011fle aralar\u0131n\u0131zda ve ak\u015fam sohbetlerinizde tercih edebilece\u011finiz detaylar ile s\u00fcsleyerek size daha iyi hizmet vermeyi ama\u00e7l\u0131yoruz\u201d dedi. T\u00fcm ekibine davetliler \u00f6n\u00fcnde te\u015fekk\u00fcr eden Ecem Uyar Tarano\u011flu, konuklar\u0131 ile yak\u0131ndan ilgilenerek \u00f6rnek bir misafirperverli\u011fe imza att\u0131.<\/p>\n<p>Kendinizi evinizde hissedece\u011finiz bir konfora sahip olan Ek\u015fi Maya, enfes ekmek kokular\u0131 e\u015fli\u011finde sakin ve huzurlu bir atmosferde \u00e7al\u0131\u015fman\u0131za ve dinlenmenize yard\u0131mc\u0131 olurken sevdiklerinizle keyifli zaman ge\u00e7irmeniz i\u00e7in t\u00fcm detaylar\u0131 sizlerle bulu\u015fturan bir restoran olarak konuklar\u0131n\u0131 a\u011f\u0131rl\u0131yor.<\/p>\n<p><strong>Ek\u015fi Maya Restoran Hakk\u0131nda<\/strong><\/p>\n<p>Ek\u015fi Maya\u2019n\u0131n \u00e7\u0131k\u0131\u015f noktas\u0131 g\u00fcn\u00fcm\u00fczde ya\u015fanan \u00e7o\u011fu sa\u011fl\u0131k probleminin ana sebeplerinden biri olarak g\u00f6sterilen katk\u0131 maddeli ekmeklerin yerine, ge\u00e7mi\u015fe bir d\u00f6n\u00fc\u015f yaparak katk\u0131 maddesiz, yaln\u0131zca ek\u015fi mayayla yap\u0131lan ger\u00e7ek ekmekler ile misafirlerini bulu\u015fturuyor. Ek\u015fi Maya\u2019da mayadan ve ekme\u011fin mucizevi yap\u0131m\u0131ndan al\u0131nan ilham ile men\u00fcde de kullan\u0131lan t\u00fcm \u00fcr\u00fcnler al\u0131\u015f\u0131lagelmedik, taptaze ve en y\u00fcksek kalitedeki malzemeler ile ziyaret\u00e7iler ile bulu\u015fturuluyor. Tunal\u0131 Hilmi Caddesi Divan Otel\u2019de bulunan birinci \u015fubesi ve Maidan AVM\u2019deki ikinci \u015fubesi ile lezzetli dokunu\u015flar ile Ankara\u2019ya keyif katmaya devam ediyor.<\/p>\n","protected":false},"excerpt":{"rendered":"<p>\u00dc\u00e7 y\u0131l \u00f6nce Tunal\u0131 Hilmi Caddesi\u2019nde a\u00e7\u0131lan Ek\u015fi Maya Restoran, Maidan AVM\u2019de 2. \u015eubesi ile hizmete a\u00e7\u0131ld\u0131. Sa\u011fl\u0131kl\u0131 yiyecek ve tatl\u0131 konseptini yeni \u015fubesinde geni\u015fleten Ek\u015fi Maya Restoran, \u015f\u0131k dekorasyonu ile de a\u00e7\u0131l\u0131\u015fa kat\u0131lan konuklardan tam not ald\u0131. Ankara i\u015f,cemiyet ve b\u00fcrokrasi d\u00fcnyas\u0131n\u0131n yo\u011fun kat\u0131l\u0131m g\u00f6sterdi\u011fi davette Ek\u015fi Maya\u2019n\u0131n men\u00fcs\u00fcnde yer alan \u00fcr\u00fcnler konuklara sunuldu. [&hellip;]<\/p>\n","protected":false},"author":1,"featured_media":0,"comment_status":"open","ping_status":"open","sticky":false,"template":"","format":"standard","meta":{"ngg_post_thumbnail":0},"categories":[28],"tags":[],"_links":{"self":[{"href":"https:\/\/emlaktuel.com\/index.php?rest_route=\/wp\/v2\/posts\/24654"}],"collection":[{"href":"https:\/\/emlaktuel.com\/index.php?rest_route=\/wp\/v2\/posts"}],"about":[{"href":"https:\/\/emlaktuel.com\/index.php?rest_route=\/wp\/v2\/types\/post"}],"author":[{"embeddable":true,"href":"https:\/\/emlaktuel.com\/index.php?rest_route=\/wp\/v2\/users\/1"}],"replies":[{"embeddable":true,"href":"https:\/\/emlaktuel.com\/index.php?rest_route=%2Fwp%2Fv2%2Fcomments&post=24654"}],"version-history":[{"count":1,"href":"https:\/\/emlaktuel.com\/index.php?rest_route=\/wp\/v2\/posts\/24654\/revisions"}],"predecessor-version":[{"id":24656,"href":"https:\/\/emlaktuel.com\/index.php?rest_route=\/wp\/v2\/posts\/24654\/revisions\/24656"}],"wp:attachment":[{"href":"https:\/\/emlaktuel.com\/index.php?rest_route=%2Fwp%2Fv2%2Fmedia&parent=24654"}],"wp:term":[{"taxonomy":"category","embeddable":true,"href":"https:\/\/emlaktuel.com\/index.php?rest_route=%2Fwp%2Fv2%2Fcategories&post=24654"},{"taxonomy":"post_tag","embeddable":true,"href":"https:\/\/emlaktuel.com\/index.php?rest_route=%2Fwp%2Fv2%2Ftags&post=24654"}],"curies":[{"name":"wp","href":"https:\/\/api.w.org\/{rel}","templated":true}]}}