{"id":24548,"date":"2018-10-08T12:51:30","date_gmt":"2018-10-08T09:51:30","guid":{"rendered":"http:\/\/emlaktuel.com\/?p=24548"},"modified":"2018-10-08T12:51:30","modified_gmt":"2018-10-08T09:51:30","slug":"2019-varyapin-yatirim-yili-olacak","status":"publish","type":"post","link":"https:\/\/emlaktuel.com\/?p=24548","title":{"rendered":"2019 Varyap&#8217;\u0131n, yat\u0131r\u0131m y\u0131l\u0131 olacak"},"content":{"rendered":"<p><b>Gayrimenkul sekt\u00f6r\u00fcnde \u00f6nde gelen firmalardan Varyap Y\u00f6netim Kurulu Ba\u015fkan Vekili ve CEO\u2019su Erdin\u00e7 Varl\u0131ba\u015f ile T\u00fcrkiye ekonomisi konusunda g\u00fcncel konjonkt\u00fcr\u00fcn\u00fc ve Varyap\u2019\u0131n yeni projelerini Forbesla payla\u015ft\u0131&#8230;<\/b><\/p>\n<div class=\"post-content\">\n<p><strong>T\u00fcrkiye ekonomisi ile ilgili de\u011ferlendirmelerinizi \u00f6\u011frenebilir miyiz?<\/strong><br \/>\nK\u00fcresel \u00f6l\u00e7ekte b\u00fcy\u00fck ekonomik ve sosyolojik de\u011fi\u015fimlerin ya\u015fand\u0131\u011f\u0131 bir d\u00f6nemden ge\u00e7iyoruz. \u00d6zellikle son 20 y\u0131ld\u0131r k\u00fcreselle\u015fme politikalar\u0131n\u0131n geli\u015fmekte olan uluslar \u00fczerinde olu\u015fturdu\u011fu geli\u015fme, de\u011fi\u015fme ve zenginle\u015fme arzusu; geli\u015fmi\u015f ve g\u00fc\u00e7 sahibi uluslar\u0131n g\u00fc\u00e7 kayb\u0131 endi\u015feleri ile hareket etmek durumunda kald\u0131\u011f\u0131 bir d\u00f6nemi beraberinde getirdi. Bu durum d\u00fcnyada, \u00e7ok s\u0131cak ya\u015fanan ve a\u00e7\u0131k\u00e7a g\u00f6zlemleyebildi\u011fimiz ekonomik tehditleri, \u00e7eki\u015fmeleri, yeni ittifak aray\u0131\u015flar\u0131n\u0131, yeni ticaret yollar\u0131n\u0131 ve do\u011fal olarak yeni bak\u0131\u015f a\u00e7\u0131lar\u0131n\u0131 beraberinde getiriyor. Bunu g\u00fcn\u00fcm\u00fczde de g\u00f6rmekteyiz.<\/p>\n<p>\u00dclkemiz, bu s\u0131cak \u00e7eki\u015fmelerin ili\u015fki ruhu a\u00e7\u0131s\u0131ndan tam merkezinde yer alan bir konumda ve kendi pozisyonunu g\u00fc\u00e7l\u00fc \u015fekilde koruma, geli\u015ftirme arzusunu s\u00fcrd\u00fcrmekte. Bu durumu sadece T\u00fcrkiye de\u011fil, benzer tehditleri \u00f6ng\u00f6ren \u00fclkeler de ya\u015f\u0131yor ve \u00f6nlemlerini almaya \u00e7al\u0131\u015f\u0131yorlar. Do\u011fal olarak g\u00fc\u00e7leri s\u0131n\u0131rl\u0131 ancak potansiyelleri y\u00fcksek \u00fclkeler, T\u00fcrkiye gibi zaman zaman stresli g\u00fcnler ge\u00e7irebilir.<\/p>\n<p>\u00dclkemiz, \u00f6zellikle son be\u015f y\u0131l i\u00e7inde\u00a0\u00e7ok fazla say\u0131da tehdide maruz kalmas\u0131na ra\u011fmen, bu tehditlere boyun e\u011fmeden kendi yolunda kararl\u0131 bir \u015fekilde ilerliyor. B\u00f6yle d\u00f6nemlerde, \u00fclkenin temel ta\u015f\u0131 olan n\u00fcfus ve o n\u00fcfusun olu\u015fturdu\u011fu ekonomi, kendileri i\u00e7in en sa\u011fl\u0131kl\u0131 ad\u0131mlan atarak b\u00fcy\u00fcme ve geli\u015fmesini garanti alt\u0131na almak isterler. T\u00fcrkiye gibi gen\u00e7 n\u00fcfusa, derin tarihi ge\u00e7mi\u015fe ve stratejik co\u011frafi konuma sahip \u00fclkeler ise, bu d\u00f6nemlerde rotas\u0131n\u0131 pozitif y\u00f6ne \u00e7evirme konusunda di\u011ferlerine g\u00f6re daha avantajl\u0131d\u0131r. Bana g\u00f6re \u00fclkemiz, bu s\u00fcre\u00e7te devletin her organ\u0131 ve milletinin her ferdi ile b\u00fct\u00fcnle\u015fmenin \u00f6nemini kavram\u0131\u015f ve b\u00fct\u00fcn olman\u0131n g\u00fcc\u00fcn\u00fc \u00f6z\u00fcmsemi\u015f bir \u015fekilde yoluna devam ediyor.<\/p>\n<p><strong>Varyap&#8217;\u0131n sekt\u00f6rdeki duru\u015funda temel ilkeleri nelerdir?<\/strong><br \/>\nVaryap, T\u00fcrkiye&#8217;nin milli bir de\u011feridir. T\u0131pk\u0131 \u00fcreten, ortaya katma de\u011fer koymaya \u00e7al\u0131\u015fan ve istihdam yaratan \u00fclkemizdeki di\u011fer \u015firketler gibi. Biz, 40 y\u0131ll\u0131k ge\u00e7mi\u015fimizde in\u015faat ve gayrimenkul sekt\u00f6r\u00fcndeki varolu\u015fumuzu bu \u00fclkeye bor\u00e7luyuz. T\u00fcrkiye\u2019de \u00f6zellikle kamusal \u00fcstyap\u0131 alan\u0131nda haf\u0131zalarda \u00f6nemli yer edinmi\u015f projeleri hayata ge\u00e7irirken, gayrimenkul alan\u0131nda sekt\u00f6re hep yeni fikirler getirmi\u015f, o yenilikleri uygulam\u0131\u015f; payda\u015flar\u0131m\u0131z\u0131n i\u015f ortaklar\u0131m\u0131z oldu\u011fu, \u015firketimizin aile bireylerine ait de\u011fil de adeta m\u00fc\u015fterilerimiz, devletimiz ve \u00e7al\u0131\u015fanlar\u0131m\u0131z sahipli\u011finde bir \u015firket oldu\u011fu bilinci ile hareket ettik.<\/p>\n<h3>Varyap olarak 2019\u2019u yat\u0131r\u0131m y\u0131l\u0131 olarak belirledik<\/h3>\n<p><strong>Projelerinizde sizi di\u011fer firmalardan farkl\u0131la\u015ft\u0131ran \u00f6zellikler, sekt\u00f6re damga vuran ilkleriniz ve d\u00f6n\u00fcm noktalar\u0131n\u0131z nelerdir?<\/strong><br \/>\nYar\u0131m kalan ve o d\u00f6nemde d\u00fcnyan\u0131n en yeni stadyumu olan Ali Sami Yen Spor Kompleksi-T\u00fcrk Telekom Stadyumu&#8217;nu 11 ayda tamamlad\u0131k. Bunu yaparken Avrupa&#8217;da ki en b\u00fcy\u00fck adalet saray\u0131n\u0131n, T.C. \u0130stanbul Adalet Saray\u0131\u2019nm in\u015faat\u0131n\u0131 iki y\u0131l gibi k\u0131sa bir s\u00fcrede bitirdik. \u015eu anda T\u00fcrkiye&#8217;nin en b\u00fcy\u00fck cezaevi kompleksini Aksaray ilimizde in\u015fa ediyoruz. Bu projeler gurur verici. Son 15 y\u0131lda 12.000 l\u00fcks konut in\u015fa ederken T\u00fcrk gayrimenkul sekt\u00f6r\u00fcn\u00fc ilk defa Varyap Meridian ile \u201cye\u015fil bina\u201d konseptiyle bulu\u015fturduk. Mimaride markala\u015fman\u0131n \u00f6nemini \u00f6ne \u00e7\u0131kard\u0131k. T\u00fcrkiye reklam sekt\u00f6r\u00fcnde in\u015faatta televizyon reklamlar\u0131n\u0131 biz ba\u015flatt\u0131k. T\u00fcrk in\u015faat sekt\u00f6r\u00fcnde yeni y\u00f6netici aday program\u0131n\u0131 (MT) ilk biz ger\u00e7ekle\u015ftirdik. Bunlar hem gurur verici hem de \u00f6\u011fretici ad\u0131mlard\u0131.<\/p>\n<p>Varyap olarak hep savundu\u011fumuz d\u00fc\u015f\u00fcncemiz \u015fu oldu: T\u00fcrkiye&#8217;de gayrimenkul, \u00f6zellikle de konut &#8220;ihtiyac\u0131\u201d, biz geli\u015fmi\u015f \u00fclkeler seviyesine ula\u015fana dek s\u00fcrecek. \u00dclkemizin sahip oldu\u011fu y\u00fczde 60\u2019lar\u0131 ge\u00e7en k\u00fclt\u00fcrel y\u00fcksek ev sahipli\u011fi oran\u0131, 40 milyonu a\u015fk\u0131n 19 ya\u015f alt\u0131 gen\u00e7 n\u00fcfus oran\u0131, 10 milyona yak\u0131n ruhsats\u0131z hane say\u0131s\u0131 ve deprem riski ger\u00e7e\u011fi g\u00f6z \u00f6n\u00fcnde bulunduruldu\u011funda, \u00f6n\u00fcm\u00fcze \u00e7\u0131kan tablo budur. Sekt\u00f6r\u00fc canl\u0131 tutan nefes, bu ihtiya\u00e7t\u0131r. Nefesi h\u00fccrelere ta\u015f\u0131yan ise o ihtiyac\u0131n d\u00f6n\u00fc\u015ft\u00fc\u011f\u00fc \u201ctalep&#8221;tir. Bu var olan y\u00fcksek ihtiyac\u0131n talebe d\u00f6n\u00fc\u015fmesini engelleyen tek \u015fey ise makroeko-nomik ini\u015f \u00e7\u0131k\u0131\u015flar, \u00f6zellikle de y\u00fcksek faiz oranlar\u0131d\u0131r. Ge\u00e7ti\u011fimiz 15 y\u0131lda edindi\u011fimiz tecr\u00fcbemiz bize diyor ki; faiz oranlar\u0131 y\u00fcksek, d\u00f6viz kurlar\u0131 oynak olmad\u0131\u011f\u0131 m\u00fcddet\u00e7e korkma. Yat\u0131r\u0131m yap ve \u00fcret. Bu bilin\u00e7le, tecr\u00fcbe ve sakinlikle Varyap olarak \u00fcretmeye devam ediyoruz.<\/p>\n<p><strong>\u015eu an devam eden projeleriniz, sekt\u00f6re dair hedefleriniz, 2019 y\u0131l\u0131 planlamalar\u0131n\u0131z hakk\u0131nda bilgi alabilir miyiz?<\/strong><br \/>\n2018 y\u0131l\u0131 sekt\u00f6r i\u00e7in kolay bir y\u0131l olmamas\u0131na ra\u011fmen d\u00f6rt yeni projeyi hayata ge\u00e7irdik. Bunlardan ilki Bodrum Yal\u0131kavak\u2019ta ba\u015flad\u0131\u011f\u0131m\u0131z, denize s\u0131f\u0131r ve Tilkicik koyu konumunun \u00f6n plana \u00e7\u0131kard\u0131\u011f\u0131 Varyap Yal\u0131kavak Rezidanslar\u0131 oldu. Bu proje 2019 yaz\u0131nda teslim edilecek. \u0130kinci projemiz, yine ayn\u0131 konumda Hyatt Otel grubu ile ger\u00e7ekle\u015ftirdi\u011fimiz Hyatt Bodrum projesi oldu. Bu yat\u0131r\u0131m 2020 y\u0131l\u0131nda tamamlanacak. \u00dc\u00e7\u00fcnc\u00fcs\u00fc, Trabzon\u2019da Karadeniz sahil \u015feridinde benzeri olmayan \u00e7a\u011fda\u015f bir sanayi sitesi projesi oldu. Bu projenin de 2020 y\u0131l\u0131n\u0131n ilk yar\u0131s\u0131nda tamamlanmas\u0131n\u0131 \u00f6ng\u00f6r\u00fcyoruz. Son projemiz ise Varyap&#8217;\u0131n yurt d\u0131\u015f\u0131 projesi olarak \u00f6nem arz eden, Yunanistan&#8217;\u0131n ba\u015fkenti Atina&#8217;da ba\u015flad\u0131\u011f\u0131m\u0131z konut projesi oldu. Bu proje ile birlikte var olan m\u00fc\u015fteri portf\u00f6y\u00fcm\u00fcz \u00c7in, Rusya ve Orta Do\u011fu \u00fclkeleri ile daha da zenginle\u015fti. Varyap olarak yeni ekonomi program\u0131 \u00e7er\u00e7evesinde 2019 y\u0131l\u0131n\u0131 yat\u0131r\u0131m y\u0131l\u0131 olarak belirledik.<\/p>\n<p>Bu y\u0131l hem yurt i\u00e7inde hem yurt d\u0131\u015f\u0131nda, sekt\u00f6r\u00fcn yukar\u0131da belirtti\u011fim temel dinamikleri ve T\u00fcrkiye&#8217;nin uluslararas\u0131 piyasada sundu\u011fu y\u00fcksek yat\u0131r\u0131m f\u0131rsatlar\u0131na olan inanc\u0131m\u0131z ile yeni projelere yat\u0131r\u0131m yapmay\u0131 hedefliyoruz. Bu projeleri ger\u00e7ekle\u015ftirirken sosyal sorumluluk faaliyetlerimize de e\u011fitim ve yard\u0131mla\u015fma alan\u0131nda odaklanaca\u011f\u0131z. \u00d6zellikle e\u011fitim alan\u0131nda, ula\u015f\u0131lmas\u0131 zor olan b\u00f6lgeler i\u00e7in d\u00fc\u015f\u00fcnd\u00fc\u011f\u00fcm\u00fcz ve hayata ge\u00e7irmeyi planlad\u0131\u011f\u0131m\u0131z bir projemizi \u00e7ok yak\u0131nda kamuoyu ile payla\u015fmay\u0131 sab\u0131rs\u0131zl\u0131kla bekliyoruz. Bunun yan\u0131nda in\u015faat ve alt sekt\u00f6rlerini motive etmek ve moralleri y\u00fckseltmek i\u00e7in \u00fczerinde \u00e7al\u0131\u015ft\u0131\u011f\u0131m\u0131z bir fikrimiz daha var. Bu fikir sekt\u00f6re \u00e7ok geni\u015f \u00f6l\u00e7ekte moral a\u015f\u0131layacak, \u00f6zellikle KOB\u0130&#8217;leri \u00e7ok destekleyecek bir fikir. Yapt\u0131\u011f\u0131m\u0131z ara\u015ft\u0131rmalara g\u00f6re bu fikrin uygulamas\u0131n\u0131n d\u00fcnyada \u00f6rne\u011fi hen\u00fcz tam anlam\u0131yla yok ve bu y\u00fczden hem \u00fclkemizde hem de d\u00fcnyada in\u015faat sekt\u00f6r\u00fcnde model olabilir. Kas\u0131m-Aral\u0131k aylar\u0131nda bu projeyi hayata ge\u00e7irmeyi planl\u0131yoruz.<\/p>\n<p><a href=\"https:\/\/emlaktuel.com\/?s=varyap\">http:\/\/www.varyap.com\/<\/a><\/p>\n<\/div>\n<div class=\"reklam\"><\/div>\n<ul class=\"post-tags\">\n<li><\/li>\n<\/ul>\n","protected":false},"excerpt":{"rendered":"<p>Gayrimenkul sekt\u00f6r\u00fcnde \u00f6nde gelen firmalardan Varyap Y\u00f6netim Kurulu Ba\u015fkan Vekili ve CEO\u2019su Erdin\u00e7 Varl\u0131ba\u015f ile T\u00fcrkiye ekonomisi konusunda g\u00fcncel konjonkt\u00fcr\u00fcn\u00fc ve Varyap\u2019\u0131n yeni projelerini Forbesla payla\u015ft\u0131&#8230; T\u00fcrkiye ekonomisi ile ilgili de\u011ferlendirmelerinizi \u00f6\u011frenebilir miyiz? K\u00fcresel \u00f6l\u00e7ekte b\u00fcy\u00fck ekonomik ve sosyolojik de\u011fi\u015fimlerin ya\u015fand\u0131\u011f\u0131 bir d\u00f6nemden ge\u00e7iyoruz. \u00d6zellikle son 20 y\u0131ld\u0131r k\u00fcreselle\u015fme politikalar\u0131n\u0131n geli\u015fmekte olan uluslar \u00fczerinde olu\u015fturdu\u011fu [&hellip;]<\/p>\n","protected":false},"author":1,"featured_media":23659,"comment_status":"open","ping_status":"open","sticky":false,"template":"","format":"standard","meta":{"ngg_post_thumbnail":0},"categories":[58],"tags":[3496,12113,5460],"_links":{"self":[{"href":"https:\/\/emlaktuel.com\/index.php?rest_route=\/wp\/v2\/posts\/24548"}],"collection":[{"href":"https:\/\/emlaktuel.com\/index.php?rest_route=\/wp\/v2\/posts"}],"about":[{"href":"https:\/\/emlaktuel.com\/index.php?rest_route=\/wp\/v2\/types\/post"}],"author":[{"embeddable":true,"href":"https:\/\/emlaktuel.com\/index.php?rest_route=\/wp\/v2\/users\/1"}],"replies":[{"embeddable":true,"href":"https:\/\/emlaktuel.com\/index.php?rest_route=%2Fwp%2Fv2%2Fcomments&post=24548"}],"version-history":[{"count":1,"href":"https:\/\/emlaktuel.com\/index.php?rest_route=\/wp\/v2\/posts\/24548\/revisions"}],"predecessor-version":[{"id":24549,"href":"https:\/\/emlaktuel.com\/index.php?rest_route=\/wp\/v2\/posts\/24548\/revisions\/24549"}],"wp:featuredmedia":[{"embeddable":true,"href":"https:\/\/emlaktuel.com\/index.php?rest_route=\/wp\/v2\/media\/23659"}],"wp:attachment":[{"href":"https:\/\/emlaktuel.com\/index.php?rest_route=%2Fwp%2Fv2%2Fmedia&parent=24548"}],"wp:term":[{"taxonomy":"category","embeddable":true,"href":"https:\/\/emlaktuel.com\/index.php?rest_route=%2Fwp%2Fv2%2Fcategories&post=24548"},{"taxonomy":"post_tag","embeddable":true,"href":"https:\/\/emlaktuel.com\/index.php?rest_route=%2Fwp%2Fv2%2Ftags&post=24548"}],"curies":[{"name":"wp","href":"https:\/\/api.w.org\/{rel}","templated":true}]}}