{"id":24542,"date":"2018-10-08T11:06:11","date_gmt":"2018-10-08T08:06:11","guid":{"rendered":"http:\/\/emlaktuel.com\/?p=24542"},"modified":"2018-10-08T11:06:11","modified_gmt":"2018-10-08T08:06:11","slug":"nef-4-projesinde-yuzde-10-indirim-firsati-sunuyor","status":"publish","type":"post","link":"https:\/\/emlaktuel.com\/?p=24542","title":{"rendered":"Nef, 4 projesinde y\u00fczde 10 indirim f\u0131rsat\u0131 sunuyor!"},"content":{"rendered":"<p><b>T\u00fcrkiye i\u00e7in Kazan\u00e7 Vakti Kampanyas\u0131&#8217;nda kat\u0131l\u0131m sa\u011flayarak destek olan Nef 4 projesinde fiyatlarda y\u00fczde 10 indirim imkan\u0131 aunuyor. Y\u00fczde 10 indirim s\u0131n\u0131rl\u0131 say\u0131daki daireler i\u00e7in olsada Nef konut almak isteyenlere avantajlar sunuyor.<\/b><\/p>\n<p>NEF, <strong>&#8220;Bug\u00fcn bir Nef sahibi olun, her g\u00fcn kazan\u0131n!&#8221;<\/strong>\u00a0\u015feklindeki slogan\u0131 ile kampany\u0131 duyurdu. NEF, Forbes 2018 <strong>\u201c\u0130stanbul\u2019un Getiri Potansiyeli En Y\u00fcksek 50 Projesi\u201d<\/strong> s\u0131ralamas\u0131nda, kendi b\u00f6lgesinde en de\u011ferli proje se\u00e7ilen 4 Nef projesinde al\u0131c\u0131lar\u0131n\u0131 bekliyor.<\/p>\n<h3>Nef 4 projede y\u00fczde 10 indirim imkan\u0131 sunuyor<\/h3>\n<p>Kampanyada Nef Bah\u00e7elievler, Nef Bas\u0131nekspres,\u00a0Nef \u00c7ekmek\u00f6y ve Nef Reserve Kandilli projelerinde ge\u00e7erli. Kampanya kapsam\u0131nda y\u00fczde 10 indirim, y\u00fczde 10 pe\u015finat ve 120 ay y\u00fczde 0.98 faiz sunuluyor.<\/p>\n<p><img loading=\"lazy\" class=\"size-large wp-image-18507\" src=\"http:\/\/emlaktuel.com\/wp-content\/uploads\/2017\/10\/nef-cekmekoy-projesinde-rekor-2-gunde-tum-proje-satildi.jpg\" alt=\"Nef C\u0327aml\u0131tepe nerede\" width=\"600\" height=\"400\" \/><\/p>\n<h3>Nef \u00c7ekmek\u00f6y projesi<\/h3>\n<p>Nef \u00c7ekmek\u00f6y projesinde toplam 409 daire yer al\u0131yor. \u0130stanbul Anadolu Yakas\u0131^nda \u00c7ekmek\u00f6y b\u00f6lgesinde hayata ge\u00e7irilen projede konutlar\u0131n b\u00fcy\u00fckl\u00fckleri 98 metrekare ile 126 metrekare aras\u0131nda de\u011fi\u015fiyor.\u00a0 Nef \u00c7ekmek\u00f6y projesi 1+1, 1,5+1, 2+1 ve 3+1 daire tiplernden olu\u015fuyor. Proje 2020 y\u0131l\u0131nda teslim edilecek.<\/p>\n<h3><img loading=\"lazy\" class=\"aligncenter size-large wp-image-8819\" src=\"http:\/\/emlaktuel.com\/wp-content\/uploads\/2016\/12\/nef-bahcelievlerden-ev-almanin-tam-zamani.jpg\" alt=\"\" width=\"600\" height=\"400\" \/><\/h3>\n<h3>Nef Bah\u00e7elievler projesi<\/h3>\n<p>Nef Bah\u00e7elievler projesi toplamda 903 konuttan olu\u015fuyor. Hef Bah\u00e7elievler&#8217;de konutlar\u0131n b\u00fcy\u00fckl\u00fckleri 60 ile 270 metrekare aras\u0131nda, 3+1 ve 4+1 \u015feklinde daire tipleri bulunuyor.<\/p>\n<p>Proje 3 bin 480 metrekare arazi \u00fczerinde 19 adet cadde d\u00fckk\u00e2n\u0131na yer ald\u0131\u011f\u0131 projenin hemen \u00f6n\u00fcnde metro dura\u011f\u0131 bulunuyor. Nef Bah\u00e7elievler 2019&#8217;da teslimi ger\u00e7ekle\u015fecek.<\/p>\n<h3><img loading=\"lazy\" class=\"aligncenter size-large wp-image-24543\" src=\"http:\/\/emlaktuel.com\/wp-content\/uploads\/2018\/10\/NjQxMjcyOD-nefin-4-projesinde-yuzde-10-indirim-imkani-750x493.jpg\" alt=\"\" width=\"600\" height=\"394\" \/><\/h3>\n<h3>Nef Bas\u0131nekspres projesi<\/h3>\n<p>Nef Bas\u0131nekspres projesi 2 blok toplam 503 daire ile 10 adet ticari birimden meydana geliyor. Toplam 12 bin 19 metrekare arsa \u00fczerinde Ba\u011fc\u0131lar&#8217;a ba\u011fl\u0131 G\u00fcne\u015fli&#8217;de Bas\u0131n Ekspres b\u00f6lgesinde hayata gr\u00e7iyot. Projede 1+1, 2+1 ve 3+1 konut alternatifleri bulunuyor.<\/p>\n<p>Nef Bas\u0131n Ekspres projes\u015fnde teslimler Aral\u0131k 2019 tarihinde yap\u0131lacak.<\/p>\n<h3><img loading=\"lazy\" class=\"aligncenter size-full wp-image-24544\" src=\"http:\/\/emlaktuel.com\/wp-content\/uploads\/2018\/10\/Nzk3MjU3OD-nefin-4-projesinde-yuzde-10-indirim-imkani.jpg\" alt=\"\" width=\"555\" height=\"355\" \/><\/h3>\n<h3>Nef Kandilli projesi<\/h3>\n<p>Nef Reserve Kandilli projesi 406 daireden olu\u015fuyor. 2+1&#8217;den 5+1&#8217;e kadar daire tiplerine yer verilen projede teslimlerin 2020 y\u0131l\u0131nda ger\u00e7ekle\u015ftirilmesi planlan\u0131yor.<\/p>\n","protected":false},"excerpt":{"rendered":"<p>T\u00fcrkiye i\u00e7in Kazan\u00e7 Vakti Kampanyas\u0131&#8217;nda kat\u0131l\u0131m sa\u011flayarak destek olan Nef 4 projesinde fiyatlarda y\u00fczde 10 indirim imkan\u0131 aunuyor. Y\u00fczde 10 indirim s\u0131n\u0131rl\u0131 say\u0131daki daireler i\u00e7in olsada Nef konut almak isteyenlere avantajlar sunuyor. NEF, &#8220;Bug\u00fcn bir Nef sahibi olun, her g\u00fcn kazan\u0131n!&#8221;\u00a0\u015feklindeki slogan\u0131 ile kampany\u0131 duyurdu. NEF, Forbes 2018 \u201c\u0130stanbul\u2019un Getiri Potansiyeli En Y\u00fcksek 50 Projesi\u201d [&hellip;]<\/p>\n","protected":false},"author":1,"featured_media":0,"comment_status":"open","ping_status":"open","sticky":false,"template":"","format":"standard","meta":{"ngg_post_thumbnail":0},"categories":[58],"tags":[98,12107,3324,12108],"_links":{"self":[{"href":"https:\/\/emlaktuel.com\/index.php?rest_route=\/wp\/v2\/posts\/24542"}],"collection":[{"href":"https:\/\/emlaktuel.com\/index.php?rest_route=\/wp\/v2\/posts"}],"about":[{"href":"https:\/\/emlaktuel.com\/index.php?rest_route=\/wp\/v2\/types\/post"}],"author":[{"embeddable":true,"href":"https:\/\/emlaktuel.com\/index.php?rest_route=\/wp\/v2\/users\/1"}],"replies":[{"embeddable":true,"href":"https:\/\/emlaktuel.com\/index.php?rest_route=%2Fwp%2Fv2%2Fcomments&post=24542"}],"version-history":[{"count":1,"href":"https:\/\/emlaktuel.com\/index.php?rest_route=\/wp\/v2\/posts\/24542\/revisions"}],"predecessor-version":[{"id":24545,"href":"https:\/\/emlaktuel.com\/index.php?rest_route=\/wp\/v2\/posts\/24542\/revisions\/24545"}],"wp:attachment":[{"href":"https:\/\/emlaktuel.com\/index.php?rest_route=%2Fwp%2Fv2%2Fmedia&parent=24542"}],"wp:term":[{"taxonomy":"category","embeddable":true,"href":"https:\/\/emlaktuel.com\/index.php?rest_route=%2Fwp%2Fv2%2Fcategories&post=24542"},{"taxonomy":"post_tag","embeddable":true,"href":"https:\/\/emlaktuel.com\/index.php?rest_route=%2Fwp%2Fv2%2Ftags&post=24542"}],"curies":[{"name":"wp","href":"https:\/\/api.w.org\/{rel}","templated":true}]}}