{"id":24525,"date":"2018-10-07T13:55:15","date_gmt":"2018-10-07T10:55:15","guid":{"rendered":"http:\/\/emlaktuel.com\/?p=24525"},"modified":"2018-10-07T13:55:15","modified_gmt":"2018-10-07T10:55:15","slug":"turkiyede-ilk-afet-egitim-parki-kadikoyde","status":"publish","type":"post","link":"https:\/\/emlaktuel.com\/?p=24525","title":{"rendered":"T\u00fcrkiye&#8217;de ilk afet e\u011fitim park\u0131 Kad\u0131k\u00f6y&#8217;de"},"content":{"rendered":"<p><strong>Kad\u0131k\u00f6y Belediyesi, do\u011fal afetler konusunda halk\u0131 bilin\u00e7lendirmek amac\u0131yla Kozyata\u011f\u0131 Mahallesi\u2019nde yap\u0131m\u0131na ba\u015flad\u0131\u011f\u0131 Afet E\u011fitim ve Bilin\u00e7lendirme Park\u0131\u2019n\u0131 11 Ekim Per\u015fembe g\u00fcn\u00fc saat 11:00\u2019de a\u00e7\u0131yor.<\/strong><\/p>\n<p>Olas\u0131 afetlere y\u00f6nelik haz\u0131rl\u0131k, zarar azaltma ve m\u00fcdahale a\u00e7\u0131s\u0131ndan bir\u00e7ok \u00e7al\u0131\u015fma yapan Kad\u0131k\u00f6y Belediyesi \u201cAfet E\u011fitim ve Bilin\u00e7lendirme Park\u0131\u201dyla \u00e7al\u0131\u015fmalar\u0131na bir yenisini daha ekledi. \u201cD\u00fcnya Afet Riskleri\u2019nin Azalt\u0131lmas\u0131 G\u00fcn\u00fc\u201dn\u00fcn de i\u00e7inde bulundu\u011fu haftada a\u00e7\u0131l\u0131\u015f\u0131 yap\u0131lacak parkta ayn\u0131 zamanda bir de \u201cKad\u0131k\u00f6y Afet \u00c7al\u0131\u015fmalar\u0131 Ortakl\u0131k Protokol\u00fc\u201d imzalanacak. 11 Ekim 2018 Per\u015fembe, saat 11.00\u2019de a\u00e7\u0131l\u0131\u015f\u0131 yap\u0131lacak olan parkta 13 sivil toplum kurulu\u015fu ile imzalanacak protokol kapsam\u0131nda, il\u00e7ede olas\u0131 ya\u015fanacak afetlerde t\u00fcm ortaklarla afeti y\u00f6netebilmek, zarar\u0131 azaltabilmek ve destek verebilmek ama\u00e7lan\u0131yor.<\/p>\n<p>Kad\u0131k\u00f6y Belediyesi, Afet E\u011fitim ve Bilin\u00e7lendirme Park\u0131\u2019yla do\u011fal afetlerin olu\u015fumlar\u0131n\u0131, afet esnas\u0131nda yap\u0131lmas\u0131 gerekenleri, afet \u00f6ncesinde ve sonras\u0131nda al\u0131nabilecek \u00f6nlemleri \u00e7e\u015fitli sim\u00fclasyonlar\u0131n da yard\u0131m\u0131yla yap\u0131lacak e\u011fitim \u00e7al\u0131\u015fmalar\u0131yla uygulamal\u0131 bir \u015fekilde anlatabilmeyi ama\u00e7l\u0131yor. Bu kapsamda parkta \u201cDeprem Deneyim Odas\u0131\u201d, \u201c5 Boyutlu Sinema\u201d,\u201c\u0130nteraktif Portatif Yang\u0131n Sim\u00fclasyonu\u201dile yeti\u015fkinler i\u00e7in at\u00f6lyeler, sivil toplum kurulu\u015flar\u0131 e\u011fitimi ve etkinlikleri, grup ziyaretleri ve a\u00e7\u0131k alan oyunlar\u0131 yer al\u0131yor.<\/p>\n<p><strong>DEPREM DENEY\u0130M ODASI<\/strong><\/p>\n<p>Depremin nas\u0131l olu\u015ftu\u011fu, deprem s\u0131ras\u0131nda ve sonras\u0131nda neler yap\u0131lmas\u0131 gerekti\u011finin uygulamal\u0131 olarak anlat\u0131ld\u0131\u011f\u0131 Deprem Deneyim Odas\u0131\u2019nda deprem sim\u00fclasyon sistemi ile \u00fclkemizde ve d\u00fcnyada olmu\u015f baz\u0131 hasar verici depremler ger\u00e7e\u011fe yak\u0131n olarak sim\u00fcle ediliyor.<\/p>\n<p><strong>5 BOYUTLU S\u0130NEMA<\/strong><\/p>\n<p>Sinemada yakla\u015f\u0131k 6 dakika s\u00fcren e\u011fitim filmi ile deprem \u00f6ncesi, deprem s\u0131ras\u0131 ve sonras\u0131nda neler yap\u0131lmas\u0131 gerekti\u011fiyle ilgili bir\u00e7ok konu anlat\u0131l\u0131yor.<\/p>\n<p><strong>\u0130NTERAKT\u0130F PORTAT\u0130F YANGIN S\u0130M\u00dcLASYONU<\/strong><\/p>\n<p>Yang\u0131n ve \u00e7e\u015fitleri, yang\u0131na nas\u0131l m\u00fcdahale edilmesi gerekti\u011fi, yang\u0131n s\u00f6nd\u00fcrme ekipmanlar\u0131n\u0131n kullan\u0131m\u0131, ki\u015fisel g\u00fcvenlik \u00f6nlemleri, yang\u0131na m\u00fcdahale etme becerilerinin geli\u015ftirilmesi gibi konularda uygulamalar yap\u0131l\u0131yor.<\/p>\n<p><strong>AFET B\u0130L\u0130NC\u0130 OLU\u015eTURAN OYUNLAR<\/strong><\/p>\n<p>Afet Bilin\u00e7lendirme Park\u0131\u2019nda ayr\u0131ca Kad\u0131k\u00f6y Belediyesi Kentsel Arama Kurtarma Tak\u0131m\u0131 e\u011fitmenleri taraf\u0131ndan haz\u0131rlanan oyunlar ve etkinlikler ile kat\u0131l\u0131mc\u0131lar\u0131n park i\u00e7erisinde oynayarak ve deneyerek afetler hakk\u0131nda bilin\u00e7 d\u00fczeyinin art\u0131r\u0131lmas\u0131 hedefleniyor.<\/p>\n<p><strong>D\u00d6N\u00dc\u015eT\u00dcR\u00dcLEB\u0130L\u0130R PARK MOB\u0130LYALARI<\/strong><\/p>\n<p>Parklarda oturma ve dinlenme ama\u00e7l\u0131 kullan\u0131lan banklar\u0131n ocak-depo, kamelyalar\u0131n ise \u00e7ad\u0131r olarak d\u00f6n\u00fc\u015febilmesinin afetlerden sonra insan hayat\u0131n\u0131 kolayla\u015ft\u0131rabilece\u011fi d\u00fc\u015f\u00fcn\u00fcld\u00fc\u011f\u00fc i\u00e7in parkta afetler sonras\u0131 i\u00e7in farkl\u0131 fonksiyonlar\u0131 olan d\u00f6n\u00fc\u015ft\u00fcr\u00fclebilir park mobilyalar\u0131 bulunuyor<\/p>\n","protected":false},"excerpt":{"rendered":"<p>Kad\u0131k\u00f6y Belediyesi, do\u011fal afetler konusunda halk\u0131 bilin\u00e7lendirmek amac\u0131yla Kozyata\u011f\u0131 Mahallesi\u2019nde yap\u0131m\u0131na ba\u015flad\u0131\u011f\u0131 Afet E\u011fitim ve Bilin\u00e7lendirme Park\u0131\u2019n\u0131 11 Ekim Per\u015fembe g\u00fcn\u00fc saat 11:00\u2019de a\u00e7\u0131yor. Olas\u0131 afetlere y\u00f6nelik haz\u0131rl\u0131k, zarar azaltma ve m\u00fcdahale a\u00e7\u0131s\u0131ndan bir\u00e7ok \u00e7al\u0131\u015fma yapan Kad\u0131k\u00f6y Belediyesi \u201cAfet E\u011fitim ve Bilin\u00e7lendirme Park\u0131\u201dyla \u00e7al\u0131\u015fmalar\u0131na bir yenisini daha ekledi. \u201cD\u00fcnya Afet Riskleri\u2019nin Azalt\u0131lmas\u0131 G\u00fcn\u00fc\u201dn\u00fcn de i\u00e7inde [&hellip;]<\/p>\n","protected":false},"author":1,"featured_media":24526,"comment_status":"open","ping_status":"open","sticky":false,"template":"","format":"standard","meta":{"ngg_post_thumbnail":0},"categories":[26],"tags":[12094],"_links":{"self":[{"href":"https:\/\/emlaktuel.com\/index.php?rest_route=\/wp\/v2\/posts\/24525"}],"collection":[{"href":"https:\/\/emlaktuel.com\/index.php?rest_route=\/wp\/v2\/posts"}],"about":[{"href":"https:\/\/emlaktuel.com\/index.php?rest_route=\/wp\/v2\/types\/post"}],"author":[{"embeddable":true,"href":"https:\/\/emlaktuel.com\/index.php?rest_route=\/wp\/v2\/users\/1"}],"replies":[{"embeddable":true,"href":"https:\/\/emlaktuel.com\/index.php?rest_route=%2Fwp%2Fv2%2Fcomments&post=24525"}],"version-history":[{"count":1,"href":"https:\/\/emlaktuel.com\/index.php?rest_route=\/wp\/v2\/posts\/24525\/revisions"}],"predecessor-version":[{"id":24527,"href":"https:\/\/emlaktuel.com\/index.php?rest_route=\/wp\/v2\/posts\/24525\/revisions\/24527"}],"wp:featuredmedia":[{"embeddable":true,"href":"https:\/\/emlaktuel.com\/index.php?rest_route=\/wp\/v2\/media\/24526"}],"wp:attachment":[{"href":"https:\/\/emlaktuel.com\/index.php?rest_route=%2Fwp%2Fv2%2Fmedia&parent=24525"}],"wp:term":[{"taxonomy":"category","embeddable":true,"href":"https:\/\/emlaktuel.com\/index.php?rest_route=%2Fwp%2Fv2%2Fcategories&post=24525"},{"taxonomy":"post_tag","embeddable":true,"href":"https:\/\/emlaktuel.com\/index.php?rest_route=%2Fwp%2Fv2%2Ftags&post=24525"}],"curies":[{"name":"wp","href":"https:\/\/api.w.org\/{rel}","templated":true}]}}