{"id":2452,"date":"2016-07-01T22:50:35","date_gmt":"2016-07-01T19:50:35","guid":{"rendered":"http:\/\/emlaktuel.com\/?p=2452"},"modified":"2018-07-05T14:11:19","modified_gmt":"2018-07-05T11:11:19","slug":"adam-levine-beverly-hillsteki-evini-satiyor","status":"publish","type":"post","link":"https:\/\/emlaktuel.com\/?p=2452","title":{"rendered":"Adam Levine Beverly Hills&#8217;teki evini sat\u0131yor!"},"content":{"rendered":"<div class=\"hz_top_post\">\n<div class=\"hz_title\">\n<h1><\/h1>\n<\/div>\n<p><strong>\u00dcnl\u00fc \u015fark\u0131c\u0131 Adam Levine&#8217;in muhte\u015fem evi sat\u0131\u015fa \u00e7\u0131kar\u0131ld\u0131.<\/strong><\/div>\n<div class=\"hz_main_post_content\">\n<div class=\"hz_content\">\u00a0\u00a0\u00a0\u00a0\u00a0\u00a0 Maroon 5 grubunun solisti ve The Voice yar\u0131\u015fmas\u0131 j\u00fcri \u00fcyesi Adam Levine, 2012&#8217;de 4.83 milyon dolara (yakla\u015f\u0131k 14 milyon TL) ald\u0131\u011f\u0131 muhte\u015fem malikanesini sat\u0131\u015fa \u00e7\u0131kard\u0131.<\/div>\n<div class=\"hz_content\">\u00a0\u00a0\u00a0\u00a0\u00a0 Variety&#8217;nin haberine g\u00f6re 700 metrekarelik evine d\u00f6rt y\u0131l i\u00e7inde b\u00fcy\u00fck yat\u0131r\u0131m yapan \u00fcnl\u00fc m\u00fczisyen, sat\u0131\u015f fiyat\u0131n\u0131 3&#8217;e katlad\u0131 ve bu ola\u011fan\u00fcst\u00fc evi 17.5 milyon dolara (yakla\u015f\u0131k 51 milyon TL) sat\u0131\u015fa \u00e7\u0131kard\u0131.\u00a0 Victoria&#8217;s Secret modeli e\u015fi Behati Prinsloo ile do\u011facak ilk \u00e7ocuklar\u0131n\u0131n heyecan\u0131n\u0131 ya\u015fayan Adam Levine&#8217;in Beverly Hills&#8217;te bulunan bu evinde be\u015f yatak odas\u0131 ve yedi de banyo bulunuyor.\u00a0 37 ya\u015f\u0131ndaki Grammy \u00f6d\u00fcll\u00fc m\u00fczisyen, evi dekore etmek i\u00e7in \u00fcnl\u00fc tasar\u0131mc\u0131 Mark Haddawy ile i\u015fbirli\u011fine girmi\u015fti.\u00a0 Evin i\u00e7ine sinema salonu, k\u00fct\u00fcphane, spor salonu ve d\u0131\u015f\u0131na da tenis kortu ile tamamen yenilenmi\u015f bir y\u00fczme havuzu eklettiren Levine&#8217;in Benedict Kanyonu&#8217;na bakan muhte\u015fem bir manzaras\u0131 da var.<\/div>\n<\/div>\n<div class=\"hz_content\"><\/div>\n<div class=\"hz_content\"><img loading=\"lazy\" class=\"alignnone  wp-image-2453\" src=\"http:\/\/emlaktuel.com\/wp-content\/uploads\/2016\/07\/adamlevine5-300x169.jpg\" alt=\"adamlevine5\" width=\"632\" height=\"356\" \/><\/div>\n<div class=\"hz_content\"><img loading=\"lazy\" class=\"alignnone  wp-image-2454\" src=\"http:\/\/emlaktuel.com\/wp-content\/uploads\/2016\/07\/adamlevine4-300x169.jpg\" alt=\"adamlevine4\" width=\"634\" height=\"357\" \/><\/div>\n<div class=\"hz_content\"><img loading=\"lazy\" class=\"alignnone  wp-image-2455\" src=\"http:\/\/emlaktuel.com\/wp-content\/uploads\/2016\/07\/adamlevine3-300x169.jpg\" alt=\"adamlevine3\" width=\"632\" height=\"356\" \/><\/div>\n<div class=\"hz_content\"><img loading=\"lazy\" class=\"alignnone  wp-image-2456\" src=\"http:\/\/emlaktuel.com\/wp-content\/uploads\/2016\/07\/adamlevine2-300x169.jpg\" alt=\"adamlevine2\" width=\"630\" height=\"355\" \/><\/div>\n<div class=\"hz_content\"><img loading=\"lazy\" class=\"alignnone  wp-image-2457\" src=\"http:\/\/emlaktuel.com\/wp-content\/uploads\/2016\/07\/adamlevine1-300x169.jpg\" alt=\"adamlevine1\" width=\"627\" height=\"353\" \/><\/div>\n","protected":false},"excerpt":{"rendered":"<p>\u00dcnl\u00fc \u015fark\u0131c\u0131 Adam Levine&#8217;in muhte\u015fem evi sat\u0131\u015fa \u00e7\u0131kar\u0131ld\u0131. \u00a0\u00a0\u00a0\u00a0\u00a0\u00a0 Maroon 5 grubunun solisti ve The Voice yar\u0131\u015fmas\u0131 j\u00fcri \u00fcyesi Adam Levine, 2012&#8217;de 4.83 milyon dolara (yakla\u015f\u0131k 14 milyon TL) ald\u0131\u011f\u0131 muhte\u015fem malikanesini sat\u0131\u015fa \u00e7\u0131kard\u0131. \u00a0\u00a0\u00a0\u00a0\u00a0 Variety&#8217;nin haberine g\u00f6re 700 metrekarelik evine d\u00f6rt y\u0131l i\u00e7inde b\u00fcy\u00fck yat\u0131r\u0131m yapan \u00fcnl\u00fc m\u00fczisyen, sat\u0131\u015f fiyat\u0131n\u0131 3&#8217;e katlad\u0131 ve bu [&hellip;]<\/p>\n","protected":false},"author":1,"featured_media":2453,"comment_status":"open","ping_status":"open","sticky":false,"template":"","format":"standard","meta":{"ngg_post_thumbnail":0},"categories":[20],"tags":[1400,801,11165,11296,11098,11236,96],"_links":{"self":[{"href":"https:\/\/emlaktuel.com\/index.php?rest_route=\/wp\/v2\/posts\/2452"}],"collection":[{"href":"https:\/\/emlaktuel.com\/index.php?rest_route=\/wp\/v2\/posts"}],"about":[{"href":"https:\/\/emlaktuel.com\/index.php?rest_route=\/wp\/v2\/types\/post"}],"author":[{"embeddable":true,"href":"https:\/\/emlaktuel.com\/index.php?rest_route=\/wp\/v2\/users\/1"}],"replies":[{"embeddable":true,"href":"https:\/\/emlaktuel.com\/index.php?rest_route=%2Fwp%2Fv2%2Fcomments&post=2452"}],"version-history":[{"count":1,"href":"https:\/\/emlaktuel.com\/index.php?rest_route=\/wp\/v2\/posts\/2452\/revisions"}],"predecessor-version":[{"id":2458,"href":"https:\/\/emlaktuel.com\/index.php?rest_route=\/wp\/v2\/posts\/2452\/revisions\/2458"}],"wp:featuredmedia":[{"embeddable":true,"href":"https:\/\/emlaktuel.com\/index.php?rest_route=\/wp\/v2\/media\/2453"}],"wp:attachment":[{"href":"https:\/\/emlaktuel.com\/index.php?rest_route=%2Fwp%2Fv2%2Fmedia&parent=2452"}],"wp:term":[{"taxonomy":"category","embeddable":true,"href":"https:\/\/emlaktuel.com\/index.php?rest_route=%2Fwp%2Fv2%2Fcategories&post=2452"},{"taxonomy":"post_tag","embeddable":true,"href":"https:\/\/emlaktuel.com\/index.php?rest_route=%2Fwp%2Fv2%2Ftags&post=2452"}],"curies":[{"name":"wp","href":"https:\/\/api.w.org\/{rel}","templated":true}]}}