{"id":24452,"date":"2018-09-29T12:07:14","date_gmt":"2018-09-29T09:07:14","guid":{"rendered":"http:\/\/emlaktuel.com\/?p=24452"},"modified":"2018-09-29T12:07:14","modified_gmt":"2018-09-29T09:07:14","slug":"emlak-konut-gyonun-merakla-beklenen-dusler-vadisi-riva-satisa-cikti","status":"publish","type":"post","link":"https:\/\/emlaktuel.com\/?p=24452","title":{"rendered":"Emlak Konut GYO&#8217;nun merakla beklenen D\u00fc\u015fler Vadisi Riva sat\u0131\u015fa \u00e7\u0131kt\u0131"},"content":{"rendered":"<p><strong>Emlak Konut GYO g\u00fcvencesiyle Galatasaray\u2019\u0131n Riva arazisinde hayata ge\u00e7irilecek D\u00fc\u015fler Vadisi Riva sat\u0131\u015fa sunuldu. Lansman \u00f6ncesi avantajl\u0131 fiyatlarla talep g\u00f6ren proje Y\u0131lmaz \u0130n\u015faat taraf\u0131ndan in\u015fa ediliyor.<\/strong><\/p>\n<p>Emlak Konut GYO g\u00fcvencesiyle Y\u0131lmaz \u0130n\u015faat taraf\u0131ndan, b\u00fcy\u00fck bir yat\u0131r\u0131mla hayata ge\u00e7irilecek D\u00fc\u015fler Vadisi Riva\u2019da sat\u0131\u015flara ba\u015fland\u0131. Riva\u2019n\u0131n do\u011fal yap\u0131s\u0131 korunarak, 869 bin 362 metrekarelik arsa \u00fczerinde geli\u015ftirilen villa projesi, do\u011fa dostu konseptiyle \u00f6ne \u00e7\u0131k\u0131yor.<\/p>\n<p>Lansman \u00f6ncesi d\u00f6neme \u00f6zel olarak 1 milyon 100 bin TL\u2019den ba\u015flayan fiyatlarla sat\u0131\u015fa sunulan projede alternatif \u00f6deme planlar\u0131 da sunuluyor.<\/p>\n<p><strong>152 METREKAREDEN 396 METREKAREYE KADAR V\u0130LLA SE\u00c7ENE\u011e\u0130 YER ALIYOR<\/strong><\/p>\n<p>\u00c7evre ile uyum i\u00e7inde tasarlanan villalar\u0131 1 milyon 100 bin TL\u2019den ba\u015flayan fiyatlarla sat\u0131\u015fa sunan Y\u0131lmaz \u0130n\u015faat, projenin ilk etab\u0131nda 509 villa in\u015fa edecek. 152 metrekareden 396 metrekareye kadar farkl\u0131 b\u00fcy\u00fckl\u00fcklerde villalar\u0131n yer ald\u0131\u011f\u0131 projede geni\u015f ve ferah kullan\u0131m alanlar\u0131n\u0131n yan\u0131 s\u0131ra do\u011fayla i\u00e7 i\u00e7e bir ya\u015fam konsepti olu\u015fturuluyor.<\/p>\n<p>Natamam \u015fekilde yap\u0131lacak villalar, yat\u0131r\u0131mc\u0131n\u0131n tercihine g\u00f6re (<em>ince i\u015f\u00e7ilik i\u00e7in<\/em>) istedi\u011fi paketi sat\u0131n alarak villas\u0131n\u0131 haz\u0131r teslim alabilecek. B\u00f6lgenin ekolojik \u00f6zelli\u011fine ba\u011fl\u0131, do\u011fa ile i\u00e7 i\u00e7e yatay bir konseptte planlanan projenin ilk etab\u0131 3 y\u0131l i\u00e7inde tamamlanacak.<\/p>\n<p>1.150 d\u00f6n\u00fcm \u00fczerinde geli\u015ftirilen villa projesinin i\u00e7inde park ve \u00f6zel orman alan\u0131 ile birlikte do\u011fal su kaynaklar\u0131 yer al\u0131yor.<\/p>\n<p><strong>\u0130STANBUL\u2019UN GEL\u0130\u015e\u0130M AKSINDA \u00d6RNEK YAPILA\u015eMA<\/strong><\/p>\n<p>D\u00fc\u015fler Vadisi Riva, kamu ve \u00f6zel sekt\u00f6r yat\u0131r\u0131mlar\u0131yla her ge\u00e7en g\u00fcn h\u0131zla geli\u015fen Kuzey Marmara Otoyolu aks\u0131n\u0131n Anadolu Yakas\u0131\u2019nda \u00f6rnek niteli\u011finde bir yap\u0131la\u015fma olarak \u00f6ne \u00e7\u0131k\u0131yor.<\/p>\n<p>\u0130stanbul\u2019un do\u011fayla i\u00e7e i\u00e7e b\u00f6lgesi Riva\u2019da y\u00fckselen proje, 3. Havaliman\u0131, Sabiha G\u00f6k\u00e7en Havaliman\u0131, Yavuz Sultan Selim K\u00f6pr\u00fcs\u00fc, Otoban ve \u00e7evreyollar\u0131yla kolay ula\u015f\u0131m imkan\u0131na sahip bir noktada yer al\u0131yor. Riva\u2019ya \u00f6zg\u00fcn bir kimlik kazand\u0131racak proje, \u00e7evreye uyumlu az katl\u0131 ekolojik yap\u0131s\u0131yla da T\u00fcrkiye\u2019de \u00f6rnek te\u015fkil edecek.<\/p>\n","protected":false},"excerpt":{"rendered":"<p>Emlak Konut GYO g\u00fcvencesiyle Galatasaray\u2019\u0131n Riva arazisinde hayata ge\u00e7irilecek D\u00fc\u015fler Vadisi Riva sat\u0131\u015fa sunuldu. Lansman \u00f6ncesi avantajl\u0131 fiyatlarla talep g\u00f6ren proje Y\u0131lmaz \u0130n\u015faat taraf\u0131ndan in\u015fa ediliyor. Emlak Konut GYO g\u00fcvencesiyle Y\u0131lmaz \u0130n\u015faat taraf\u0131ndan, b\u00fcy\u00fck bir yat\u0131r\u0131mla hayata ge\u00e7irilecek D\u00fc\u015fler Vadisi Riva\u2019da sat\u0131\u015flara ba\u015fland\u0131. Riva\u2019n\u0131n do\u011fal yap\u0131s\u0131 korunarak, 869 bin 362 metrekarelik arsa \u00fczerinde geli\u015ftirilen villa [&hellip;]<\/p>\n","protected":false},"author":1,"featured_media":24453,"comment_status":"open","ping_status":"open","sticky":false,"template":"","format":"standard","meta":{"ngg_post_thumbnail":0},"categories":[5388],"tags":[459,12056],"_links":{"self":[{"href":"https:\/\/emlaktuel.com\/index.php?rest_route=\/wp\/v2\/posts\/24452"}],"collection":[{"href":"https:\/\/emlaktuel.com\/index.php?rest_route=\/wp\/v2\/posts"}],"about":[{"href":"https:\/\/emlaktuel.com\/index.php?rest_route=\/wp\/v2\/types\/post"}],"author":[{"embeddable":true,"href":"https:\/\/emlaktuel.com\/index.php?rest_route=\/wp\/v2\/users\/1"}],"replies":[{"embeddable":true,"href":"https:\/\/emlaktuel.com\/index.php?rest_route=%2Fwp%2Fv2%2Fcomments&post=24452"}],"version-history":[{"count":1,"href":"https:\/\/emlaktuel.com\/index.php?rest_route=\/wp\/v2\/posts\/24452\/revisions"}],"predecessor-version":[{"id":24454,"href":"https:\/\/emlaktuel.com\/index.php?rest_route=\/wp\/v2\/posts\/24452\/revisions\/24454"}],"wp:featuredmedia":[{"embeddable":true,"href":"https:\/\/emlaktuel.com\/index.php?rest_route=\/wp\/v2\/media\/24453"}],"wp:attachment":[{"href":"https:\/\/emlaktuel.com\/index.php?rest_route=%2Fwp%2Fv2%2Fmedia&parent=24452"}],"wp:term":[{"taxonomy":"category","embeddable":true,"href":"https:\/\/emlaktuel.com\/index.php?rest_route=%2Fwp%2Fv2%2Fcategories&post=24452"},{"taxonomy":"post_tag","embeddable":true,"href":"https:\/\/emlaktuel.com\/index.php?rest_route=%2Fwp%2Fv2%2Ftags&post=24452"}],"curies":[{"name":"wp","href":"https:\/\/api.w.org\/{rel}","templated":true}]}}