{"id":24450,"date":"2018-09-29T11:54:01","date_gmt":"2018-09-29T08:54:01","guid":{"rendered":"http:\/\/emlaktuel.com\/?p=24450"},"modified":"2018-09-29T11:54:01","modified_gmt":"2018-09-29T08:54:01","slug":"turkiye-icin-kazanc-vakti-kampanyasi-ile-5-bin-konut-satildi","status":"publish","type":"post","link":"https:\/\/emlaktuel.com\/?p=24450","title":{"rendered":"&#8216;T\u00fcrkiye \u0130\u00e7in Kazan\u00e7 Vakti&#8217; kampanyas\u0131 ile 5 bin konut sat\u0131ld\u0131"},"content":{"rendered":"<div class=\"td-post-header\">\n<header class=\"td-post-title\">\n<p class=\"td-post-sub-title\">KONUTDER ve Sur Yap\u0131 Y\u00f6netim Kurulu Ba\u015fkan\u0131 Altan Elmas, Eyl\u00fcl ay\u0131nda ba\u015flayan <strong>&#8220;T\u00fcrkiye \u0130\u00e7in Kazan\u00e7 Vakti&#8221;<\/strong> slogan\u0131yla ba\u015flat\u0131lan indirim kampanyas\u0131nda bug\u00fcne kadar 5 bin civar\u0131nda konut sat\u0131ld\u0131\u011f\u0131n\u0131 belirtti.<\/p>\n<\/header>\n<\/div>\n<div class=\"td-post-content\">\n<p>Konut sekt\u00f6r\u00fcndeki durgunlu\u011fu k\u0131rmak, sekt\u00f6r\u00fc canland\u0131rmak ve stoklardaki konutlar\u0131n t\u00fcketilmesini i\u00e7in yakla\u015f\u0131k bir ay \u00f6nce \u00c7evre ve \u015eehircilik Bakanl\u0131\u011f\u0131 \u00f6nc\u00fcl\u00fc\u011f\u00fcnde ba\u015flayan T\u00fcrkiye \u0130\u00e7in Kazan\u00e7 Vakti kampanyas\u0131 t\u00fcm h\u0131z\u0131yla devam ediyor.<\/p>\n<p>Kampanya ile sekt\u00f6rde \u00f6nemli hareketlilik sa\u011flan\u0131rken, kampanyan\u0131n olumlu etkisi sat\u0131\u015f rakamlar\u0131nda da kendini g\u00f6steriyor. Bu kapsamda ekonomideki dalgalanmaya ra\u011fmen, kampanya ile konut piyasas\u0131nda canl\u0131l\u0131k ya\u015fand\u0131 ve 1 ay\u0131n sonunda sat\u0131lan ev say\u0131s\u0131 5 bine yakla\u015ft\u0131.<\/p>\n<p><strong>\u201cStoklar bitecek, fiyatlar artacak\u201d<\/strong><\/p>\n<p>Kampanyaya 16 projesiyle kat\u0131lan KONUT Geli\u015ftiricileri ve Yat\u0131r\u0131mc\u0131lar\u0131 Derne\u011fi (KONUTDER) ve Sur Yap\u0131 Y\u00f6netim Kurulu Ba\u015fkan\u0131 Altan Elmas, stoklar\u0131n erimesiyle 6 ay sonras\u0131nda ev fiyatlar\u0131n\u0131n artaca\u011f\u0131n\u0131 s\u00f6yledi.<\/p>\n<p>Kampanyan\u0131n iyi ba\u015flad\u0131\u011f\u0131n\u0131 s\u00f6yleyen Elmas, <strong>\u201cBiz de dernekler ve sekt\u00f6r\u00fcn \u00f6nde gelen firmalar\u0131 olarak destek verdik. B\u00fcy\u00fck bir f\u0131rsat, 2 ayl\u0131k kampanya s\u00fcrecinin sonunda ben 10 milyar lira ciro elde edilece\u011fini ve 10-12 bin konutun sat\u0131laca\u011f\u0131n\u0131 d\u00fc\u015f\u00fcn\u00fcyorum\u201d<\/strong> \u015feklinde konu\u015ftu.<\/p>\n<p><strong>KAYNAK: Star<\/strong><\/p>\n<div class=\"td-a-rec td-a-rec-id-content_bottom  td_uid_3_5baf312f0a30a_rand td_block_template_1\">\n<div id=\"wpcf7-f167807-p210033-o1\" class=\"wpcf7\" dir=\"ltr\" lang=\"tr-TR\" role=\"form\">\n<div class=\"screen-reader-response\"><\/div>\n<form class=\"wpcf7-form\" action=\"https:\/\/www.emlakdream.com\/indirim-kampanyasiyla-5-bin-civari-konut-satildi\/#wpcf7-f167807-p210033-o1\" method=\"post\" novalidate=\"novalidate\"><\/form>\n<\/div>\n<\/div>\n<\/div>\n","protected":false},"excerpt":{"rendered":"<p>KONUTDER ve Sur Yap\u0131 Y\u00f6netim Kurulu Ba\u015fkan\u0131 Altan Elmas, Eyl\u00fcl ay\u0131nda ba\u015flayan &#8220;T\u00fcrkiye \u0130\u00e7in Kazan\u00e7 Vakti&#8221; slogan\u0131yla ba\u015flat\u0131lan indirim kampanyas\u0131nda bug\u00fcne kadar 5 bin civar\u0131nda konut sat\u0131ld\u0131\u011f\u0131n\u0131 belirtti. Konut sekt\u00f6r\u00fcndeki durgunlu\u011fu k\u0131rmak, sekt\u00f6r\u00fc canland\u0131rmak ve stoklardaki konutlar\u0131n t\u00fcketilmesini i\u00e7in yakla\u015f\u0131k bir ay \u00f6nce \u00c7evre ve \u015eehircilik Bakanl\u0131\u011f\u0131 \u00f6nc\u00fcl\u00fc\u011f\u00fcnde ba\u015flayan T\u00fcrkiye \u0130\u00e7in Kazan\u00e7 Vakti kampanyas\u0131 t\u00fcm [&hellip;]<\/p>\n","protected":false},"author":1,"featured_media":24033,"comment_status":"open","ping_status":"open","sticky":false,"template":"","format":"standard","meta":{"ngg_post_thumbnail":0},"categories":[221,5388],"tags":[11920,62,80,2355,688,813],"_links":{"self":[{"href":"https:\/\/emlaktuel.com\/index.php?rest_route=\/wp\/v2\/posts\/24450"}],"collection":[{"href":"https:\/\/emlaktuel.com\/index.php?rest_route=\/wp\/v2\/posts"}],"about":[{"href":"https:\/\/emlaktuel.com\/index.php?rest_route=\/wp\/v2\/types\/post"}],"author":[{"embeddable":true,"href":"https:\/\/emlaktuel.com\/index.php?rest_route=\/wp\/v2\/users\/1"}],"replies":[{"embeddable":true,"href":"https:\/\/emlaktuel.com\/index.php?rest_route=%2Fwp%2Fv2%2Fcomments&post=24450"}],"version-history":[{"count":1,"href":"https:\/\/emlaktuel.com\/index.php?rest_route=\/wp\/v2\/posts\/24450\/revisions"}],"predecessor-version":[{"id":24451,"href":"https:\/\/emlaktuel.com\/index.php?rest_route=\/wp\/v2\/posts\/24450\/revisions\/24451"}],"wp:featuredmedia":[{"embeddable":true,"href":"https:\/\/emlaktuel.com\/index.php?rest_route=\/wp\/v2\/media\/24033"}],"wp:attachment":[{"href":"https:\/\/emlaktuel.com\/index.php?rest_route=%2Fwp%2Fv2%2Fmedia&parent=24450"}],"wp:term":[{"taxonomy":"category","embeddable":true,"href":"https:\/\/emlaktuel.com\/index.php?rest_route=%2Fwp%2Fv2%2Fcategories&post=24450"},{"taxonomy":"post_tag","embeddable":true,"href":"https:\/\/emlaktuel.com\/index.php?rest_route=%2Fwp%2Fv2%2Ftags&post=24450"}],"curies":[{"name":"wp","href":"https:\/\/api.w.org\/{rel}","templated":true}]}}