{"id":24367,"date":"2018-09-24T21:23:16","date_gmt":"2018-09-24T18:23:16","guid":{"rendered":"http:\/\/emlaktuel.com\/?p=24367"},"modified":"2018-09-24T21:23:16","modified_gmt":"2018-09-24T18:23:16","slug":"mesa-ormanda-brunch-nesesi","status":"publish","type":"post","link":"https:\/\/emlaktuel.com\/?p=24367","title":{"rendered":"MESA Orman\u2019da brunch ne\u015fesi"},"content":{"rendered":"<p><strong>\u0130stanbul Anadolu Yakas\u0131\u2019nda \u00e7ok \u00f6zel lokasyonda yer alan \u00c7ubuklu\u2019da, s\u0131rt\u0131n\u0131 \u015fehrin oksijen deposu olan \u0130stanbul Kent Orman\u0131&#8217;na veren ve do\u011fal g\u00f6l\u00fcn hemen yan\u0131 ba\u015f\u0131nda bulunan MESA Orman\u2019da do\u011fayla i\u00e7 i\u00e7e keyifli g\u00fcnler, hafta sonu yap\u0131lan brunch keyfi ile ba\u015flad\u0131.<\/strong><\/p>\n<p>Gayrimenkulde 50 y\u0131la dayanan \u00f6d\u00fcns\u00fcz kalite anlay\u0131\u015f\u0131n\u0131 nitelikli ya\u015fam alanlar\u0131yla bulu\u015fturan\u00a0<strong>MESA,\u00a0<\/strong>her ihtiyaca cevap veren y\u00fcksek nitelikli projesi\u00a0<strong>MESA Orman\u2019<\/strong>daki ya\u015fam keyfini, ger\u00e7ekle\u015ftirdi\u011fi etkinliklerle bug\u00fcnden hissettirmeye ba\u015flad\u0131.<\/p>\n<p><strong>MESA Orman<\/strong>\u2019\u0131n ayr\u0131cal\u0131kl\u0131 g\u00fczel do\u011fa ile i\u00e7i\u00e7e ya\u015fam\u0131nda yer almak isteyenler, 23 Eyl\u00fcl Pazar g\u00fcn\u00fc yap\u0131lan brunchta bir araya geldi ve keyifli bir hafta sonu ge\u00e7irdi. Saat 10.00\u2019da Develi\u2019nin zengin brunch men\u00fcs\u00fcyle ba\u015flayan brunch etkinlikte, aileler do\u011fan\u0131n i\u00e7inde Pazar g\u00fcn\u00fcn\u00fcn tad\u0131n\u0131 \u00e7\u0131kar\u0131rken, \u00e7ocuklar palya\u00e7o e\u015fli\u011finde el boyama gibi etkinliklerle ne\u015feli bir g\u00fcn ge\u00e7irdi. \u00c7ocuklar\u0131n ne\u015fesi ile renklenen brunchta kad\u0131nlar ise geleneksel el sanatlar\u0131ndan ebru ile kendi eserlerini ortaya \u00e7\u0131kard\u0131lar.<\/p>\n<h3><strong>Do\u011fan\u0131n ya\u015fam ile i\u00e7i\u00e7i\u00e7e ge\u00e7ti\u011fi nokta: MESA ORMAN<\/strong><\/h3>\n<p>Az katl\u0131 bloklar\u0131ndaki 219 daire ve butik \u00f6zg\u00fcn bir ya\u015fam sunan MESA Orman projesinde 125 m\u00b2 ile 300 m\u00b2 aras\u0131nda de\u011fi\u015fen b\u00fcy\u00fckl\u00fckleriyle 2+1, 3+1, 3,5+1, 4+1, 5,5+1 ve 6+1 daire se\u00e7enekleri yer al\u0131yor. May\u0131s 2020\u2019de teslim edilecek\u00a0<strong>MESA Orman,\u00a0<\/strong>metropol\u00fcn i\u00e7inde sakl\u0131 do\u011fal bir d\u00fcnya sunuyor.<\/p>\n<p>Sadece y\u00fcr\u00fcy\u00fc\u015f mesafesinde do\u011fal g\u00f6l ve ye\u015filin t\u00fcm tonlar\u0131n\u0131 bar\u0131nd\u0131ran\u00a0<strong>MESA Orman<\/strong>, parklar\u0131, bah\u00e7eleri, s\u00fcs havuzlar\u0131, mini \u015felalesi, dinlenme yerleri, y\u00fcr\u00fcy\u00fc\u015f alanlar\u0131, havuzlar\u0131, tenis ve basketbol sahalar\u0131, \u00f6zel peyzajla birbirine ba\u011flanan bah\u00e7eleri ile ayr\u0131nt\u0131lar\u0131ndaki m\u00fckemmelli\u011fi yans\u0131t\u0131yor. D\u00fcmd\u00fcz bir arazi \u00fczerine konumlanan\u00a0<strong>MESA Orman<\/strong>, \u00e7ocuklar\u0131n, oyun parklar\u0131nda ve ye\u015fil alanlarda \u00f6zg\u00fcrce ko\u015fup doyas\u0131ya e\u011flenebilece\u011fi bir alan imk\u00e2n\u0131 sunuyor.<\/p>\n<p>Projenin etraf\u0131n\u0131 \u00e7evreleyen ve \u00e7evresiyle ba\u011flant\u0131s\u0131n\u0131 yarat\u0131c\u0131 bir kurguyla kesen ko\u015fu parkuru, sabah ko\u015fular\u0131n\u0131n mis gibi orman havas\u0131nda yap\u0131lmas\u0131na imk\u00e2n tan\u0131yor. Mesa Orman sosyal tesisi ise sakinlerini benzersiz ayr\u0131cal\u0131klar ile tan\u0131\u015ft\u0131r\u0131yor. Sosyal tesisin i\u00e7erisinde yer alan dinlenme ve \u00e7al\u0131\u015fma alanlar\u0131 ile MESA Ormanl\u0131lar kendilerine ay\u0131rd\u0131klar\u0131 her an\u0131n keyfine doya doya varacak.<\/p>\n<p>\u00d6zel konumu sayesinde hem denizden hem de karadan \u00f6nemli ula\u015f\u0131m olanaklar\u0131na sahip olan\u00a0<strong>MESA Orman,\u00a0<\/strong>15 Temmuz \u015eehitler K\u00f6pr\u00fcs\u00fc\u2019ne 20 dakika, Fatih Sultan Mehmet K\u00f6pr\u00fcs\u00fc\u2019ne 10 dakika, \u00c7ubuklu-\u0130stinye Feribot \u0130skelesi\u2019ne 5 dakika, Levent ve Maslak\u2019a 15 dakika mesafede yer al\u0131yor. Ayr\u0131ca projenin 3. K\u00f6pr\u00fc\u2019ye yak\u0131nl\u0131\u011f\u0131 sayesinde yeni havaliman\u0131na kolayca ula\u015fmak m\u00fcmk\u00fcn<\/p>\n","protected":false},"excerpt":{"rendered":"<p>\u0130stanbul Anadolu Yakas\u0131\u2019nda \u00e7ok \u00f6zel lokasyonda yer alan \u00c7ubuklu\u2019da, s\u0131rt\u0131n\u0131 \u015fehrin oksijen deposu olan \u0130stanbul Kent Orman\u0131&#8217;na veren ve do\u011fal g\u00f6l\u00fcn hemen yan\u0131 ba\u015f\u0131nda bulunan MESA Orman\u2019da do\u011fayla i\u00e7 i\u00e7e keyifli g\u00fcnler, hafta sonu yap\u0131lan brunch keyfi ile ba\u015flad\u0131. Gayrimenkulde 50 y\u0131la dayanan \u00f6d\u00fcns\u00fcz kalite anlay\u0131\u015f\u0131n\u0131 nitelikli ya\u015fam alanlar\u0131yla bulu\u015fturan\u00a0MESA,\u00a0her ihtiyaca cevap veren y\u00fcksek nitelikli [&hellip;]<\/p>\n","protected":false},"author":1,"featured_media":24368,"comment_status":"open","ping_status":"open","sticky":false,"template":"","format":"standard","meta":{"ngg_post_thumbnail":0},"categories":[5388],"tags":[62,80,10891,12017],"_links":{"self":[{"href":"https:\/\/emlaktuel.com\/index.php?rest_route=\/wp\/v2\/posts\/24367"}],"collection":[{"href":"https:\/\/emlaktuel.com\/index.php?rest_route=\/wp\/v2\/posts"}],"about":[{"href":"https:\/\/emlaktuel.com\/index.php?rest_route=\/wp\/v2\/types\/post"}],"author":[{"embeddable":true,"href":"https:\/\/emlaktuel.com\/index.php?rest_route=\/wp\/v2\/users\/1"}],"replies":[{"embeddable":true,"href":"https:\/\/emlaktuel.com\/index.php?rest_route=%2Fwp%2Fv2%2Fcomments&post=24367"}],"version-history":[{"count":1,"href":"https:\/\/emlaktuel.com\/index.php?rest_route=\/wp\/v2\/posts\/24367\/revisions"}],"predecessor-version":[{"id":24369,"href":"https:\/\/emlaktuel.com\/index.php?rest_route=\/wp\/v2\/posts\/24367\/revisions\/24369"}],"wp:featuredmedia":[{"embeddable":true,"href":"https:\/\/emlaktuel.com\/index.php?rest_route=\/wp\/v2\/media\/24368"}],"wp:attachment":[{"href":"https:\/\/emlaktuel.com\/index.php?rest_route=%2Fwp%2Fv2%2Fmedia&parent=24367"}],"wp:term":[{"taxonomy":"category","embeddable":true,"href":"https:\/\/emlaktuel.com\/index.php?rest_route=%2Fwp%2Fv2%2Fcategories&post=24367"},{"taxonomy":"post_tag","embeddable":true,"href":"https:\/\/emlaktuel.com\/index.php?rest_route=%2Fwp%2Fv2%2Ftags&post=24367"}],"curies":[{"name":"wp","href":"https:\/\/api.w.org\/{rel}","templated":true}]}}