{"id":24357,"date":"2018-09-24T20:41:19","date_gmt":"2018-09-24T17:41:19","guid":{"rendered":"http:\/\/emlaktuel.com\/?p=24357"},"modified":"2018-09-24T20:41:19","modified_gmt":"2018-09-24T17:41:19","slug":"idealist-caddede-emlak-konut-guvencesi-ile-yatirim-firsati","status":"publish","type":"post","link":"https:\/\/emlaktuel.com\/?p=24357","title":{"rendered":"&#8216;\u0130dealist Cadde&#8217;de Emlak Konut g\u00fcvencesi ile yat\u0131r\u0131m f\u0131rsat\u0131"},"content":{"rendered":"<p><strong>\u0130stanbul \u015eile&#8217;de \u0130dealist GYO taraf\u0131ndan hayata sunulan \u0130dealist Cadde projesi k\u0131sa s\u00fcre \u00f6nce \u00f6n talep toplamaya d\u00f6nemi ba\u015flam\u0131\u015ft\u0131. \u0130dealist Cadde projesi devlet yat\u0131r\u0131mlar\u0131n\u0131n a\u011f\u0131rl\u0131kl\u0131 yap\u0131ld\u0131\u011f\u0131 \u015eile\u2019nin tek Emlak Konut GYO g\u00fcvencesi olan projesi. \u0130dealist GYO, lokasyon olarak avantajl\u0131 projesinde konut al\u0131c\u0131lar\u0131na Banka Kredisi kullanmadan, kefile gerek kalmadan 60 Ay s\u0131f\u0131r faizle \u00f6deme plan\u0131 ve \u00e7ok karl\u0131 bir yat\u0131r\u0131m f\u0131rsat\u0131 sunuyor.<\/strong><\/p>\n<p>Emlak Konut GYO&#8217;un g\u00fcvencesi alt\u0131nda \u0130dealist GYO&#8217;nun in\u015fas\u0131na ba\u015flad\u0131\u011f\u0131 \u0130dealist Cadde projesi ile \u015eile\u2019ye b\u00f6lgenin ihtiya\u00e7lar\u0131na cevap verecek yeni bir i\u015f ve ya\u015fam merkezi kat\u0131l\u0131yor. \u0130stanbul\u2019un tabiat olarak en g\u00f6zde, sakin il\u00e7elerinden biri olan \u015eile\u2019de y\u00fckselecek olan \u0130dealist Cadde; Deniz Feneri,\u00a0Sakl\u0131 G\u00f6l, \u015eile Kalesi,\u00a0Kumbaba Plaj\u0131 gibi do\u011fal ve tarihi de\u011ferlerin \u00e7evreledi\u011fi bir b\u00f6lgede bulunuyor.<\/p>\n<p>\u0130dealist GYO, ye\u015fil ve mavinin i\u00e7i\u00e7e oldu\u011fu Anadolu Yakas\u0131\u2019n\u0131n en g\u00f6zde noktalar\u0131ndan biri olan \u015eile\u2019ye \u0130dealist Cadde projesi ile tam 45 konut, 13 ticari birim kazand\u0131r\u0131lacak.<\/p>\n<p>\u0130dealist GYO,<strong> \u201c\u0130dealist Yat\u0131r\u0131m\u201d<\/strong> modeli ile \u0130stanbul\u2019da insanlara ayr\u0131cal\u0131kl\u0131 bir ya\u015fam\u0131n sunuldu\u011fu lokasyon olarak \u00f6ne \u00e7\u0131kan \u015eile\u2019de konut al\u0131c\u0131lar\u0131na, g\u00fczel bir yat\u0131r\u0131m ve kazanc\u0131 y\u00fcksek olacak bir proje sunuyor.<\/p>\n<h3><strong>Daireler ailelere hitap edecek geni\u015f ve ferahl\u0131kta<\/strong><\/h3>\n<p>\u0130dealist Cadde, estetik mimari yap\u0131s\u0131 ve az katl\u0131 yap\u0131s\u0131 ile bu b\u00f6lgeye uyumlu \u015fekilde tasarland\u0131. Projede 1+1\u2019den 5+1\u2019e kadar daire ve dubleks konut tipleri yer alacak. Projede ayr\u0131ca yer alacak daireleri b\u00fcy\u00fckl\u00fckleri 64 metrekare ile 323 metrekare aras\u0131nda olacak.<\/p>\n<p>\u015eile il\u00e7esi, yap\u0131lan yeni otoyollar\u0131 ile Sabiha G\u00f6k\u00e7en ve yeni havaliman\u0131na direkt ula\u015f\u0131m sa\u011flamas\u0131yla dikkatleri \u00fczerine \u00e7ekiyor. Ayr\u0131ca \u015eile&#8217;ye \u00fcniversite, hastane, marina gibi de\u011fi\u015fik yat\u0131r\u0131mlar\u0131 yap\u0131l\u0131yor olmas\u0131\u00a0b\u00f6lgeyi&#8217;yi daha cazip hale getiriyor.<\/p>\n<p>Ba b\u00f6lgede 3 \u00f6zel \u00fcniversitenin yak\u0131n\u0131nda bulunan \u0130dealist Cadde, \u0130stanbul \u2013 \u015eile Otoyolu ile \u015eile \u0130skelesi\u2019ne yakla\u015f\u0131k 1,5 km mesafede yer alacak.<\/p>\n","protected":false},"excerpt":{"rendered":"<p>\u0130stanbul \u015eile&#8217;de \u0130dealist GYO taraf\u0131ndan hayata sunulan \u0130dealist Cadde projesi k\u0131sa s\u00fcre \u00f6nce \u00f6n talep toplamaya d\u00f6nemi ba\u015flam\u0131\u015ft\u0131. \u0130dealist Cadde projesi devlet yat\u0131r\u0131mlar\u0131n\u0131n a\u011f\u0131rl\u0131kl\u0131 yap\u0131ld\u0131\u011f\u0131 \u015eile\u2019nin tek Emlak Konut GYO g\u00fcvencesi olan projesi. \u0130dealist GYO, lokasyon olarak avantajl\u0131 projesinde konut al\u0131c\u0131lar\u0131na Banka Kredisi kullanmadan, kefile gerek kalmadan 60 Ay s\u0131f\u0131r faizle \u00f6deme plan\u0131 ve \u00e7ok [&hellip;]<\/p>\n","protected":false},"author":1,"featured_media":24358,"comment_status":"open","ping_status":"open","sticky":false,"template":"","format":"standard","meta":{"ngg_post_thumbnail":0},"categories":[219,5388],"tags":[62,78,11855,11854,80,347],"_links":{"self":[{"href":"https:\/\/emlaktuel.com\/index.php?rest_route=\/wp\/v2\/posts\/24357"}],"collection":[{"href":"https:\/\/emlaktuel.com\/index.php?rest_route=\/wp\/v2\/posts"}],"about":[{"href":"https:\/\/emlaktuel.com\/index.php?rest_route=\/wp\/v2\/types\/post"}],"author":[{"embeddable":true,"href":"https:\/\/emlaktuel.com\/index.php?rest_route=\/wp\/v2\/users\/1"}],"replies":[{"embeddable":true,"href":"https:\/\/emlaktuel.com\/index.php?rest_route=%2Fwp%2Fv2%2Fcomments&post=24357"}],"version-history":[{"count":1,"href":"https:\/\/emlaktuel.com\/index.php?rest_route=\/wp\/v2\/posts\/24357\/revisions"}],"predecessor-version":[{"id":24359,"href":"https:\/\/emlaktuel.com\/index.php?rest_route=\/wp\/v2\/posts\/24357\/revisions\/24359"}],"wp:featuredmedia":[{"embeddable":true,"href":"https:\/\/emlaktuel.com\/index.php?rest_route=\/wp\/v2\/media\/24358"}],"wp:attachment":[{"href":"https:\/\/emlaktuel.com\/index.php?rest_route=%2Fwp%2Fv2%2Fmedia&parent=24357"}],"wp:term":[{"taxonomy":"category","embeddable":true,"href":"https:\/\/emlaktuel.com\/index.php?rest_route=%2Fwp%2Fv2%2Fcategories&post=24357"},{"taxonomy":"post_tag","embeddable":true,"href":"https:\/\/emlaktuel.com\/index.php?rest_route=%2Fwp%2Fv2%2Ftags&post=24357"}],"curies":[{"name":"wp","href":"https:\/\/api.w.org\/{rel}","templated":true}]}}