{"id":24330,"date":"2018-09-23T10:00:43","date_gmt":"2018-09-23T07:00:43","guid":{"rendered":"http:\/\/emlaktuel.com\/?p=24330"},"modified":"2018-09-23T10:01:46","modified_gmt":"2018-09-23T07:01:46","slug":"24330","status":"publish","type":"post","link":"https:\/\/emlaktuel.com\/?p=24330","title":{"rendered":"\u0130mar bar\u0131\u015f\u0131nda art\u0131k yap\u0131 kay\u0131t belgesine daha az para \u00f6denecek"},"content":{"rendered":"<p><b>ge\u00e7mi\u015fte mevzuatlara ayk\u0131r\u0131 in\u015fa edilen yap\u0131lar i\u00e7in imar Bar\u0131\u015f\u0131na m\u00fcracaat edip Yap\u0131 Kay\u0131t Belgesi almak isteyen vatanda\u015flar art\u0131k daha az para \u00f6deyecekler.<\/b><\/p>\n<p>\u0130mar Bar\u0131\u015f\u0131 ba\u015flad\u0131\u011f\u0131 d\u00f6nemden bu zamana yeni ba\u015fvuru yapacaklara sevindirici bir haber Manavgat Ticaret ve Sanayi Odas\u0131 (MATSO) Ba\u015fkan\u0131 Ahmet Bozta\u015f&#8217;tan geldi. Manavgat Ticaret ve Sanayi Odas\u0131, \u00fcyelerinden gelen \u015fmar bar\u0131\u015f\u0131 i\u00e7in yap\u0131 kay\u0131t belgesi bedelinin hesaplanma \u015fekli ile ilgili sorun ve \u00f6neri, talepleri 29 A\u011fustos 2018 Tarih ve 2018\/742 Say\u0131l\u0131 yaz\u0131 ile \u00c7evre ve \u015eehircilik Bakanl\u0131\u011f\u0131 ve 29.08.2018 Tarih ve 2018\/743 Say\u0131l\u0131 yaz\u0131 ile T\u00fcrkiye Odalar ve Borsalar Birli\u011fine (TOBB) iletmi\u015fti.<\/p>\n<p>G\u00fcne\u015f Gazetesi&#8217;nde \u00e7\u0131kan habere g\u00f6re, yap\u0131lan bu talepler olumlu olarak sonu\u00e7land\u0131. Yap\u0131 kay\u0131t belgesi ile ilgli ilgili de\u011fi\u015fiklik yap\u0131ld\u0131 ve de\u011fi\u015fiklik 20 Eyl\u00fcl 2018 Tarihli ve 30.541 Say\u0131l\u0131 Resmi Gazete&#8217;de yay\u0131mlanarak Yap\u0131 Kay\u0131t Belgesi Verilmesine \u0130li\u015fkin Usul ve Esaslarda De\u011fi\u015fiklik Yap\u0131lmas\u0131na Dair Usul ve Esaslar Y\u00f6netmeli\u011fi ile y\u00fcr\u00fcrl\u00fc\u011fe girmi\u015f oldu.<\/p>\n<p>Konu ile ilgili konu\u015fan MATSO Ba\u015fkan\u0131 Ahmet Bozta\u015f, talep leri \u00fczerine yap\u0131lan de\u011fi\u015fiklikle ilgili memnuniyetini dile getirerek, <strong>&#8220;\u0130mar Bar\u0131\u015f\u0131 hayata ge\u00e7ti\u011fi g\u00fcnden bu zamana konuya olumlu yakla\u015fm\u0131\u015ft\u0131k. Odam\u0131z bu alanda toplant\u0131lar da yapt\u0131. Geni\u015f kat\u0131l\u0131mlar oldu. \u00dcyelerimiz, vatanda\u015flar\u0131m\u0131z \u00e7ok ilgi g\u00f6sterdi. Bu toplant\u0131lar sonunda talepler ortaya \u00e7\u0131kt\u0131. S\u0131k\u0131nt\u0131lar\u0131 dile getirdiler. Biz bunlar\u0131 \u00c7evre ve \u015eehircilik Bakanl\u0131\u011f\u0131&#8217;na, TOBB&#8217;a ilettik ve sonunda olumlu sonu\u00e7 ald\u0131k. Daha \u00f6nceki y\u00f6netmelikte \u00f6rne\u011fin 51 bin metre kare alan var bunun 50 bin metre karesi yasalara uygun yap\u0131lm\u0131\u015f, bin metre karesi yasalara uygun de\u011fil. Yap\u0131 Kay\u0131t Belgesi i\u00e7in \u00f6denecek bedel 51 bin metre kare \u00fczerinden hesaplan\u0131yordu. Bizim talebimiz sonucu bu de\u011fi\u015fti, yasala\u015ft\u0131 yeni y\u00f6netmelikle.\u00a0Yeni hesaplamada sadece ka\u00e7ak olan bin metre kare i\u00e7in \u00f6deme yapacak. Yasal olan 50 bin metre kare i\u00e7in \u00f6deme yap\u0131lmayacak. \u00dcyemiz daha az \u00f6deyecek. \u00dcyelerimiz maddi bir y\u00fckten kurtuldu. \u00d6zellikle \u00f6nceki y\u00f6netmelikle turizm sekt\u00f6r\u00fcne b\u00fcy\u00fck bir maddi y\u00fck biniyordu. Yeni y\u00f6netmelik sekt\u00f6r\u00fc rahatlatacak. \u0130mar bar\u0131\u015f\u0131 ile herkes kazanacak. S\u00fcreci m\u00fcmk\u00fcn oldu\u011fu kadar h\u0131zl\u0131 ve yak\u0131ndan takip ettik. Taleplerimiz kar\u015f\u0131l\u0131k buldu. \u00c7evre ve \u015eehircilik Bakan\u0131m\u0131z Say\u0131n Murat Kurum&#8217;a, TOBB Ba\u015fkan\u0131m\u0131z Say\u0131n Rifat Hisarc\u0131kl\u0131o\u011flu&#8217;na, Antalya \u00c7evre ve \u015eehircilik \u0130l M\u00fcd\u00fcr\u00fcm\u00fcz Say\u0131n Tevfik Alt\u0131nay&#8217;a, \u00c7evre ve \u015eehircilik Bakanl\u0131\u011f\u0131 B\u00fcrokratlar\u0131m\u0131za \u00e7ok te\u015fekk\u00fcr ediyoruz bu \u00f6nemli sonu\u00e7 i\u00e7in&#8221;<\/strong> diye konu\u015ftu.<\/p>\n<div>\n<h3><\/h3>\n<\/div>\n","protected":false},"excerpt":{"rendered":"<p>ge\u00e7mi\u015fte mevzuatlara ayk\u0131r\u0131 in\u015fa edilen yap\u0131lar i\u00e7in imar Bar\u0131\u015f\u0131na m\u00fcracaat edip Yap\u0131 Kay\u0131t Belgesi almak isteyen vatanda\u015flar art\u0131k daha az para \u00f6deyecekler. \u0130mar Bar\u0131\u015f\u0131 ba\u015flad\u0131\u011f\u0131 d\u00f6nemden bu zamana yeni ba\u015fvuru yapacaklara sevindirici bir haber Manavgat Ticaret ve Sanayi Odas\u0131 (MATSO) Ba\u015fkan\u0131 Ahmet Bozta\u015f&#8217;tan geldi. Manavgat Ticaret ve Sanayi Odas\u0131, \u00fcyelerinden gelen \u015fmar bar\u0131\u015f\u0131 i\u00e7in yap\u0131 [&hellip;]<\/p>\n","protected":false},"author":1,"featured_media":18047,"comment_status":"open","ping_status":"open","sticky":false,"template":"","format":"standard","meta":{"ngg_post_thumbnail":0},"categories":[221],"tags":[10996,12001,12002,11781],"_links":{"self":[{"href":"https:\/\/emlaktuel.com\/index.php?rest_route=\/wp\/v2\/posts\/24330"}],"collection":[{"href":"https:\/\/emlaktuel.com\/index.php?rest_route=\/wp\/v2\/posts"}],"about":[{"href":"https:\/\/emlaktuel.com\/index.php?rest_route=\/wp\/v2\/types\/post"}],"author":[{"embeddable":true,"href":"https:\/\/emlaktuel.com\/index.php?rest_route=\/wp\/v2\/users\/1"}],"replies":[{"embeddable":true,"href":"https:\/\/emlaktuel.com\/index.php?rest_route=%2Fwp%2Fv2%2Fcomments&post=24330"}],"version-history":[{"count":2,"href":"https:\/\/emlaktuel.com\/index.php?rest_route=\/wp\/v2\/posts\/24330\/revisions"}],"predecessor-version":[{"id":24332,"href":"https:\/\/emlaktuel.com\/index.php?rest_route=\/wp\/v2\/posts\/24330\/revisions\/24332"}],"wp:featuredmedia":[{"embeddable":true,"href":"https:\/\/emlaktuel.com\/index.php?rest_route=\/wp\/v2\/media\/18047"}],"wp:attachment":[{"href":"https:\/\/emlaktuel.com\/index.php?rest_route=%2Fwp%2Fv2%2Fmedia&parent=24330"}],"wp:term":[{"taxonomy":"category","embeddable":true,"href":"https:\/\/emlaktuel.com\/index.php?rest_route=%2Fwp%2Fv2%2Fcategories&post=24330"},{"taxonomy":"post_tag","embeddable":true,"href":"https:\/\/emlaktuel.com\/index.php?rest_route=%2Fwp%2Fv2%2Ftags&post=24330"}],"curies":[{"name":"wp","href":"https:\/\/api.w.org\/{rel}","templated":true}]}}