{"id":24322,"date":"2018-09-21T14:23:44","date_gmt":"2018-09-21T11:23:44","guid":{"rendered":"http:\/\/emlaktuel.com\/?p=24322"},"modified":"2018-09-21T14:23:44","modified_gmt":"2018-09-21T11:23:44","slug":"emlagin-enlerinde-re-max-turkiyeye-odul-yagmuru","status":"publish","type":"post","link":"https:\/\/emlaktuel.com\/?p=24322","title":{"rendered":"\u2018Emla\u011f\u0131n En\u2019lerinde RE\/MAX T\u00fcrkiye\u2019ye \u00f6d\u00fcl ya\u011fmuru"},"content":{"rendered":"<p><strong>RE\/MAX T\u00fcrkiye, <\/strong><strong>H\u00fcrriyet Emlak taraf\u0131ndan d\u00fczenlenen <\/strong><strong>\u201cEmla\u011f\u0131n En\u2019leri \u00d6d\u00fclleri\u201dnde iki farkl\u0131 kategoride \u00fc\u00e7 \u00f6d\u00fcle lay\u0131k g\u00f6r\u00fcld\u00fc. \u201cEn \u0130yi Franchise\u201d se\u00e7ilen RE\/MAX T\u00fcrkiye\u2019nin iki ofisi de <\/strong><strong>\u201cEn \u0130yi Franchise Ofisi\u201d \u00f6d\u00fcl\u00fcn\u00fcn sahibi oldu.<\/strong><\/p>\n<p>T\u00fcrkiye genelindeki ofisleri ile profesyonel gayrimenkul pazarlama ve dan\u0131\u015fmanl\u0131k hizmetleri sunan RE\/MAX T\u00fcrkiye, H\u00fcrriyet Emlak taraf\u0131ndan d\u00fczenlenen \u201cEmla\u011f\u0131n En\u2019leri \u00d6d\u00fclleri\u201dnde iki farkl\u0131 kategoride \u00fc\u00e7 \u00f6d\u00fcle lay\u0131k g\u00f6r\u00fcld\u00fc.<\/p>\n<p>Bu y\u0131l \u00fc\u00e7\u00fcnc\u00fcs\u00fc d\u00fczenlenen \u201cEmla\u011f\u0131n En\u2019leri \u00d6d\u00fclleri\u201dnde emlak\u00e7\u0131 say\u0131s\u0131 en \u00e7ok olan ilk 3 franchise\u2019dan, ortalama Emlak Puan\u0131 en y\u00fcksek franchise olarak se\u00e7ilen RE\/MAX T\u00fcrkiye, \u201cEn \u0130yi Franchise\u201d \u00f6d\u00fcl\u00fcne lay\u0131k g\u00f6r\u00fcld\u00fc. \u201cEn \u0130yi Franchise Ofisi\u201d \u00f6d\u00fcllerine lay\u0131k g\u00f6r\u00fclen ofisler ise RE\/MAX Karun Gayrimenkul ve RE\/MAX Neo oldu.<\/p>\n<p>RE\/MAX T\u00fcrkiye B\u00f6lge Direkt\u00f6r\u00fc Murat Gold\u015ftayn, sekt\u00f6r\u00fcn en prestijli organizasyonlar\u0131 aras\u0131nda bulunan \u201cEmla\u011f\u0131n En\u2019leri \u00d6d\u00fclleri\u201dnde franchise alan\u0131nda en iyi se\u00e7ilmelerinin kendileri i\u00e7in b\u00fcy\u00fck anlam ifade etti\u011fini s\u00f6yleyerek \u015f\u00f6yle konu\u015ftu:<\/p>\n<p>\u201c1997 y\u0131l\u0131ndan bu yana kendi i\u015fini kurmak isteyenlere \u00f6nemli f\u0131rsatlar sunuyoruz. D\u00fcnyan\u0131n en \u00e7ok gayrimenkul sat\u0131\u015f\u0131 ger\u00e7ekle\u015ftiren kurumunun \u00e7at\u0131s\u0131 alt\u0131nda g\u00f6rev yap\u0131yor olmak giri\u015fimciler a\u00e7\u0131s\u0131ndan b\u00fcy\u00fck bir art\u0131. <strong>Giri\u015fimciler, markam\u0131z\u0131n sa\u011flad\u0131\u011f\u0131 know-how&#8217;dan ve d\u00fczenli e\u011fitim olanaklar\u0131ndan direkt fayda sa\u011flayarak, gelirlerini olabilecek en y\u00fcksek d\u00fczeye \u00e7\u0131karabiliyorlar.\u201d<\/strong><\/p>\n","protected":false},"excerpt":{"rendered":"<p>RE\/MAX T\u00fcrkiye, H\u00fcrriyet Emlak taraf\u0131ndan d\u00fczenlenen \u201cEmla\u011f\u0131n En\u2019leri \u00d6d\u00fclleri\u201dnde iki farkl\u0131 kategoride \u00fc\u00e7 \u00f6d\u00fcle lay\u0131k g\u00f6r\u00fcld\u00fc. \u201cEn \u0130yi Franchise\u201d se\u00e7ilen RE\/MAX T\u00fcrkiye\u2019nin iki ofisi de \u201cEn \u0130yi Franchise Ofisi\u201d \u00f6d\u00fcl\u00fcn\u00fcn sahibi oldu. T\u00fcrkiye genelindeki ofisleri ile profesyonel gayrimenkul pazarlama ve dan\u0131\u015fmanl\u0131k hizmetleri sunan RE\/MAX T\u00fcrkiye, H\u00fcrriyet Emlak taraf\u0131ndan d\u00fczenlenen \u201cEmla\u011f\u0131n En\u2019leri \u00d6d\u00fclleri\u201dnde iki farkl\u0131 kategoride [&hellip;]<\/p>\n","protected":false},"author":1,"featured_media":24119,"comment_status":"open","ping_status":"open","sticky":false,"template":"","format":"standard","meta":{"ngg_post_thumbnail":0},"categories":[26],"tags":[62,80,11996],"_links":{"self":[{"href":"https:\/\/emlaktuel.com\/index.php?rest_route=\/wp\/v2\/posts\/24322"}],"collection":[{"href":"https:\/\/emlaktuel.com\/index.php?rest_route=\/wp\/v2\/posts"}],"about":[{"href":"https:\/\/emlaktuel.com\/index.php?rest_route=\/wp\/v2\/types\/post"}],"author":[{"embeddable":true,"href":"https:\/\/emlaktuel.com\/index.php?rest_route=\/wp\/v2\/users\/1"}],"replies":[{"embeddable":true,"href":"https:\/\/emlaktuel.com\/index.php?rest_route=%2Fwp%2Fv2%2Fcomments&post=24322"}],"version-history":[{"count":1,"href":"https:\/\/emlaktuel.com\/index.php?rest_route=\/wp\/v2\/posts\/24322\/revisions"}],"predecessor-version":[{"id":24323,"href":"https:\/\/emlaktuel.com\/index.php?rest_route=\/wp\/v2\/posts\/24322\/revisions\/24323"}],"wp:featuredmedia":[{"embeddable":true,"href":"https:\/\/emlaktuel.com\/index.php?rest_route=\/wp\/v2\/media\/24119"}],"wp:attachment":[{"href":"https:\/\/emlaktuel.com\/index.php?rest_route=%2Fwp%2Fv2%2Fmedia&parent=24322"}],"wp:term":[{"taxonomy":"category","embeddable":true,"href":"https:\/\/emlaktuel.com\/index.php?rest_route=%2Fwp%2Fv2%2Fcategories&post=24322"},{"taxonomy":"post_tag","embeddable":true,"href":"https:\/\/emlaktuel.com\/index.php?rest_route=%2Fwp%2Fv2%2Ftags&post=24322"}],"curies":[{"name":"wp","href":"https:\/\/api.w.org\/{rel}","templated":true}]}}