{"id":24258,"date":"2018-09-19T16:18:51","date_gmt":"2018-09-19T13:18:51","guid":{"rendered":"http:\/\/emlaktuel.com\/?p=24258"},"modified":"2018-09-19T16:18:51","modified_gmt":"2018-09-19T13:18:51","slug":"konutta-sonbahar","status":"publish","type":"post","link":"https:\/\/emlaktuel.com\/?p=24258","title":{"rendered":"Konutta son&#8217;BAHAR&#8217;"},"content":{"rendered":"<p><strong><u>Tona Yap\u0131 ve Safe \u0130n\u015faat \u0130cra Kurulu Ba\u015fkan\u0131 \u0130han Erdal, hayata ge\u00e7irilen kampanyalar konutta sonbahar f\u0131rsat\u0131n\u0131n ka\u00e7\u0131r\u0131lmamas\u0131 gerekti\u011finin alt\u0131n\u0131 \u00e7izdi.<\/u><\/strong><\/p>\n<p>\u201cT\u00fcrkiye \u0130\u00e7in Kazan\u00e7 Vakti\u201d kampanyas\u0131 ile hayata ge\u00e7en % 10 indirim, %10 pe\u015finat, 10 y\u0131l vade, 0.98 vade fark\u0131 uygulamas\u0131n\u0131n konut piyasas\u0131na hareket getirdi\u011fini vurgulayan \u0130lhan Erdal \u201cKonut sekt\u00f6r\u00fcnde yeni kampanya ile birlikte sat\u0131\u015flar\u0131n artt\u0131\u011f\u0131n\u0131 g\u00f6r\u00fcyoruz. Bu grafi\u011fi izledi\u011fimizde sezonun gayet ba\u015far\u0131l\u0131 ge\u00e7ece\u011fini \u00fcmit ediyoruz. \u0130nsanlar al\u0131m kararlar\u0131n\u0131 olduk\u00e7a ertelediler ve \u015fu anda da konut al\u0131m\u0131 i\u00e7in ger\u00e7ekten \u00e7ok avantajl\u0131 ve f\u0131rsatl\u0131 bir d\u00f6nem. \u0130n\u015faat maliyetleri gerek kur fark\u0131ndan kaynakl\u0131 gerek ham madde ve girdilerin art\u0131\u015flar\u0131ndan kaynakl\u0131 yakla\u015f\u0131k olarak y\u00fczde 40 boyutunda artm\u0131\u015f vaziyette. Ancak sekt\u00f6r hali haz\u0131rda bunu fiyatland\u0131rmad\u0131. Sat\u0131\u015f fiyatlar\u0131na da bunu d\u00fc\u015f\u00fck oranda yans\u0131tt\u0131. Hatta hi\u00e7 yans\u0131tmad\u0131 diyebiliriz. O anlamda uygun fiyat noktas\u0131ndan bak\u0131ld\u0131\u011f\u0131nda f\u0131rsat d\u00f6nemi dememiz m\u00fcmk\u00fcn\u201d diye konu\u015ftu.<\/p>\n<p>\u00c7evre ve \u015eehircilik Bakanl\u0131\u011f\u0131\u2019n\u0131n yapm\u0131\u015f oldu\u011fu kampanyan\u0131n al\u0131c\u0131 i\u00e7in olduk\u00e7a avantajl\u0131 oldu\u011funa da vurgu yapan \u0130lhan Erdal s\u00f6zlerine \u015funlar\u0131 ekledi: \u201cBanka kredisi faiz oranlar\u0131n\u0131n 1,69\u2019dan ba\u015flay\u0131p ,2.20 ye kadar gitti\u011fi d\u00f6nemde 0.98 vade fark\u0131yla kefilsiz ve bankas\u0131z firma b\u00fcnyesinde \u00f6deme plan\u0131 olu\u015fturulmas\u0131 al\u0131c\u0131 i\u00e7in \u00e7ok \u00f6nemli ve ka\u00e7maz bir f\u0131rsat.\u201d<\/p>\n<p><strong>Bizim Bah\u00e7enin \u00c7ocuklar\u0131<\/strong><\/p>\n<p>47.276 m2\u2019lik arazi \u00fczerinde hayata ge\u00e7en Duru Beytepe, e\u015fsiz lokasyonu ve sosyal alanlar\u0131 ile fark yarat\u0131yor. 484 daireden olu\u015fan proje, b\u00fcnyesinde bar\u0131nd\u0131rd\u0131\u011f\u0131 \u00e7ocuk oyun alanlar\u0131, sosyal ya\u015fam alanlar\u0131 ve sa\u011fl\u0131kl\u0131 ya\u015fam alanlar\u0131 ile keyifli bir ortam sunuyor. 2+1\u2019den 5+1\u2019e kadar olan konut se\u00e7enekleri ile modern ya\u015fam\u0131n yans\u0131malar\u0131n\u0131n detayland\u0131r\u0131ld\u0131\u011f\u0131 proje, ayn\u0131 zamanda do\u011fan\u0131n huzur veren yap\u0131s\u0131 ile birlikte vatanda\u015flar\u0131n ilgisine sunuluyor. A\u00e7\u0131k ve kapal\u0131 spor alanlar\u0131 se\u00e7enekleri ile konut sahiplerinin kar\u015f\u0131s\u0131na \u00e7\u0131kan Duru Beytepe, basketboldan futbola, tenisten bisiklet parkuruna kadar bir\u00e7ok olana\u011f\u0131 da konut sahipleri ile bulu\u015fturuyor.\u00a7<\/p>\n","protected":false},"excerpt":{"rendered":"<p>Tona Yap\u0131 ve Safe \u0130n\u015faat \u0130cra Kurulu Ba\u015fkan\u0131 \u0130han Erdal, hayata ge\u00e7irilen kampanyalar konutta sonbahar f\u0131rsat\u0131n\u0131n ka\u00e7\u0131r\u0131lmamas\u0131 gerekti\u011finin alt\u0131n\u0131 \u00e7izdi. \u201cT\u00fcrkiye \u0130\u00e7in Kazan\u00e7 Vakti\u201d kampanyas\u0131 ile hayata ge\u00e7en % 10 indirim, %10 pe\u015finat, 10 y\u0131l vade, 0.98 vade fark\u0131 uygulamas\u0131n\u0131n konut piyasas\u0131na hareket getirdi\u011fini vurgulayan \u0130lhan Erdal \u201cKonut sekt\u00f6r\u00fcnde yeni kampanya ile birlikte sat\u0131\u015flar\u0131n artt\u0131\u011f\u0131n\u0131 [&hellip;]<\/p>\n","protected":false},"author":1,"featured_media":24103,"comment_status":"open","ping_status":"open","sticky":false,"template":"","format":"standard","meta":{"ngg_post_thumbnail":0},"categories":[5388],"tags":[10467,10468],"_links":{"self":[{"href":"https:\/\/emlaktuel.com\/index.php?rest_route=\/wp\/v2\/posts\/24258"}],"collection":[{"href":"https:\/\/emlaktuel.com\/index.php?rest_route=\/wp\/v2\/posts"}],"about":[{"href":"https:\/\/emlaktuel.com\/index.php?rest_route=\/wp\/v2\/types\/post"}],"author":[{"embeddable":true,"href":"https:\/\/emlaktuel.com\/index.php?rest_route=\/wp\/v2\/users\/1"}],"replies":[{"embeddable":true,"href":"https:\/\/emlaktuel.com\/index.php?rest_route=%2Fwp%2Fv2%2Fcomments&post=24258"}],"version-history":[{"count":1,"href":"https:\/\/emlaktuel.com\/index.php?rest_route=\/wp\/v2\/posts\/24258\/revisions"}],"predecessor-version":[{"id":24259,"href":"https:\/\/emlaktuel.com\/index.php?rest_route=\/wp\/v2\/posts\/24258\/revisions\/24259"}],"wp:featuredmedia":[{"embeddable":true,"href":"https:\/\/emlaktuel.com\/index.php?rest_route=\/wp\/v2\/media\/24103"}],"wp:attachment":[{"href":"https:\/\/emlaktuel.com\/index.php?rest_route=%2Fwp%2Fv2%2Fmedia&parent=24258"}],"wp:term":[{"taxonomy":"category","embeddable":true,"href":"https:\/\/emlaktuel.com\/index.php?rest_route=%2Fwp%2Fv2%2Fcategories&post=24258"},{"taxonomy":"post_tag","embeddable":true,"href":"https:\/\/emlaktuel.com\/index.php?rest_route=%2Fwp%2Fv2%2Ftags&post=24258"}],"curies":[{"name":"wp","href":"https:\/\/api.w.org\/{rel}","templated":true}]}}