{"id":24228,"date":"2018-09-18T12:25:35","date_gmt":"2018-09-18T09:25:35","guid":{"rendered":"http:\/\/emlaktuel.com\/?p=24228"},"modified":"2018-09-18T12:25:35","modified_gmt":"2018-09-18T09:25:35","slug":"eston-sehir-koruda-zam-yok-faiz-0-98-vade-120-ay-firsati","status":"publish","type":"post","link":"https:\/\/emlaktuel.com\/?p=24228","title":{"rendered":"Eston \u015eehir Koru&#8217;da zam yok faiz, 0.98, vade 120 ay f\u0131rsat\u0131"},"content":{"rendered":"<p><strong>Eston \u015eehir Koru&#8217;da ilk faz tamam, ikinci faz sat\u0131\u015flar\u0131 b\u00fcy\u00fck kampanyalarla ba\u015flad\u0131.<\/strong><\/p>\n<h3>Eston \u015eehir Koru sat\u0131\u015fta h\u0131z kesmeden devam ediyor<\/h3>\n<p><strong>\u0130n\u015faat sekt\u00f6r\u00fcn\u00fcn k\u00f6kl\u00fc gruplar\u0131ndan Polatyol, Eston \u015eehir Koru projesinde, d\u00f6vizdeki dalgalanma ve ekonomideki zorlu d\u00f6neme kar\u015f\u0131n birinci fazdaki sat\u0131\u015flar\u0131 tamamlanma a\u015famas\u0131na getirdi. Bah\u00e7e\u015fehir\u2019in en g\u00fczel projesi Eston \u015eehir Koru\u2019da ikinci faz, y\u00fczde 10 pe\u015fin, 120 ay % 0.98 faiz f\u0131rsat\u0131n\u0131n sunuldu\u011fu g\u00fc\u00e7l\u00fc bir kampanyayla sat\u0131\u015fa \u00e7\u0131kt\u0131. Projede 50 aya kadar s\u0131f\u0131r faiz alternatifi de sunuluyor.<\/strong><\/p>\n<p>Bah\u00e7e\u015fehir\u2019in g\u00f6zdesi Eston \u015eehir Koru projesinde ikinci faz sat\u0131\u015flar ba\u015flad\u0131. Sat\u0131\u015fa \u00e7\u0131kar\u0131lan Koru Daireler i\u00e7in haz\u0131rlanan kampanyayla \u00e7ok cazip \u00f6deme ko\u015fullar\u0131 sunuluyor. \u2018Koru Daireler\u2019i y\u00fczde 10 pe\u015fin, 120 ay y\u00fczde 0.98 faizle sat\u0131n almak m\u00fcmk\u00fcn&#8230; \u0130lk eteb\u0131 2019\u2019un ikinci yar\u0131s\u0131nda tamamlanmas\u0131 planlanan projede 2+1\u2019den 5,5+1\u2019e kadar uzanan konut tiplerinin metrekaresi 5 bin 850 TL\u2019den ba\u015flayan fiyatlarla sat\u0131\u015fa sunuldu. Eston \u015eehir Koru projesinde y\u00fczde 5 indirim, y\u00fczde 5 pe\u015fin, 50 ay \u201c0\u201d faizle \u00f6deme alternatifi de sa\u011flan\u0131yor.<\/p>\n<h3><strong>Polat: \u201cGe\u00e7en y\u0131la g\u00f6re y\u00fczde 55 daha fazla satt\u0131k\u201d<\/strong><\/h3>\n<p>Polatyol Y\u00f6netim Kurulu \u00dcyesi Celaleddin Polat, T\u00fcrkiye ekonomisinin lokomotif sekt\u00f6r\u00fcne \u00f6nc\u00fcl\u00fck eden bir firma olarak, bu zorlu d\u00f6nemde \u00fczerlerine d\u00fc\u015fen t\u00fcm sorumlulu\u011fu \u00fcstlenmeye her zaman haz\u0131r olduklar\u0131n\u0131 vurgulad\u0131. Polat, \u201cEkonomimizin istikrar\u0131, milletimizin refah\u0131 i\u00e7in gereken her ad\u0131m\u0131 bug\u00fcne kadar hi\u00e7 teredd\u00fct etmeden att\u0131k, bundan sonra da atmaya devam edece\u011fiz\u201d dedi. Celaleddin Polat \u015f\u00f6yle devam etti: \u201cMaliyetlerdeki ciddi art\u0131\u015fa ra\u011fmen elimizi ta\u015f\u0131n alt\u0131na koyduk. Halk\u0131m\u0131z\u0131n yan\u0131nda olabilmek ad\u0131na uygun fiyatlarla ev satt\u0131k, sat\u0131yoruz. Bankalar\u0131n \u015fu d\u00f6nemde zorland\u0131\u011f\u0131 noktada Polatyol olarak devreye girdik. Artan faiz oranlar\u0131ndan dolay\u0131 kendimiz kredilendirmeyi daha uygun g\u00f6rd\u00fck. Kurumsal finansmanla 50 ay \u201c0\u201d faizle vade imkan\u0131 sa\u011flad\u0131k. Bu sayede daralan piyasay\u0131 rahatlatm\u0131\u015f olduk. Bu sayede se\u00e7imlerden sonra Temmuz ve A\u011fustos aylar\u0131nda, ge\u00e7en y\u0131la g\u00f6re y\u00fczde 55 daha fazla sat\u0131\u015f yapmay\u0131 ba\u015fard\u0131k. 3. Havaliman\u0131 projesinin hayata ge\u00e7mesi, bu b\u00f6lgelerde \u00e7al\u0131\u015fan, ya\u015fayan ve ya\u015fayacak olan insanlar\u0131n sat\u0131n almas\u0131n\u0131 tetikledi. Bunun yan\u0131nda bu sene gurbet\u00e7iye de sat\u0131\u015flar\u0131m\u0131z oldu. \u0130kinci fazda da bu performans\u0131 daha yukar\u0131 ta\u015f\u0131yaca\u011f\u0131m\u0131zdan hi\u00e7 \u015f\u00fcphe duymuyorum. \u201d<\/p>\n<h3><strong>Do\u011fayla i\u00e7 i\u00e7e bir ya\u015fam<\/strong><\/h3>\n<p>Bah\u00e7e\u015fehir\u2019in ger\u00e7ek dokusuna uygun yatay ve az katl\u0131 mimariye sahip Eston \u015eehir Koru; nefes ald\u0131ran meydanlar\u0131, korular\u0131, a\u00e7\u0131k hava sinemas\u0131, amfi tiyatrosu, meyve bah\u00e7eleri, g\u00f6leti ve evcil hayvan park\u0131 gibi e\u015fsiz imk\u00e2nlar\u0131yla \u00f6zel bir proje&#8230; Eston \u015eehir Koru projesinde; a\u011f\u0131rl\u0131kl\u0131 olarak Villa, Katl\u0131 Villa, 5 katl\u0131 Koru Konaklar\u0131 ve 7-8 katl\u0131 Koru Evleri\u2019yle toplam 1090 konut ve ticari birimler in\u015fa ediliyor. Avrupa \u015eehircilik \u00d6d\u00fcl\u00fc\u2019ne sahip Bah\u00e7e\u015fehir\u2019de konumlanan, y\u00fcksek prim potansiyelinin yan\u0131 s\u0131ra ticari imkanlar\u0131yla da dikkat \u00e7eken Eston \u015eehir Koru\u2019da yap\u0131lacak yat\u0131r\u0131mlar katlanarak de\u011fer kazan\u0131yor.<\/p>\n<p><strong>4 B\u0130N K\u0130\u015e\u0130L\u0130K KASABA<\/strong><\/p>\n<p><strong>1090<\/strong><\/p>\n<p>Konut<\/p>\n<p><strong>90 D\u00d6N\u00dcM<\/strong><\/p>\n<p>Ye\u015fil alan<\/p>\n<p><strong>215 D\u00d6N\u00dcM<\/strong><\/p>\n<p>Toplam ya\u015fam alan\u0131<\/p>\n<p><strong>25 D\u00d6N\u00dcM<\/strong><\/p>\n<p>Aktivite &amp; Oyun Alan\u0131<\/p>\n<p><strong>3 B\u0130N METREKARE<\/strong><\/p>\n<p>Spor, Sa\u011fl\u0131k ve G\u00fczellik Merkez<\/p>\n","protected":false},"excerpt":{"rendered":"<p>Eston \u015eehir Koru&#8217;da ilk faz tamam, ikinci faz sat\u0131\u015flar\u0131 b\u00fcy\u00fck kampanyalarla ba\u015flad\u0131. Eston \u015eehir Koru sat\u0131\u015fta h\u0131z kesmeden devam ediyor \u0130n\u015faat sekt\u00f6r\u00fcn\u00fcn k\u00f6kl\u00fc gruplar\u0131ndan Polatyol, Eston \u015eehir Koru projesinde, d\u00f6vizdeki dalgalanma ve ekonomideki zorlu d\u00f6neme kar\u015f\u0131n birinci fazdaki sat\u0131\u015flar\u0131 tamamlanma a\u015famas\u0131na getirdi. Bah\u00e7e\u015fehir\u2019in en g\u00fczel projesi Eston \u015eehir Koru\u2019da ikinci faz, y\u00fczde 10 pe\u015fin, 120 [&hellip;]<\/p>\n","protected":false},"author":1,"featured_media":23907,"comment_status":"open","ping_status":"open","sticky":false,"template":"","format":"standard","meta":{"ngg_post_thumbnail":0},"categories":[1],"tags":[168,10336,10337],"_links":{"self":[{"href":"https:\/\/emlaktuel.com\/index.php?rest_route=\/wp\/v2\/posts\/24228"}],"collection":[{"href":"https:\/\/emlaktuel.com\/index.php?rest_route=\/wp\/v2\/posts"}],"about":[{"href":"https:\/\/emlaktuel.com\/index.php?rest_route=\/wp\/v2\/types\/post"}],"author":[{"embeddable":true,"href":"https:\/\/emlaktuel.com\/index.php?rest_route=\/wp\/v2\/users\/1"}],"replies":[{"embeddable":true,"href":"https:\/\/emlaktuel.com\/index.php?rest_route=%2Fwp%2Fv2%2Fcomments&post=24228"}],"version-history":[{"count":1,"href":"https:\/\/emlaktuel.com\/index.php?rest_route=\/wp\/v2\/posts\/24228\/revisions"}],"predecessor-version":[{"id":24229,"href":"https:\/\/emlaktuel.com\/index.php?rest_route=\/wp\/v2\/posts\/24228\/revisions\/24229"}],"wp:featuredmedia":[{"embeddable":true,"href":"https:\/\/emlaktuel.com\/index.php?rest_route=\/wp\/v2\/media\/23907"}],"wp:attachment":[{"href":"https:\/\/emlaktuel.com\/index.php?rest_route=%2Fwp%2Fv2%2Fmedia&parent=24228"}],"wp:term":[{"taxonomy":"category","embeddable":true,"href":"https:\/\/emlaktuel.com\/index.php?rest_route=%2Fwp%2Fv2%2Fcategories&post=24228"},{"taxonomy":"post_tag","embeddable":true,"href":"https:\/\/emlaktuel.com\/index.php?rest_route=%2Fwp%2Fv2%2Ftags&post=24228"}],"curies":[{"name":"wp","href":"https:\/\/api.w.org\/{rel}","templated":true}]}}