{"id":24166,"date":"2018-09-14T19:55:21","date_gmt":"2018-09-14T16:55:21","guid":{"rendered":"http:\/\/emlaktuel.com\/?p=24166"},"modified":"2018-09-14T19:55:21","modified_gmt":"2018-09-14T16:55:21","slug":"gokormanda-salon-salomanje-keyfi","status":"publish","type":"post","link":"https:\/\/emlaktuel.com\/?p=24166","title":{"rendered":"G\u00f6korman\u2019da salon salomanje keyfi"},"content":{"rendered":"<p><strong>Sinpa\u015f G\u00f6korman, \u00e7ok \u00f6zel manzara ve mimariye sahip, 60 m2 salon salomanje daire se\u00e7enekleriyle villa konforunu b\u00fcy\u00fck k\u00fc\u00e7\u00fck her mekana ta\u015f\u0131yor. G\u00f6korman, \u00c7aml\u0131ca ve \u00c7ekmek\u00f6y\u2019e yak\u0131nl\u0131\u011f\u0131 ve uygun \u00f6deme ko\u015fullar\u0131yla b\u00f6lgenin en cazip projelerinden biri olarak \u00f6ne \u00e7\u0131k\u0131yor.<\/strong><\/p>\n<p>Gayrimenkul sekt\u00f6r\u00fcndeki 44 y\u0131ll\u0131k deneyimiyle konsept projelerin lideri Sinpa\u015f, G\u00f6korman projesiyle \u0130stanbul\u2019u s\u0131ra d\u0131\u015f\u0131 bir ya\u015famla tan\u0131\u015ft\u0131r\u0131yor. \u00c7ekmek\u00f6y Orman\u0131 manzaral\u0131 proje T\u00fcrkiye\u2019de ilk kez cepheye yans\u0131yan \u00f6zel mimarisiyle orman\u0131n ye\u015filini, g\u00f6ky\u00fcz\u00fcn\u00fcn mavisini ya\u015fam alan\u0131na ta\u015f\u0131yor ve salon salomanje i\u00e7 tasar\u0131m\u0131yla t\u00fcm dairelere adeta villa ferahl\u0131\u011f\u0131 kazand\u0131r\u0131yor.<\/p>\n<p><strong>\u015eeffaf odalarla farkl\u0131la\u015f\u0131yor<\/strong><\/p>\n<p>Sinpa\u015f\u2019\u0131n Anadolu Yakas\u0131\u2019ndaki 18. projesi \u201cG\u00f6korman\u201d, \u015eile yolu \u00fczerinde, \u00c7ekmek\u00f6y Orman\u0131\u2019n\u0131n kar\u015f\u0131s\u0131nda \u00dcmraniye b\u00f6lgesinde y\u00fckseliyor. \u00c7ok \u00f6zel mimarisiyle Anadolu Yakas\u0131\u2019n\u0131n en dikkat \u00e7eken projesi olmaya aday G\u00f6korman\u2019da 1+1\u2019den 4+1\u2019e zengin daire se\u00e7enekleri sunulmakta. G\u00f6korman\u2019\u0131n farkl\u0131 tasar\u0131m \u00f6zelliklerinden biri olan \u2018\u015feffaf odalar\u2019 ve duvarlar yerine \u015f\u0131k cam panellerle b\u00f6l\u00fcnen odalar\u0131 sayesinde d\u00f6rt mevsim muhte\u015fem \u00c7ekmek\u00f6y Orman\u0131 manzaras\u0131 evinize getiriyor.<\/p>\n<p><strong>Mesafeleri k\u0131saltan konumuyla de\u011ferli bir yat\u0131r\u0131m arac\u0131<\/strong><\/p>\n<p>\u015eile otoyolu \u00fczerinde \u00c7ekmek\u00f6y-\u00dcmraniye aks\u0131nda y\u00fckselecek proje; \u00c7aml\u0131ca\u2019ya 10 dakika, Ikea ve Metro\u2019ya 4 dakika mesafede olmas\u0131n\u0131n yan\u0131nda, Anadolu\u2019yu Avrupa\u2019ya ba\u011flayan t\u00fcm k\u00f6pr\u00fclere, Tem ve ba\u011flant\u0131 yollar\u0131na dakikalar i\u00e7inde ula\u015f\u0131labilen lokasyonu ile iyi bir yat\u0131r\u0131m f\u0131rsat\u0131 sunuyor. G\u00f6korman, bir\u00e7ok Sinpa\u015f projesinde oldu\u011fu gibi k\u00f6kl\u00fc e\u011fitim kurumlar\u0131na, geli\u015fmi\u015f donan\u0131ml\u0131 sa\u011fl\u0131k kurulu\u015flar\u0131na, al\u0131\u015fveri\u015f ve i\u015f merkezlerine de olduk\u00e7a yak\u0131n.<\/p>\n<p><strong>G\u00f6korman sakinlerini mutlu eden \u00f6zellikler<\/strong><\/p>\n<p>G\u00f6korman projesi 426 konuttan olu\u015fan, do\u011fal rekreasyon alanlar\u0131 ve hemen yan\u0131 ba\u015f\u0131ndaki g\u00fcnl\u00fck ihtiya\u00e7lar\u0131 kar\u015f\u0131lamay\u0131 ama\u00e7layan \u00e7ar\u015f\u0131s\u0131 ile butik bir proje \u00f6zelli\u011fine sahip. Y\u00fczme havuzu ve g\u00fcne\u015flenme teraslar\u0131, kafe, fitness, sauna, lounge ve geni\u015f sosyal donat\u0131lar\u0131yla t\u00fcm sakinlerine ho\u015f\u00e7a vakit ge\u00e7irmeyi ama\u00e7l\u0131yor. \u00c7ocuklar i\u00e7in de a\u00e7\u0131k havada; G\u00f6korman\u2019\u0131n hemen yan\u0131 ba\u015f\u0131ndaki 10.000 m2\u2019lik parkta ye\u015fili ve maviyi tan\u0131ma, do\u011fayla i\u00e7 i\u00e7e b\u00fcy\u00fcme olana\u011f\u0131 mevcut.<\/p>\n<p><strong>60 ay vadeyle uygun \u00f6deme ko\u015fullar\u0131<\/strong><\/p>\n<p>G\u00f6korman\u2019da 1+0\u2019dan 4+1\u2019e kadar farkl\u0131 daire se\u00e7eneklerini Sinpa\u015f\u2019\u0131n, 60 ay vadeli uygun \u00f6deme se\u00e7enekleriyle ev sahibi olabilirsiniz.<\/p>\n<p><strong><u>Sinpa\u015f G\u00f6korman Proje K\u00fcnyesi:<\/u><\/strong><\/p>\n<p><strong>Toplam Arsa Alan\u0131:\u00a0<\/strong>11.263 m2<\/p>\n<p><strong>Konum:\u00a0<\/strong>\u00dcmraniye \/ \u0130stanbul<\/p>\n<p><strong>Teslim Tarihi:\u00a0<\/strong>2020<\/p>\n<p><strong>Konut Say\u0131s\u0131:\u00a0<\/strong>426<\/p>\n<p><strong>Metrekare Aral\u0131\u011f\u0131:\u00a0<\/strong>48-205<\/p>\n<p><strong>Konut Tipleri:\u00a0<\/strong>1+0, 1+1, 2+1, 3+1, 4+1<\/p>\n<p><strong>Web sitesi:\u00a0<\/strong><a href=\"https:\/\/www.sinpasgokorman.com\/\" target=\"_blank\" rel=\"noopener\" data-saferedirecturl=\"https:\/\/www.google.com\/url?q=https:\/\/www.sinpasgokorman.com\/&amp;source=gmail&amp;ust=1537028133150000&amp;usg=AFQjCNFN-_2OfFyFaImhHDUaijT3cgtPKg\">https:\/\/www.sinpasgokorman.com<\/a><\/p>\n<p>&nbsp;<\/p>\n","protected":false},"excerpt":{"rendered":"<p>Sinpa\u015f G\u00f6korman, \u00e7ok \u00f6zel manzara ve mimariye sahip, 60 m2 salon salomanje daire se\u00e7enekleriyle villa konforunu b\u00fcy\u00fck k\u00fc\u00e7\u00fck her mekana ta\u015f\u0131yor. G\u00f6korman, \u00c7aml\u0131ca ve \u00c7ekmek\u00f6y\u2019e yak\u0131nl\u0131\u011f\u0131 ve uygun \u00f6deme ko\u015fullar\u0131yla b\u00f6lgenin en cazip projelerinden biri olarak \u00f6ne \u00e7\u0131k\u0131yor. Gayrimenkul sekt\u00f6r\u00fcndeki 44 y\u0131ll\u0131k deneyimiyle konsept projelerin lideri Sinpa\u015f, G\u00f6korman projesiyle \u0130stanbul\u2019u s\u0131ra d\u0131\u015f\u0131 bir ya\u015famla tan\u0131\u015ft\u0131r\u0131yor. [&hellip;]<\/p>\n","protected":false},"author":1,"featured_media":16586,"comment_status":"open","ping_status":"open","sticky":false,"template":"","format":"standard","meta":{"ngg_post_thumbnail":0},"categories":[1],"tags":[733,7962,9541],"_links":{"self":[{"href":"https:\/\/emlaktuel.com\/index.php?rest_route=\/wp\/v2\/posts\/24166"}],"collection":[{"href":"https:\/\/emlaktuel.com\/index.php?rest_route=\/wp\/v2\/posts"}],"about":[{"href":"https:\/\/emlaktuel.com\/index.php?rest_route=\/wp\/v2\/types\/post"}],"author":[{"embeddable":true,"href":"https:\/\/emlaktuel.com\/index.php?rest_route=\/wp\/v2\/users\/1"}],"replies":[{"embeddable":true,"href":"https:\/\/emlaktuel.com\/index.php?rest_route=%2Fwp%2Fv2%2Fcomments&post=24166"}],"version-history":[{"count":1,"href":"https:\/\/emlaktuel.com\/index.php?rest_route=\/wp\/v2\/posts\/24166\/revisions"}],"predecessor-version":[{"id":24167,"href":"https:\/\/emlaktuel.com\/index.php?rest_route=\/wp\/v2\/posts\/24166\/revisions\/24167"}],"wp:featuredmedia":[{"embeddable":true,"href":"https:\/\/emlaktuel.com\/index.php?rest_route=\/wp\/v2\/media\/16586"}],"wp:attachment":[{"href":"https:\/\/emlaktuel.com\/index.php?rest_route=%2Fwp%2Fv2%2Fmedia&parent=24166"}],"wp:term":[{"taxonomy":"category","embeddable":true,"href":"https:\/\/emlaktuel.com\/index.php?rest_route=%2Fwp%2Fv2%2Fcategories&post=24166"},{"taxonomy":"post_tag","embeddable":true,"href":"https:\/\/emlaktuel.com\/index.php?rest_route=%2Fwp%2Fv2%2Ftags&post=24166"}],"curies":[{"name":"wp","href":"https:\/\/api.w.org\/{rel}","templated":true}]}}