{"id":24079,"date":"2018-09-03T11:49:37","date_gmt":"2018-09-03T08:49:37","guid":{"rendered":"http:\/\/emlaktuel.com\/?p=24079"},"modified":"2018-09-03T11:49:37","modified_gmt":"2018-09-03T08:49:37","slug":"luksun-zirvesindeki-iki-marka-taksim-360ta-yerini-aliyor","status":"publish","type":"post","link":"https:\/\/emlaktuel.com\/?p=24079","title":{"rendered":"L\u00fcks\u00fcn zirvesindeki iki marka\u00a0 Taksim 360\u2019ta yerini al\u0131yor"},"content":{"rendered":"<p><strong><u>D\u00dcNYA DEVLER\u0130NDEN \u201cT\u00dcRK\u0130YE\u2019YE G\u00dcVEN\u201d MESAJI!<\/u><\/strong><\/p>\n<h4>Teslime say\u0131l\u0131 g\u00fcnler kala d\u00fcnyan\u0131n en l\u00fcks iki markas\u0131 Herm\u00e8s ve Alain Ducasse, Taksim 360 projesinde yer almak i\u00e7in s\u00f6zle\u015fme imzalad\u0131.<\/h4>\n<h4>D\u00fcnya moda ve perakende sekt\u00f6r\u00fcn\u00fcn en de\u011ferli markalar\u0131ndan Herm\u00e8s\u2019in patronu Xavier Herm\u00e8s, Beyo\u011flu\u2019nun tarih kokan projesinden hem ev ald\u0131 hem de Hermes ma\u011fazas\u0131 a\u00e7mak i\u00e7in iyi niyet anla\u015fmas\u0131 imzalad\u0131.<\/h4>\n<h4>Paris\u2019ten Tokyo\u2019ya d\u00fcnya genelinde 30 ayr\u0131 restoran zinciri bulunan \u201cGastronomi\u2019nin S\u00fcperstar\u0131\u201d 19 Michelin y\u0131ld\u0131zl\u0131 \u015fef Alain Ducasse da Taksim 360 projesinin i\u00e7inde bir restoran a\u00e7ma karar\u0131 alarak T\u00fcrkiye\u2019ye giri\u015f yapma karar\u0131 ald\u0131&#8230;<\/h4>\n<p>Beyo\u011flu\u2019nun merkezinde, Tarlaba\u015f\u0131\u2019n\u0131n tarih kokan sokaklar\u0131nda ge\u00e7mi\u015fine sad\u0131k kalarak modern korumac\u0131l\u0131k anlay\u0131\u015f\u0131yla \u00c7al\u0131k Gayrimenkul taraf\u0131ndan hayata ge\u00e7irilen Taksim 360 projesi, teslime say\u0131l\u0131 g\u00fcnler kala d\u00fcnya markalar\u0131n\u0131n ak\u0131n\u0131na u\u011fruyor. Bulvara bakan ofis bloklar\u0131n\u0131n tamamlanmas\u0131n\u0131n ard\u0131ndan ihti\u015fam\u0131yla g\u00fcn y\u00fcz\u00fcne \u00e7\u0131kan Taksim 360 projesi, d\u00fcnyada l\u00fcks\u00fcn sembol\u00fc kabul edilen isimleri a\u011f\u0131rl\u0131yor.<\/p>\n<p>Bu isimlerden biri; 15,3 milyar dolarl\u0131k marka de\u011feriyle d\u00fcnyan\u0131n en de\u011ferli iki l\u00fcks markas\u0131ndan biri olarak kabul edilen Herm\u00e8s\u2019in be\u015finci ku\u015fak y\u00f6neticisi Simon Xavier Guerrand-Herm\u00e8s. Son d\u00f6rt ayda ikinci kez gelip inceledi\u011fi Taksim 360 projesinden b\u00fcy\u00fclendi\u011fini belirten Simon Xavier Guerrand-Herm\u00e8s, son \u0130stanbul ziyaretinden Taksim 360 projesinden ev alarak d\u00f6nd\u00fc.<\/p>\n<h3><strong>\u015eehrin merkezinde konforlu bir ya\u015fam<\/strong><\/h3>\n<p>Taksim 360\u2019\u0131 yerinde inceleyen ve yetkililerden bilgi alan Xavier Herm\u00e8s, projenin tamamlanmas\u0131ndan sonra Herm\u00e8s\u2019in b\u00f6lgede ma\u011faza a\u00e7mas\u0131 i\u00e7in iyi niyet anla\u015fmas\u0131 imzalad\u0131. \u00c7al\u0131k Holding Y\u00f6netim Kurulu \u00dcyesi Mert \u00c7al\u0131k, \u00c7al\u0131k Holding Y\u00f6netim Kurulu Ba\u015fdan\u0131\u015fman\u0131, T\u00fcrkiye\u2019nin Paris eski B\u00fcy\u00fckel\u00e7isi Hakk\u0131 Akil&#8217;in de haz\u0131r bulundu\u011fu imza t\u00f6reninde konu\u015fan Herm\u00e8s, \u201c\u0130lk ziyaretimden sonra d\u00fcnyan\u0131n ba\u015fka metropollerinde ba\u015fka projeleri de inceledim. Ancak Taksim 360, hem sundu\u011fu olanaklar hem de y\u00fczlerce y\u0131ll\u0131k tarihi miras\u0131yla \u00e7ok farkl\u0131. Burada \u015fehrin merkezinde keyifli ve konforlu bir ya\u015fam s\u00fcrmek m\u00fcmk\u00fcn. Bu nedenle ev sat\u0131n almaya karar verdim. \u0130stanbul\u2019un kalbinde l\u00fcks bir perakende merkezi olaca\u011f\u0131na inanc\u0131m dolay\u0131s\u0131yla da Herm\u00e8s\u2019in burada ma\u011faza a\u00e7mas\u0131 i\u00e7in gerekli niyet anla\u015fmalar\u0131n\u0131 yapt\u0131k\u201d dedi.<\/p>\n<h3><strong>Yat\u0131r\u0131m i\u00e7in sinyal nisan ay\u0131nda verilmi\u015fti<\/strong><\/h3>\n<p>Ge\u00e7ti\u011fimiz nisan ay\u0131 ba\u015f\u0131nda \u0130ngiliz Kraliyet ailesi \u00fcyesi Kent Prensi Michael Franklin&#8217;in yan\u0131 s\u0131ra Frans\u0131z Brazzeville Vakf\u0131 Ba\u015fkan\u0131 Jean Yves Ollivier ile Taksim 360 projesini ziyaret eden Xavier Herm\u00e8s, o d\u00f6nemde verdi\u011fi m\u00fclakatta kendisini bir \u0130stanbul a\u015f\u0131\u011f\u0131 olarak tan\u0131tm\u0131\u015f ve \u201cBurada bir evimin ve ma\u011fazam\u0131n olmas\u0131ndan b\u00fcy\u00fck mutluluk duyar\u0131m. T\u00fcrkiye\u2019nin 2017 y\u0131l\u0131nda yakalad\u0131\u011f\u0131 y\u00fczde 7,4\u2019l\u00fck ekonomik b\u00fcy\u00fcme performans\u0131 sayg\u0131 duyulacak, hayranl\u0131k verici bir durum. Bu b\u00fcy\u00fcmeye Taksim 360 gibi projelerin b\u00fcy\u00fck etkisi oldu\u011fu d\u00fc\u015f\u00fcncesindeyim. \u015eirket olarak d\u00fcnyan\u0131n bir\u00e7ok yerine yat\u0131r\u0131m yap\u0131yoruz, T\u00fcrkiye de her zaman radar\u0131m\u0131zda olacak\u201d ifadelerini kullanm\u0131\u015ft\u0131.<\/p>\n<h3><strong>\u015eeflerin \u015fefi Ducasse rstoran a\u00e7\u0131l\u0131yor<\/strong><\/h3>\n<p>Xavier Herm\u00e8s\u2019in imza att\u0131\u011f\u0131 g\u00fcnlerde yine Taksim 360 projesinin m\u00fc\u015fterileri aras\u0131na giren bir di\u011fer \u00f6nemli isim de yine bir Frans\u0131z d\u00fcnya markas\u0131 oldu. Frans\u0131z mutfa\u011f\u0131n\u0131 d\u00fcnyaya yayan ve \u2018\u015eeflerin \u015eefi\u2019 olarak bilinen, 3 farkl\u0131 \u015fehirde 3 ayr\u0131 restoran\u0131 3 Michelin y\u0131ld\u0131z\u0131na sahip Alain Ducasse da Taksim 360 ziyaretinin ard\u0131ndan proje i\u00e7inde bir restoran a\u00e7maya karar verdi\u011fini a\u00e7\u0131klad\u0131.<\/p>\n<p><strong>T\u00dcRK\u0130YE, RESTORAN A\u00c7TI\u011eI 8\u2019\u0130NC\u0130 \u00dcLKE<\/strong><\/p>\n<p>Paris\u2019ten Tokyo\u2019ya Alain Ducasse restoranlar\u0131n\u0131n global yat\u0131r\u0131mc\u0131s\u0131 konumunda bulunan Amerikal\u0131 i\u015f adam\u0131 NJK Holding\u2019in Y\u00f6netim Kurulu Ba\u015fkan\u0131 Nasser Kazeminy de yak\u0131n arkada\u015f\u0131 Herm\u00e8s\u2019in patronu Xavier Herm\u00e8s ile birlikte Taksim 360 sat\u0131\u015f ofisini ziyaret etti. Taksim 360\u2019\u0131n merkezinde yer alacak Alain Ducasse restoran\u0131 i\u00e7in imza atan Kazeminy, T\u00fcrkiye pazar\u0131na Taksim 360 projesiyle girmekten dolay\u0131 \u00e7ok mutlu olduklar\u0131n\u0131 ifade etti.<\/p>\n<h3><strong>Taksim 360&#8217;a frans\u0131z mutfa\u011f\u0131n\u0131n y\u0131ld\u0131zl\u0131 restoran\u0131<\/strong><\/h3>\n<p>Herm\u00e8s\u2019in patronu Xavier Herm\u00e8s\u2019in Taksim 360\u2019ta yer alma karar\u0131n\u0131n ard\u0131ndan kendilerinin de projeyle yak\u0131ndan ilgilenmeye ba\u015flad\u0131klar\u0131n\u0131 Amerikal\u0131 \u00fcnl\u00fc i\u015f adam\u0131 Nasser Kazeminy, \u201cProjeyi inceledik, \u00e7ok be\u011fendik. Yerinde g\u00f6rmek i\u00e7in de \u0130stanbul\u2019a geldik. Taksim 360 k\u0131sa zamanda \u0130stanbul\u2019un tam kalbinde l\u00fcks bir destinasyon olaca\u011f\u0131na inanc\u0131m\u0131z tam. Tarihi mek\u00e2nda \u0130stanbul\u2019u her y\u00f6n\u00fcyle ya\u015fat\u0131yor olmas\u0131 ve de \u00c7al\u0131k Grubu\u2019nun g\u00fcvencesinde geli\u015ftirilmesi yat\u0131r\u0131m karar\u0131m\u0131zda etkili oldu. B\u00f6ylece Alain Ducasse restoranlar\u0131n\u0131 sekizinci \u00fclke olan T\u00fcrkiye\u2019ye getirecek imzay\u0131 att\u0131k\u201d \u015feklinde konu\u015ftu. Frans\u0131z mutfa\u011f\u0131n\u0131n y\u0131ld\u0131z ismi Alain Ducasse restoranlar\u0131, Monako, Fransa, \u0130ngiltere, ABD, Japonya, \u00c7in ve Katar\u2019la birlikte restoran zincirini geni\u015fletece\u011fi sekizinci \u00fclke olarak T\u00fcrkiye\u2019yi se\u00e7mi\u015f oldu.<\/p>\n<h3><strong>500 m\u015fly\u0131n dolar yat\u0131r\u0131mla hayata ge\u00e7ecek<\/strong><\/h3>\n<p>Taksim 360 projesi; 20 bin metrekarelik alan \u00fczerinde rezidans, ofis ve ticari \u00fcniteler dahil olmak \u00fczere toplam 952 \u00fcniteden olu\u015fuyor. 500 milyon dolar yat\u0131r\u0131m de\u011ferine sahip projede 48 metrekare ila 354 metrekare aras\u0131nda de\u011fi\u015fen st\u00fcdyo, 1+1, 1+1 Loft, 2+1, 2+1 Dubleks, 4+1 Dubleks ve Penthouse se\u00e7enekleri bulunuyor. Taksim 360\u2019\u0131n iki bloktan olu\u015fan ofis b\u00f6l\u00fcm\u00fcnde toplam 17 bin metrekare alanda 96 ofis \u00fcnitesi bulunuyor. Lead Gold sertifika standard\u0131yla sunulan ofislerin metrekareleri ise 67- 641 metrekare aras\u0131nda de\u011fi\u015fiyor.<\/p>\n<p><strong>\u201cT\u00fcrkiye\u2019ye inan\u0131yoruz\u201d<\/strong><\/p>\n<p>D\u00fcnya perakende ve moda devi Hermes ile Frans\u0131zlar\u0131n Michelin y\u0131ld\u0131zl\u0131 Alain Ducasse restoranlar\u0131 Taksim 360\u2019ta ma\u011faza ve restoran a\u00e7mak i\u00e7in iyi niyet anla\u015fmas\u0131 imzalad\u0131. \u00c7al\u0131k Holding Y\u00f6netim Kurulu \u00dcyesi Mert \u00c7al\u0131k, \u00c7al\u0131k Holding Y\u00f6netim Kurulu Ba\u015fdan\u0131\u015fman\u0131 ve T\u00fcrkiye\u2019nin eski Paris B\u00fcy\u00fckel\u00e7isi Hakk\u0131 Akil&#8217;in haz\u0131r bulundu\u011fu imza t\u00f6reninde konu\u015fan Herm\u00e8s\u2019in Patronu Xavier Herm\u00e8s, \u201cBiz T\u00fcrkiye\u2019nin gelece\u011fine inand\u0131\u011f\u0131m\u0131z i\u00e7in buraday\u0131z. Taksim 360 T\u00fcrkiye\u2019nin gelecek vizyonunda yer alan \u00e7ok \u00f6nemli bir proje. O y\u00fczden yerimizi almak istedik\u201d diye konu\u015ftu.<\/p>\n<p>Alain Ducasse restoranlar\u0131n\u0131n global yat\u0131r\u0131mc\u0131s\u0131 Amerikal\u0131 \u00fcnl\u00fc i\u015f adam\u0131 NJK Holding Y\u00f6netim Kurulu Ba\u015fkan\u0131 Nasser Kazeminy ise, \u201cTokyo\u2019dan Paris\u2019e 30 ayr\u0131 l\u00fcks restoran zinciriyle faaliyet g\u00f6steriyoruz. Yat\u0131r\u0131m yapt\u0131\u011f\u0131m\u0131z 8. \u00fclke olarak T\u00fcrkiye\u2019ye Taksim360 projesi i\u00e7inde girecek olman\u0131n heyecan\u0131n\u0131 ya\u015f\u0131yoruz\u201d diye konu\u015ftu.<\/p>\n","protected":false},"excerpt":{"rendered":"<p>D\u00dcNYA DEVLER\u0130NDEN \u201cT\u00dcRK\u0130YE\u2019YE G\u00dcVEN\u201d MESAJI! Teslime say\u0131l\u0131 g\u00fcnler kala d\u00fcnyan\u0131n en l\u00fcks iki markas\u0131 Herm\u00e8s ve Alain Ducasse, Taksim 360 projesinde yer almak i\u00e7in s\u00f6zle\u015fme imzalad\u0131. D\u00fcnya moda ve perakende sekt\u00f6r\u00fcn\u00fcn en de\u011ferli markalar\u0131ndan Herm\u00e8s\u2019in patronu Xavier Herm\u00e8s, Beyo\u011flu\u2019nun tarih kokan projesinden hem ev ald\u0131 hem de Hermes ma\u011fazas\u0131 a\u00e7mak i\u00e7in iyi niyet anla\u015fmas\u0131 imzalad\u0131. [&hellip;]<\/p>\n","protected":false},"author":1,"featured_media":11167,"comment_status":"open","ping_status":"open","sticky":false,"template":"","format":"standard","meta":{"ngg_post_thumbnail":0},"categories":[5388],"tags":[6581,6585,6582],"_links":{"self":[{"href":"https:\/\/emlaktuel.com\/index.php?rest_route=\/wp\/v2\/posts\/24079"}],"collection":[{"href":"https:\/\/emlaktuel.com\/index.php?rest_route=\/wp\/v2\/posts"}],"about":[{"href":"https:\/\/emlaktuel.com\/index.php?rest_route=\/wp\/v2\/types\/post"}],"author":[{"embeddable":true,"href":"https:\/\/emlaktuel.com\/index.php?rest_route=\/wp\/v2\/users\/1"}],"replies":[{"embeddable":true,"href":"https:\/\/emlaktuel.com\/index.php?rest_route=%2Fwp%2Fv2%2Fcomments&post=24079"}],"version-history":[{"count":1,"href":"https:\/\/emlaktuel.com\/index.php?rest_route=\/wp\/v2\/posts\/24079\/revisions"}],"predecessor-version":[{"id":24080,"href":"https:\/\/emlaktuel.com\/index.php?rest_route=\/wp\/v2\/posts\/24079\/revisions\/24080"}],"wp:featuredmedia":[{"embeddable":true,"href":"https:\/\/emlaktuel.com\/index.php?rest_route=\/wp\/v2\/media\/11167"}],"wp:attachment":[{"href":"https:\/\/emlaktuel.com\/index.php?rest_route=%2Fwp%2Fv2%2Fmedia&parent=24079"}],"wp:term":[{"taxonomy":"category","embeddable":true,"href":"https:\/\/emlaktuel.com\/index.php?rest_route=%2Fwp%2Fv2%2Fcategories&post=24079"},{"taxonomy":"post_tag","embeddable":true,"href":"https:\/\/emlaktuel.com\/index.php?rest_route=%2Fwp%2Fv2%2Ftags&post=24079"}],"curies":[{"name":"wp","href":"https:\/\/api.w.org\/{rel}","templated":true}]}}