{"id":24073,"date":"2018-09-03T10:59:31","date_gmt":"2018-09-03T07:59:31","guid":{"rendered":"http:\/\/emlaktuel.com\/?p=24073"},"modified":"2018-09-03T10:59:31","modified_gmt":"2018-09-03T07:59:31","slug":"eroglu-yapidan-konut-kampanyasina-tam-destek","status":"publish","type":"post","link":"https:\/\/emlaktuel.com\/?p=24073","title":{"rendered":"Ero\u011flu Yap\u0131&#8217;dan konut kampanyas\u0131na tam destek"},"content":{"rendered":"<p>Gayrimenkul sekt\u00f6r\u00fcnde 10 y\u0131l\u0131 a\u015fk\u0131n deneyime sahip Ero\u011flu Yap\u0131,\u00a0<strong>\u00c7evre ve \u015eehircilik Bakanl\u0131\u011f\u0131 \u00f6nc\u00fcl\u00fc\u011f\u00fcndeki konut kampanyas\u0131na tam destek verdi. Ero\u011flu Yap\u0131, \u015fehir merkezindeki y\u00fcksek standartl\u0131 projesi\u00a0<\/strong>Skyland \u0130stanbul\u2019dan konut ve ofis sahibi olmak isteyenlere,\u00a0<strong>pe\u015fin ve kredili al\u0131mlarda y\u00fczde 10 indirim kampanyas\u0131 ba\u015flatt\u0131. 31 Ekim\u2019e kadar s\u00fcrecek kampanyadan yararlananlar<\/strong>,\u00a0<strong>y\u00fczde 10 pe\u015finat ve 120 ayda\u00a0<\/strong>0,98\u2019den ba\u015flayan vade fark\u0131 f\u0131rsat\u0131 ile Skyland \u0130stanbul\u2019un ayr\u0131cal\u0131kl\u0131 d\u00fcnyas\u0131nda yerini alacak.Kampanya dahilinde sat\u0131\u015fa sunulan rezidans ve ofisler<strong>\u00a0<\/strong>sahiplerine<strong>\u00a0<\/strong>hemen teslim edilecek.<\/p>\n<h3><strong>Te\u015fvik devletten kampanya Ero\u011flu Yap\u0131\u2019dan<\/strong><\/h3>\n<p>T\u00fcrkiye&#8217;yi sosyo-ekonomik a\u00e7\u0131dan gelece\u011fe ta\u015f\u0131yacak, ya\u015fam standartlar\u0131n\u0131 geli\u015ftirecek devlet destekli kampanyalar\u0131n toplumsal refah\u0131 art\u0131rmak a\u00e7\u0131s\u0131ndan son derece \u00f6nemli oldu\u011funu vurgulayan Ero\u011flu Holding Y\u00f6netim Kurulu Ba\u015fkan\u0131<strong>\u00a0Nurettin Ero\u011flu<\/strong>\u00a0\u015funlar\u0131 ifade etti:<\/p>\n<p><strong>\u201cGe\u00e7ti\u011fimiz May\u0131s ay\u0131nda<i>\u00a0<\/i>Bakanlar Kurulu taraf\u0131ndan KDV ve tapu harc\u0131 oranlar\u0131nda uygulanan ve Ero\u011flu Yap\u0131\u2019n\u0131n da destekledi\u011fi te\u015fvik kampanyas\u0131 sonras\u0131 T\u00fcrkiye genelinde konut sat\u0131\u015f\u0131 y\u00fczde 22 artt\u0131. \u0130lk defa sat\u0131lan konut say\u0131s\u0131 ise ge\u00e7en y\u0131la oranla yakla\u015f\u0131k y\u00fczde 25 art\u0131\u015f g\u00f6sterdi. Bu hem T\u00fcrkiye\u2019deki yap\u0131 sto\u011funun yenilenmesi hem de vatanda\u015f\u0131n ya\u015fam standartlar\u0131n\u0131n iyile\u015ftirilmesi i\u00e7in \u00e7ok \u00f6nemli bir ad\u0131m oldu. \u015eimdi \u00c7evre ve \u015eehircilik Bakanl\u0131\u011f\u0131n\u0131n ba\u015flatt\u0131\u011f\u0131 yeni kampanyayla bu ivmeyi daha da b\u00fcy\u00fctece\u011fiz. Ero\u011flu Yap\u0131 olarak devletimizle i\u015fbirli\u011fi ve koordinasyon i\u00e7inde olaca\u011f\u0131z. Te\u015fvik devletten kampanya bizden olacak.\u201d<br \/>\n<\/strong><\/p>\n<p>Hedeflerinin t\u00fcm vatanda\u015flar\u0131 hayallerindeki y\u00fcksek standartl\u0131 konut ve ofislerle bulu\u015fturmak oldu\u011fun belirten\u00a0<strong>Ero\u011flu\u00a0<\/strong>\u015f\u00f6yle konu\u015ftu:<\/p>\n<p><strong>\u201cEro\u011flu Yap\u0131 olarak kampanyaya, yakla\u015f\u0131k 15 bin ki\u015fiye \u015fehrin merkezinde benzersiz bir ev ve ofis ya\u015fam\u0131 sunan Skyland \u0130stanbul projemiz ile dahil oluyoruz. 31 Ekim\u2019e kadar s\u00fcren kampanyam\u0131zda hem pe\u015fin hem kredili al\u0131mlarda y\u00fczde 10 indirim f\u0131rsat\u0131 sunuyoruz. Ayn\u0131 zamanda y\u00fczde 10\u2019u pe\u015fin kalan\u0131 120 ay vadeli sat\u0131\u015flarda y\u00fczde 0,98 vade fark\u0131 avantaj\u0131 uyguluyoruz.Ev ve ofis sahibi olmak isteyen vatanda\u015flar\u0131m\u0131z\u0131n 2018\u2019in bu son kampanyas\u0131ndan yararlanarak hayallerine kavu\u015fmas\u0131n\u0131 diliyoruz. \u201d<br \/>\n<\/strong><\/p>\n<p>Yabanc\u0131 yat\u0131r\u0131mc\u0131lar\u0131n T\u00fcrkiye\u2019ye ilgisinin de her ge\u00e7en g\u00fcn artt\u0131\u011f\u0131n\u0131 ifade eden\u00a0<strong>Ero\u011flu,<\/strong>yabanc\u0131ya konut sat\u0131\u015f\u0131n\u0131n 2018 y\u0131l\u0131 sonunda rekor bir seviyeye ula\u015faca\u011f\u0131n\u0131 \u00f6ng\u00f6rd\u00fcklerini belirtti.<\/p>\n<h3><strong>Ev ve ofis ya\u015fant\u0131s\u0131na yeni bir bak\u0131\u015f: SKYLAND \u0130STANBUL<\/strong><\/h3>\n<p>1+0\u2019dan 4+1\u2019e kadar her ihtiyaca uygun farkl\u0131 daire se\u00e7enekleri bulunan\u00a0<strong>Skyland \u0130stanbul<\/strong>\u2019daki\u00a0<strong>Tower Residence<\/strong>,\u00a0<strong>Sky Residence<\/strong>\u00a0ve\u00a0<strong>Teras Evler,<\/strong>\u00a0ince detaylarla d\u00f6\u015fenmi\u015f daireleri, sosyal ya\u015fam alanlar\u0131yla stresten uzak, yemye\u015fil bir hayat\u0131 merkezine al\u0131yor. Proje, Sky Rezidans sakinlerine, ak\u0131ll\u0131 ev teknolojileri, restoran, fitness, wellness ve spa mekanlar\u0131n\u0131n yan\u0131 s\u0131ra 3.500 ara\u00e7l\u0131k otopark\u0131 ve proje alan\u0131na iki farkl\u0131 giri\u015f gibi detaylar\u0131yla konforlu bir ya\u015fam vadediyor.<\/p>\n<p><strong>Skyland \u0130stanbul<\/strong>\u2019un\u00a0<strong>Tower, Loft\u00a0<\/strong>ve\u00a0<strong>Flat\u00a0<\/strong>ofislerinde, modern i\u015f d\u00fcnyas\u0131n\u0131n g\u00fcnl\u00fck ihtiya\u00e7lar\u0131n\u0131 en iyi \u015fekilde kar\u015f\u0131layacak b\u00f6l\u00fcmler ve ince detaylar yer al\u0131yor. Ofisler, teknolojik altyap\u0131s\u0131, geni\u015f, ferah ve y\u00fcksek tavanlar\u0131, g\u00fcn \u0131\u015f\u0131\u011f\u0131n\u0131 i\u00e7ine alan mimari tasar\u0131m\u0131, benzersiz sosyal olanaklar\u0131yla \u00e7al\u0131\u015fma hayat\u0131n\u0131 keyifli k\u0131l\u0131yor. TEM otoyoluna direkt ba\u011flant\u0131s\u0131n\u0131n, Cendere caddesi \u00fczerinden Ayaza\u011fa ve Maslak\u2019a \u00e7\u0131k\u0131\u015f imkan\u0131n\u0131n ve metro istasyonunun hemen yan\u0131nda yer almas\u0131n\u0131n yan\u0131 s\u0131ra havaalan\u0131, k\u00f6pr\u00fcler ve ana arterlere ula\u015f\u0131m kolayl\u0131\u011f\u0131 sa\u011fl\u0131yor.<\/p>\n<h3><strong>HOM Design Center Eyl\u00fcl\u2019de a\u00e7\u0131l\u0131yor!<\/strong><\/h3>\n<p>T\u00fcrkiye&#8217;nin \u00f6nde gelen ev ve ofis dekorasyonu markalar\u0131n\u0131 tek \u00e7at\u0131 alt\u0131nda toplayan\u00a0<strong>HOM Design Center<\/strong>,\u00a0<strong>Eyl\u00fcl\u00a0<\/strong>ay\u0131nda kap\u0131lar\u0131n\u0131 a\u00e7\u0131yor. Mobilyadan dekorasyon aksesuarlar\u0131na, perdeden zemin kaplamaya ev ve ofis tasar\u0131m\u0131na y\u00f6nelik 100\u2019\u00fcn \u00fczerinde ma\u011fazas\u0131yla yeni al\u0131\u015fveri\u015f merkezi HOM Design Center, tasar\u0131m ve esteti\u011fi bir arada sunacak.<\/p>\n<p>www.skylandistanbul.co<\/p>\n","protected":false},"excerpt":{"rendered":"<p>Gayrimenkul sekt\u00f6r\u00fcnde 10 y\u0131l\u0131 a\u015fk\u0131n deneyime sahip Ero\u011flu Yap\u0131,\u00a0\u00c7evre ve \u015eehircilik Bakanl\u0131\u011f\u0131 \u00f6nc\u00fcl\u00fc\u011f\u00fcndeki konut kampanyas\u0131na tam destek verdi. Ero\u011flu Yap\u0131, \u015fehir merkezindeki y\u00fcksek standartl\u0131 projesi\u00a0Skyland \u0130stanbul\u2019dan konut ve ofis sahibi olmak isteyenlere,\u00a0pe\u015fin ve kredili al\u0131mlarda y\u00fczde 10 indirim kampanyas\u0131 ba\u015flatt\u0131. 31 Ekim\u2019e kadar s\u00fcrecek kampanyadan yararlananlar,\u00a0y\u00fczde 10 pe\u015finat ve 120 ayda\u00a00,98\u2019den ba\u015flayan vade fark\u0131 f\u0131rsat\u0131 [&hellip;]<\/p>\n","protected":false},"author":1,"featured_media":22431,"comment_status":"open","ping_status":"open","sticky":false,"template":"","format":"standard","meta":{"ngg_post_thumbnail":0},"categories":[5388],"tags":[459,3449,11497,10380],"_links":{"self":[{"href":"https:\/\/emlaktuel.com\/index.php?rest_route=\/wp\/v2\/posts\/24073"}],"collection":[{"href":"https:\/\/emlaktuel.com\/index.php?rest_route=\/wp\/v2\/posts"}],"about":[{"href":"https:\/\/emlaktuel.com\/index.php?rest_route=\/wp\/v2\/types\/post"}],"author":[{"embeddable":true,"href":"https:\/\/emlaktuel.com\/index.php?rest_route=\/wp\/v2\/users\/1"}],"replies":[{"embeddable":true,"href":"https:\/\/emlaktuel.com\/index.php?rest_route=%2Fwp%2Fv2%2Fcomments&post=24073"}],"version-history":[{"count":1,"href":"https:\/\/emlaktuel.com\/index.php?rest_route=\/wp\/v2\/posts\/24073\/revisions"}],"predecessor-version":[{"id":24074,"href":"https:\/\/emlaktuel.com\/index.php?rest_route=\/wp\/v2\/posts\/24073\/revisions\/24074"}],"wp:featuredmedia":[{"embeddable":true,"href":"https:\/\/emlaktuel.com\/index.php?rest_route=\/wp\/v2\/media\/22431"}],"wp:attachment":[{"href":"https:\/\/emlaktuel.com\/index.php?rest_route=%2Fwp%2Fv2%2Fmedia&parent=24073"}],"wp:term":[{"taxonomy":"category","embeddable":true,"href":"https:\/\/emlaktuel.com\/index.php?rest_route=%2Fwp%2Fv2%2Fcategories&post=24073"},{"taxonomy":"post_tag","embeddable":true,"href":"https:\/\/emlaktuel.com\/index.php?rest_route=%2Fwp%2Fv2%2Ftags&post=24073"}],"curies":[{"name":"wp","href":"https:\/\/api.w.org\/{rel}","templated":true}]}}