{"id":24044,"date":"2018-08-31T12:25:00","date_gmt":"2018-08-31T09:25:00","guid":{"rendered":"http:\/\/emlaktuel.com\/?p=24044"},"modified":"2018-08-31T12:25:00","modified_gmt":"2018-08-31T09:25:00","slug":"ilhan-erdal-konut-alma-vakti","status":"publish","type":"post","link":"https:\/\/emlaktuel.com\/?p=24044","title":{"rendered":"\u0130lhan Erdal &#8220;Konut Alma Vakti&#8221;"},"content":{"rendered":"<p>Tona Yap\u0131 ve Safe \u0130n\u015faat Ortakl\u0131\u011f\u0131 \u0130cra Kurulu Ba\u015fkan\u0131 \u0130lhan Erdal, \u00c7evre ve \u015eehircilik Bakanl\u0131\u011f\u0131 Deste\u011fi ve Emlak Konut GYO \u00f6nc\u00fcl\u00fc\u011f\u00fc ile ba\u015flayan ve 31 Ekim tarihine kadar s\u00fcrecek olan \u201cT\u00fcrkiye \u0130\u00e7in Kazan\u00e7 Vakti\u201d kampanyas\u0131na destek verdiklerini a\u00e7\u0131klad\u0131.<\/p>\n<p>&#8220;At\u0131lan bu ad\u0131mlar konut sekt\u00f6r\u00fcn\u00fc canland\u0131r\u0131rken ayn\u0131 zamanda ekonomimizde de hareketlilik sa\u011flayacakt\u0131r&#8221; a\u00e7\u0131klamas\u0131nda bulunan \u0130lhan Erdal s\u00f6zlerini \u015f\u00f6yle s\u00fcrd\u00fcrd\u00fc: &#8220;Devletimizin ald\u0131\u011f\u0131 bu karar\u0131n destek\u00e7isiyiz. \u015eu d\u00f6nem konut alman\u0131n tam vakti. Bu kampanya ile ev alman\u0131n cazibesi daha da artacak. Biz de DURU Beytepe projemizde hayata ge\u00e7irdi\u011fimiz kampanyalar\u0131m\u0131zla desteklerimizi s\u00fcrd\u00fcr\u00fcyoruz. Pe\u015fin al\u0131mlarda y\u00fczde 20 indirim kampanyam\u0131z h\u0131z kesmeden devam ediyor, sunmu\u015f oldu\u011fumuz 50 ay vade ve 120 aya yaym\u0131\u015f oldu\u011fumuz 0,98 faiz oran\u0131 ile kaliteli, konforlu, do\u011fan\u0131n i\u00e7inde bir ya\u015fama davet ediyoruz. Kampanyalar\u0131m\u0131z 15 Eyl\u00fcl\u2019e kadar devam edecek.&#8217;<\/p>\n","protected":false},"excerpt":{"rendered":"<p>Tona Yap\u0131 ve Safe \u0130n\u015faat Ortakl\u0131\u011f\u0131 \u0130cra Kurulu Ba\u015fkan\u0131 \u0130lhan Erdal, \u00c7evre ve \u015eehircilik Bakanl\u0131\u011f\u0131 Deste\u011fi ve Emlak Konut GYO \u00f6nc\u00fcl\u00fc\u011f\u00fc ile ba\u015flayan ve 31 Ekim tarihine kadar s\u00fcrecek olan \u201cT\u00fcrkiye \u0130\u00e7in Kazan\u00e7 Vakti\u201d kampanyas\u0131na destek verdiklerini a\u00e7\u0131klad\u0131. &#8220;At\u0131lan bu ad\u0131mlar konut sekt\u00f6r\u00fcn\u00fc canland\u0131r\u0131rken ayn\u0131 zamanda ekonomimizde de hareketlilik sa\u011flayacakt\u0131r&#8221; a\u00e7\u0131klamas\u0131nda bulunan \u0130lhan Erdal s\u00f6zlerini [&hellip;]<\/p>\n","protected":false},"author":1,"featured_media":23667,"comment_status":"open","ping_status":"open","sticky":false,"template":"","format":"standard","meta":{"ngg_post_thumbnail":0},"categories":[5388],"tags":[62,80,1546],"_links":{"self":[{"href":"https:\/\/emlaktuel.com\/index.php?rest_route=\/wp\/v2\/posts\/24044"}],"collection":[{"href":"https:\/\/emlaktuel.com\/index.php?rest_route=\/wp\/v2\/posts"}],"about":[{"href":"https:\/\/emlaktuel.com\/index.php?rest_route=\/wp\/v2\/types\/post"}],"author":[{"embeddable":true,"href":"https:\/\/emlaktuel.com\/index.php?rest_route=\/wp\/v2\/users\/1"}],"replies":[{"embeddable":true,"href":"https:\/\/emlaktuel.com\/index.php?rest_route=%2Fwp%2Fv2%2Fcomments&post=24044"}],"version-history":[{"count":1,"href":"https:\/\/emlaktuel.com\/index.php?rest_route=\/wp\/v2\/posts\/24044\/revisions"}],"predecessor-version":[{"id":24045,"href":"https:\/\/emlaktuel.com\/index.php?rest_route=\/wp\/v2\/posts\/24044\/revisions\/24045"}],"wp:featuredmedia":[{"embeddable":true,"href":"https:\/\/emlaktuel.com\/index.php?rest_route=\/wp\/v2\/media\/23667"}],"wp:attachment":[{"href":"https:\/\/emlaktuel.com\/index.php?rest_route=%2Fwp%2Fv2%2Fmedia&parent=24044"}],"wp:term":[{"taxonomy":"category","embeddable":true,"href":"https:\/\/emlaktuel.com\/index.php?rest_route=%2Fwp%2Fv2%2Fcategories&post=24044"},{"taxonomy":"post_tag","embeddable":true,"href":"https:\/\/emlaktuel.com\/index.php?rest_route=%2Fwp%2Fv2%2Ftags&post=24044"}],"curies":[{"name":"wp","href":"https:\/\/api.w.org\/{rel}","templated":true}]}}