{"id":24025,"date":"2018-08-29T11:08:18","date_gmt":"2018-08-29T08:08:18","guid":{"rendered":"http:\/\/emlaktuel.com\/?p=24025"},"modified":"2018-08-29T11:08:18","modified_gmt":"2018-08-29T08:08:18","slug":"regus-ofis-kiralamada-tlye-gecti","status":"publish","type":"post","link":"https:\/\/emlaktuel.com\/?p=24025","title":{"rendered":"Regus ofis kiralamada TL&#8217;ye ge\u00e7ti"},"content":{"rendered":"<h2>Regus, d\u00f6viz kurlar\u0131nda ya\u015fanan dalgalanma sebebiyle kiralamalarda T\u00fcrk Liras\u0131\u2019na ge\u00e7ildi\u011fini duyurdu<\/h2>\n<p><strong>3.125 lokasyon, 1.000 \u015fehir, 110 \u00fclkede, ofis alan\u0131, sanal ofis, ortak \u00e7al\u0131\u015fma alan\u0131, toplant\u0131 odas\u0131, Business World ve Business Lounge hizmetleri veren Regus, son d\u00f6nemde d\u00f6viz kurlar\u0131nda ya\u015fanan dalgalanmaya ba\u011fl\u0131 olarak kiralamalarda ya\u015fanabilecek ma\u011fduriyetleri ortadan kald\u0131rmak amac\u0131yla, s\u00f6zle\u015fmelerin T\u00fcrk Liras\u0131 \u00fczerinden yap\u0131laca\u011f\u0131 a\u00e7\u0131klad\u0131.<\/strong><\/p>\n<p><span class=\"m_-2352675811951507805None\">D\u00fcnya \u00e7ap\u0131nda 3.125 lokasyon, 1.000 \u015fehir ve 110 \u00fclkede kullan\u0131ma haz\u0131r ofis hizmetleri sa\u011flayan Regus taraf\u0131ndan yap\u0131lan a\u00e7\u0131klamada d\u00f6viz kurlar\u0131nda ya\u015fanan y\u00fckseli\u015flerden dolay\u0131 d\u00f6viz bazl\u0131 kiralama s\u00f6zle\u015fmelerinde para biriminin TL&#8217;ye \u00e7evrilmesine karar verildi\u011fi belirtildi.<\/span><\/p>\n<p><span class=\"m_-2352675811951507805None\">K\u0131sa s\u00fcre \u00f6nce 300 \u00e7al\u0131\u015fma istasyonu ile Regus\u2019un en b\u00fcy\u00fck \u00e7al\u0131\u015fma alan\u0131 olan Regus Maslak Orjin\u2019i hizmete a\u00e7an Regus a\u00e7\u0131klamas\u0131nda, kira s\u00f6zle\u015fmelerinde d\u00f6viz yerine T\u00fcrk Liras\u0131&#8217;n\u0131 baz alarak, kurlarda ya\u015fanabilecek y\u00fckseli\u015fe kar\u015f\u0131 kiralayanlar\u0131 koruman\u0131n ama\u00e7land\u0131\u011f\u0131n\u0131n alt\u0131 \u00e7izildi. Al\u0131nan bu karar ile herhangi bir kur sabitlemesi yerine T\u00fcrk Liras\u0131 bazl\u0131 fiyat politikas\u0131n\u0131n benimsendi\u011fi a\u00e7\u0131kland\u0131.<\/span><\/p>\n<p><span class=\"m_-2352675811951507805None\">Regus, g\u00fcnl\u00fck, haftal\u0131k veya y\u0131ll\u0131k kiral\u0131k ofis se\u00e7enekleri, y\u00fcksek h\u0131zl\u0131 internet, ofis mobilyalar\u0131 ve ek hizmetler dahil tam donan\u0131ml\u0131 ofisleri ile her ihtiyaca uygun se\u00e7enekler sunuyor.<\/span><\/p>\n<p><span class=\"m_-2352675811951507805None\">Haz\u0131r ofiste d\u00fcnya lideri olan Regus, d\u00fcnyan\u0131n \u00e7e\u015fitli lokasyonlar\u0131nda yer alan t\u00fcm ortak ofislerinde \u00e7al\u0131\u015fabilme imkan\u0131 sunan \u201cortak \u00e7al\u0131\u015fma alanlar\u0131\u201d sayesinde geni\u015f bir se\u00e7me \u00f6zg\u00fcrl\u00fc\u011f\u00fc sa\u011flarken, d\u00fcnya \u00e7ap\u0131ndaki se\u00e7kin lokasyonlardan birinde i\u015f adresine sahip olmak isteyenler i\u00e7in de \u201csanal ofis hizmeti\u201d ile hayat\u0131 kolayla\u015ft\u0131r\u0131yor.<\/span><\/p>\n<p><span class=\"m_-2352675811951507805None\">Ofis alanlar\u0131n\u0131 kurumsal hayat\u0131n ihtiya\u00e7lar\u0131na g\u00f6re tasarlayarak t\u00fcm taleplere cevap veren esnek yap\u0131s\u0131yla Regus, modern ve profesyonel bi\u00e7imde y\u00f6netilen \u00e7al\u0131\u015fma ortamlar\u0131yla ideal \u00e7al\u0131\u015fma alan\u0131n\u0131z\u0131 olu\u015fturmaya haz\u0131r.<\/span><\/p>\n<p><span class=\"m_-2352675811951507805None\"><strong>Regus Hakk\u0131nda<\/strong><\/span><\/p>\n<p><span class=\"m_-2352675811951507805None\">Regus, d\u00fcnya \u00e7ap\u0131nda \u00f6nc\u00fc bir \u00e7al\u0131\u015fma alan\u0131 sa\u011flay\u0131c\u0131s\u0131d\u0131r. \u015eirketlerin d\u00fcnyadaki t\u00fcm \u015fehirlerde kullanabilecekleri ofis, ortak \u00e7al\u0131\u015fma alan\u0131 ve toplant\u0131 odalar\u0131ndan olu\u015fan benzersiz bir a\u011f yaratt\u0131k. Bu a\u011f, i\u015fletmelerin kar\u015f\u0131lar\u0131na \u00e7\u0131kan t\u00fcm f\u0131rsatlar\u0131 destekleyebilecek k\u00fcresel bir altyap\u0131 niteli\u011finde.\u00a0<\/span><span class=\"m_-2352675811951507805None\">\u00c7al\u0131\u015fma alanlar\u0131ndan olu\u015fan a\u011f\u0131m\u0131z, i\u015fletmelere kurulum masraf\u0131 veya sermaye yat\u0131r\u0131m\u0131 olmadan diledikleri yerde \u00e7al\u0131\u015fabilme imk\u00e2n\u0131 sunuyor. \u00dcstelik m\u00fc\u015fterilerimize an\u0131nda maliyet avantajlar\u0131 sunman\u0131n yan\u0131 s\u0131ra ofis portf\u00f6ylerinin tamam\u0131n\u0131 d\u0131\u015f kaynaklardan tedarik etme f\u0131rsat\u0131 da tan\u0131yor. Bu a\u011f, verimlili\u011fi art\u0131rmak ve ayn\u0131 d\u00fc\u015f\u00fcnceleri payla\u015fan 2,5 milyon uzman aras\u0131nda ba\u011flant\u0131 kurmak amac\u0131yla tasarlanm\u0131\u015ft\u0131r. An\u0131nda eri\u015filebilen k\u00fcresel bir toplulukta, kendilerini oraya ait hissedebilecekleri bir ortam suna<u><a href=\"http:\/\/www.regus.com.tr\/\" target=\"_blank\" rel=\"noopener\" data-saferedirecturl=\"https:\/\/www.google.com\/url?q=http:\/\/www.regus.com.tr&amp;source=gmail&amp;ust=1535615925487000&amp;usg=AFQjCNFxkO04PfDbBE0F09T2UUSx9R6qYw\">www.regus.com.t<\/a>r<\/u><\/span><\/p>\n","protected":false},"excerpt":{"rendered":"<p>Regus, d\u00f6viz kurlar\u0131nda ya\u015fanan dalgalanma sebebiyle kiralamalarda T\u00fcrk Liras\u0131\u2019na ge\u00e7ildi\u011fini duyurdu 3.125 lokasyon, 1.000 \u015fehir, 110 \u00fclkede, ofis alan\u0131, sanal ofis, ortak \u00e7al\u0131\u015fma alan\u0131, toplant\u0131 odas\u0131, Business World ve Business Lounge hizmetleri veren Regus, son d\u00f6nemde d\u00f6viz kurlar\u0131nda ya\u015fanan dalgalanmaya ba\u011fl\u0131 olarak kiralamalarda ya\u015fanabilecek ma\u011fduriyetleri ortadan kald\u0131rmak amac\u0131yla, s\u00f6zle\u015fmelerin T\u00fcrk Liras\u0131 \u00fczerinden yap\u0131laca\u011f\u0131 a\u00e7\u0131klad\u0131. D\u00fcnya [&hellip;]<\/p>\n","protected":false},"author":1,"featured_media":24027,"comment_status":"open","ping_status":"open","sticky":false,"template":"","format":"standard","meta":{"ngg_post_thumbnail":0},"categories":[26],"tags":[11928,11927,11929],"_links":{"self":[{"href":"https:\/\/emlaktuel.com\/index.php?rest_route=\/wp\/v2\/posts\/24025"}],"collection":[{"href":"https:\/\/emlaktuel.com\/index.php?rest_route=\/wp\/v2\/posts"}],"about":[{"href":"https:\/\/emlaktuel.com\/index.php?rest_route=\/wp\/v2\/types\/post"}],"author":[{"embeddable":true,"href":"https:\/\/emlaktuel.com\/index.php?rest_route=\/wp\/v2\/users\/1"}],"replies":[{"embeddable":true,"href":"https:\/\/emlaktuel.com\/index.php?rest_route=%2Fwp%2Fv2%2Fcomments&post=24025"}],"version-history":[{"count":1,"href":"https:\/\/emlaktuel.com\/index.php?rest_route=\/wp\/v2\/posts\/24025\/revisions"}],"predecessor-version":[{"id":24028,"href":"https:\/\/emlaktuel.com\/index.php?rest_route=\/wp\/v2\/posts\/24025\/revisions\/24028"}],"wp:featuredmedia":[{"embeddable":true,"href":"https:\/\/emlaktuel.com\/index.php?rest_route=\/wp\/v2\/media\/24027"}],"wp:attachment":[{"href":"https:\/\/emlaktuel.com\/index.php?rest_route=%2Fwp%2Fv2%2Fmedia&parent=24025"}],"wp:term":[{"taxonomy":"category","embeddable":true,"href":"https:\/\/emlaktuel.com\/index.php?rest_route=%2Fwp%2Fv2%2Fcategories&post=24025"},{"taxonomy":"post_tag","embeddable":true,"href":"https:\/\/emlaktuel.com\/index.php?rest_route=%2Fwp%2Fv2%2Ftags&post=24025"}],"curies":[{"name":"wp","href":"https:\/\/api.w.org\/{rel}","templated":true}]}}