{"id":24012,"date":"2018-08-28T15:00:28","date_gmt":"2018-08-28T12:00:28","guid":{"rendered":"http:\/\/emlaktuel.com\/?p=24012"},"modified":"2018-08-28T15:00:28","modified_gmt":"2018-08-28T12:00:28","slug":"babacan-holding-2-projesi-ile-konutta-dev-kampanyayi-destekliyor","status":"publish","type":"post","link":"https:\/\/emlaktuel.com\/?p=24012","title":{"rendered":"Babacan Holding, 2 projesi ile konutta dev kampanyay\u0131 destekliyor"},"content":{"rendered":"<p>Ge\u00e7ti\u011fimiz May\u0131s- Haziran d\u00f6neminde ger\u00e7ekle\u015ftirdi\u011fimiz Ulusal Kampanya, sekt\u00f6r\u00fcm\u00fczde ciddi bir domino etkisi yaratm\u0131\u015ft\u0131. \u0130lerleyen s\u00fcre\u00e7te faiz oranlar\u0131n\u0131n y\u00fczde 2\u2019lere kadar t\u0131rmanmas\u0131, sekt\u00f6r\u00fcn t\u00fcm payda\u015flar\u0131n\u0131 endi\u015felendirmi\u015fti. Bug\u00fcn geldi\u011fimiz a\u015famada \u00c7evre ve \u015eehircilik Bakanl\u0131\u011f\u0131\u2019n\u0131n \u00f6nc\u00fc giri\u015fimiyle yeni bir kampanyan\u0131n start\u0131n\u0131 vermi\u015f olman\u0131n heyecan\u0131 i\u00e7indeyiz. Bug\u00fcn yeniden ba\u015flayan kampanya sadece sekt\u00f6r\u00fcm\u00fcz\u00fcn geli\u015fimi y\u00f6n\u00fcnde ortaya koydu\u011fumuz \u00f6rnek bir g\u00fc\u00e7 birli\u011fi de\u011fildir. K\u00fcresel ekonomiden kaynaklanan kur bask\u0131s\u0131na kar\u015f\u0131 benzeri g\u00f6r\u00fclmemi\u015f ortak bir m\u00fccadele \u00f6rne\u011fidir. \u00dclkemize y\u00f6nelik yap\u0131lan ekonomik sald\u0131r\u0131 kar\u015f\u0131s\u0131nda biz sekt\u00f6r temsilcilerine, ciddi bir sorumluluk d\u00fc\u015f\u00fcyor. Bu sald\u0131r\u0131n\u0131n etkilerini ortadan kald\u0131rmak noktas\u0131nda, yeni ba\u015flatt\u0131\u011f\u0131m\u0131z kampanya ayr\u0131 bir \u00f6neme sahip bulunuyor. \u00dclkemizin d\u00fcnya \u00f6l\u00e7e\u011finde s\u00fcrekli y\u00fckselen konumunun herhangi bir sars\u0131nt\u0131ya u\u011framamas\u0131, ekonomik geli\u015fmi\u015flik noktas\u0131nda daha ileri seviyelere y\u00fckselebilmesi i\u00e7in hepimize \u00e7ok i\u015f d\u00fc\u015f\u00fcyor. Bu kampanya ile sekt\u00f6rdeki canl\u0131l\u0131\u011f\u0131 diri tutarken, ekonomimize sa\u011flad\u0131\u011f\u0131m\u0131z katma de\u011ferde ciddi bir art\u0131\u015f yakalayabilece\u011fiz. 2 ay s\u00fcrecek kampanya ile y\u0131l\u0131n en y\u00fcksek sat\u0131\u015f rakamlar\u0131na ula\u015faca\u011f\u0131m\u0131za inan\u0131yoruz. Kampanyan\u0131n ekonomimiz a\u00e7\u0131s\u0131ndan kilit \u00f6nemde bulunan di\u011fer sekt\u00f6rlere de \u00f6rnek te\u015fkil edece\u011fini d\u00fc\u015f\u00fcn\u00fcyoruz.<\/p>\n<p>Ulusal Kampanya s\u00fcrecinin ba\u015flad\u0131\u011f\u0131 ilk g\u00fcnden itibaren kampanyaya kat\u0131ld\u0131\u011f\u0131m\u0131z 3 projemizle en b\u00fcy\u00fck desteklerden birini veren bir \u015firket olarak yat\u0131r\u0131mc\u0131lar\u0131m\u0131z\u0131n g\u00f6z\u00fcnde olu\u015fturdu\u011fumuz g\u00fcveni zirveye ta\u015f\u0131d\u0131k.Projelerimize y\u00f6nelik talepte ciddi art\u0131\u015f yakalad\u0131k. Kampanya sona ermesine ra\u011fmen, Babacan Holding\u2019de y\u00fczde 20 indirim ayr\u0131cal\u0131\u011f\u0131n\u0131 hep s\u00fcrd\u00fc. Sonu\u00e7ta ciddi bir verimlilik elde ettik. Yeni kampanyaya yine Babacan Premium ve Port Royal olmak \u00fczere 2 projemizde yer alan toplam 100 dairemiz ile kat\u0131l\u0131yoruz. Kampanya s\u00fcresince<a name=\"m_6553664900729731130__GoBack\"><\/a>\u00a0sat\u0131\u015flar\u0131m\u0131zda en y\u00fcksek seviyeye ula\u015fabilmeyi hedefliyoruz<\/p>\n","protected":false},"excerpt":{"rendered":"<p>Ge\u00e7ti\u011fimiz May\u0131s- Haziran d\u00f6neminde ger\u00e7ekle\u015ftirdi\u011fimiz Ulusal Kampanya, sekt\u00f6r\u00fcm\u00fczde ciddi bir domino etkisi yaratm\u0131\u015ft\u0131. \u0130lerleyen s\u00fcre\u00e7te faiz oranlar\u0131n\u0131n y\u00fczde 2\u2019lere kadar t\u0131rmanmas\u0131, sekt\u00f6r\u00fcn t\u00fcm payda\u015flar\u0131n\u0131 endi\u015felendirmi\u015fti. Bug\u00fcn geldi\u011fimiz a\u015famada \u00c7evre ve \u015eehircilik Bakanl\u0131\u011f\u0131\u2019n\u0131n \u00f6nc\u00fc giri\u015fimiyle yeni bir kampanyan\u0131n start\u0131n\u0131 vermi\u015f olman\u0131n heyecan\u0131 i\u00e7indeyiz. Bug\u00fcn yeniden ba\u015flayan kampanya sadece sekt\u00f6r\u00fcm\u00fcz\u00fcn geli\u015fimi y\u00f6n\u00fcnde ortaya koydu\u011fumuz \u00f6rnek bir g\u00fc\u00e7 [&hellip;]<\/p>\n","protected":false},"author":1,"featured_media":23255,"comment_status":"open","ping_status":"open","sticky":false,"template":"","format":"standard","meta":{"ngg_post_thumbnail":0},"categories":[5388],"tags":[3376,62,80,10946],"_links":{"self":[{"href":"https:\/\/emlaktuel.com\/index.php?rest_route=\/wp\/v2\/posts\/24012"}],"collection":[{"href":"https:\/\/emlaktuel.com\/index.php?rest_route=\/wp\/v2\/posts"}],"about":[{"href":"https:\/\/emlaktuel.com\/index.php?rest_route=\/wp\/v2\/types\/post"}],"author":[{"embeddable":true,"href":"https:\/\/emlaktuel.com\/index.php?rest_route=\/wp\/v2\/users\/1"}],"replies":[{"embeddable":true,"href":"https:\/\/emlaktuel.com\/index.php?rest_route=%2Fwp%2Fv2%2Fcomments&post=24012"}],"version-history":[{"count":1,"href":"https:\/\/emlaktuel.com\/index.php?rest_route=\/wp\/v2\/posts\/24012\/revisions"}],"predecessor-version":[{"id":24013,"href":"https:\/\/emlaktuel.com\/index.php?rest_route=\/wp\/v2\/posts\/24012\/revisions\/24013"}],"wp:featuredmedia":[{"embeddable":true,"href":"https:\/\/emlaktuel.com\/index.php?rest_route=\/wp\/v2\/media\/23255"}],"wp:attachment":[{"href":"https:\/\/emlaktuel.com\/index.php?rest_route=%2Fwp%2Fv2%2Fmedia&parent=24012"}],"wp:term":[{"taxonomy":"category","embeddable":true,"href":"https:\/\/emlaktuel.com\/index.php?rest_route=%2Fwp%2Fv2%2Fcategories&post=24012"},{"taxonomy":"post_tag","embeddable":true,"href":"https:\/\/emlaktuel.com\/index.php?rest_route=%2Fwp%2Fv2%2Ftags&post=24012"}],"curies":[{"name":"wp","href":"https:\/\/api.w.org\/{rel}","templated":true}]}}