{"id":23999,"date":"2018-08-28T10:49:09","date_gmt":"2018-08-28T07:49:09","guid":{"rendered":"http:\/\/emlaktuel.com\/?p=23999"},"modified":"2018-08-28T10:49:09","modified_gmt":"2018-08-28T07:49:09","slug":"konut-sigortasiyla-ilgili-bilinmesi-gereken-noktalar","status":"publish","type":"post","link":"https:\/\/emlaktuel.com\/?p=23999","title":{"rendered":"Konut sigortas\u0131yla ilgili bilinmesi gereken noktalar"},"content":{"rendered":"<p>Konut sigortas\u0131, evi ve e\u015fyalar\u0131; yang\u0131ndan h\u0131rs\u0131zl\u0131\u011fa, depremden sel ve su bask\u0131n\u0131na kadar koruyan, kom\u015fular\u0131m\u0131za verebilece\u011fimiz baz\u0131 zararlar\u0131 teminat alt\u0131na alan, k\u0131sacas\u0131 ev ve evin i\u00e7inde \u00f6nemli olan t\u00fcm de\u011ferleri g\u00fcvence alt\u0131na alan bir sigorta t\u00fcr\u00fcd\u00fcr. San\u0131ld\u0131\u011f\u0131n\u0131n aksine \u00e7ok d\u00fc\u015f\u00fck bir maliyetle ev ve e\u015fyalar\u0131 g\u00fcvence alt\u0131na alan konut sigortas\u0131yla ilgili kamuoyunda yan\u0131t\u0131 merak edilen bir\u00e7ok nokta bulunuyor. T\u00fcrkiye\u2019de 150 y\u0131l\u0131 a\u015fk\u0131n s\u00fcredir faaliyet g\u00f6steren ve d\u00fcnyan\u0131n \u00f6nde gelen sigorta kurulu\u015flar\u0131ndan olan\u00a0<strong>Generali Sigorta<\/strong>, konut sigortas\u0131 \u00f6zelinde s\u0131k\u00e7a sorulan sorulara yan\u0131tlar sundu. Generali Sigorta verilerine ve al\u0131nan geri bildirimlere g\u00f6re konut sahipleri ve kirac\u0131lar aras\u0131nda konut sigortas\u0131yla ilgili merak edilen ve yan\u0131t aranan sorular \u015fu \u015fekilde:<\/p>\n<h3><strong>Konut sigortas\u0131 pahal\u0131 m\u0131?<\/strong><\/h3>\n<p>\u00dclkemizde y\u0131llarca birikim yap\u0131larak al\u0131nan ve ara\u00e7lara oranla \u00e7ok daha ciddi rakamlar \u00f6denen konutlar\u0131n sigortalanma oran\u0131 maalesef d\u00fc\u015f\u00fckt\u00fcr. Bu durum konut sigortalar\u0131n\u0131n y\u00fcksek maliyetli oldu\u011fu alg\u0131s\u0131ndan kaynaklanmaktad\u0131r. San\u0131ld\u0131\u011f\u0131n\u0131n aksine \u00e7ok d\u00fc\u015f\u00fck bir maliyetle varl\u0131klar\u0131n\u0131z g\u00fcvence alt\u0131na al\u0131nabilmektedir.<\/p>\n<h3><strong>Konut sigortas\u0131 yapt\u0131rmak i\u00e7in illaki ev sahibi mi olmal\u0131y\u0131m?<\/strong><\/h3>\n<p>Konut sigortas\u0131 yapt\u0131rmak i\u00e7in illaki ev sahibi olman\u0131z gerekmez. \u0130ster kirac\u0131, ister ev sahibi varl\u0131klar\u0131n\u0131 g\u00fcvence alt\u0131na alabilir.<\/p>\n<h3><strong>Konut sigortas\u0131 poli\u00e7eleri neleri kapsar?<\/strong><\/h3>\n<p>Konut sigortalar\u0131 yang\u0131n, y\u0131ld\u0131r\u0131m, infilak, duman, dahili su, ter\u00f6r, f\u0131rt\u0131na, h\u0131rs\u0131zl\u0131k gibi bir \u00e7ok teminat\u0131 bir arada sunar. Ayr\u0131ca \u00e7ilingir hizmeti, konutlar\u0131n korunmas\u0131 hizmeti, cam hizmetleri gibi bir \u00e7ok asistans teminat\u0131 da poli\u00e7elere ilave edilmektedir.<\/p>\n<h3><strong>Antika, tablo gibi de\u011ferli varl\u0131klar da sigorta teminat\u0131na dahil edilebilir mi?<\/strong><\/h3>\n<p>Sigorta bedelleri konut sigortas\u0131na ait poli\u00e7ede belirtilmek kayd\u0131 ile antika, tablo, de\u011ferli hal\u0131 vb. varl\u0131klar belirli limitler ile teminat alt\u0131na al\u0131nabilir.<\/p>\n","protected":false},"excerpt":{"rendered":"<p>Konut sigortas\u0131, evi ve e\u015fyalar\u0131; yang\u0131ndan h\u0131rs\u0131zl\u0131\u011fa, depremden sel ve su bask\u0131n\u0131na kadar koruyan, kom\u015fular\u0131m\u0131za verebilece\u011fimiz baz\u0131 zararlar\u0131 teminat alt\u0131na alan, k\u0131sacas\u0131 ev ve evin i\u00e7inde \u00f6nemli olan t\u00fcm de\u011ferleri g\u00fcvence alt\u0131na alan bir sigorta t\u00fcr\u00fcd\u00fcr. San\u0131ld\u0131\u011f\u0131n\u0131n aksine \u00e7ok d\u00fc\u015f\u00fck bir maliyetle ev ve e\u015fyalar\u0131 g\u00fcvence alt\u0131na alan konut sigortas\u0131yla ilgili kamuoyunda yan\u0131t\u0131 merak edilen [&hellip;]<\/p>\n","protected":false},"author":1,"featured_media":24000,"comment_status":"open","ping_status":"open","sticky":false,"template":"","format":"standard","meta":{"ngg_post_thumbnail":0},"categories":[26,5221],"tags":[11918,80,11916,11917,11229],"_links":{"self":[{"href":"https:\/\/emlaktuel.com\/index.php?rest_route=\/wp\/v2\/posts\/23999"}],"collection":[{"href":"https:\/\/emlaktuel.com\/index.php?rest_route=\/wp\/v2\/posts"}],"about":[{"href":"https:\/\/emlaktuel.com\/index.php?rest_route=\/wp\/v2\/types\/post"}],"author":[{"embeddable":true,"href":"https:\/\/emlaktuel.com\/index.php?rest_route=\/wp\/v2\/users\/1"}],"replies":[{"embeddable":true,"href":"https:\/\/emlaktuel.com\/index.php?rest_route=%2Fwp%2Fv2%2Fcomments&post=23999"}],"version-history":[{"count":1,"href":"https:\/\/emlaktuel.com\/index.php?rest_route=\/wp\/v2\/posts\/23999\/revisions"}],"predecessor-version":[{"id":24001,"href":"https:\/\/emlaktuel.com\/index.php?rest_route=\/wp\/v2\/posts\/23999\/revisions\/24001"}],"wp:featuredmedia":[{"embeddable":true,"href":"https:\/\/emlaktuel.com\/index.php?rest_route=\/wp\/v2\/media\/24000"}],"wp:attachment":[{"href":"https:\/\/emlaktuel.com\/index.php?rest_route=%2Fwp%2Fv2%2Fmedia&parent=23999"}],"wp:term":[{"taxonomy":"category","embeddable":true,"href":"https:\/\/emlaktuel.com\/index.php?rest_route=%2Fwp%2Fv2%2Fcategories&post=23999"},{"taxonomy":"post_tag","embeddable":true,"href":"https:\/\/emlaktuel.com\/index.php?rest_route=%2Fwp%2Fv2%2Ftags&post=23999"}],"curies":[{"name":"wp","href":"https:\/\/api.w.org\/{rel}","templated":true}]}}