{"id":23954,"date":"2018-08-26T11:41:01","date_gmt":"2018-08-26T08:41:01","guid":{"rendered":"http:\/\/emlaktuel.com\/?p=23954"},"modified":"2018-08-26T13:16:52","modified_gmt":"2018-08-26T10:16:52","slug":"insaat-sektoru-patronlar-ucuz-ev-uretmek-istiyor","status":"publish","type":"post","link":"https:\/\/emlaktuel.com\/?p=23954","title":{"rendered":"\u0130n\u015faat sekt\u00f6r\u00fc patronlar\u0131 ucuz ev \u00fcretmek istiyor"},"content":{"rendered":"<p><b>\u0130stanbul, \u0130zmir ve Ankara gibi b\u00fcy\u00fck illere y\u00fckselen konut fiyatlar\u0131n\u0131 dikkate alan in\u015faat sekt\u00f6r\u00fc patronlar\u0131 ucuz konut seferberli\u011fine katk\u0131da bulunabileceklerini s\u00f6yl\u00fcyorlar.\u00a0<\/b><\/p>\n<p>\u0130stanbul genelinde konutlar\u0131n metrekare sat\u0131\u015f fiyat ortalamas\u0131 5 bin lira s\u0131n\u0131r\u0131na dayan\u0131nca az gelirli vatanda\u015flar\u0131n ev sahibi olma hayali de azald\u0131.<\/p>\n<p>\u0130stanbul, \u00a0\u0130zmir,\u00a0Ankara\u00a0 gibi b\u00fcy\u00fck illerimizde y\u00fckselen konut fiyatlar\u0131n\u0131n biraz a\u015f\u015fa\u011f\u0131lara \u00e7ekilmesinin arsa maliyetlerinin d\u00fc\u015fmesine ba\u011fl\u0131 oldu\u011funu belirten in\u015faat firmalr\u0131n\u0131n patronlar\u0131 ucuz konut seferberli\u011fine destek olabilecekleri bildiriyorlar.<\/p>\n<p><img loading=\"lazy\" class=\"aligncenter size-full wp-image-18513\" src=\"http:\/\/emlaktuel.com\/wp-content\/uploads\/2017\/10\/tamer-ozyurt-bu-sonuc-surpriz-olmadi.jpg\" alt=\"\" width=\"750\" height=\"500\" \/><\/p>\n<p>\u00d6zyurtlar Holding Y\u00f6netim Kurulu Ba\u015fkan\u0131 Tamer \u00d6zyurt: <strong>\u2019\u2019Beklentileri ne derece yukar\u0131 ta\u015f\u0131rsan\u0131z maliyetler de o kadar art\u0131yor. \u00a0Fakat metrekaresi 4 bin 500 \u2013 5 bin liraya konut satmak zor. Art\u0131k herkes ger\u00e7ek\u00e7i d\u00fc\u015f\u00fcnmeli. Konuta ihtiyac\u0131 olanlar\u0131n b\u00fcy\u00fck bir k\u0131sm\u0131n\u0131n ayl\u0131k geliri 2 bin 500 \u2013 3 bin lira d\u00fczeyinde. Sat\u0131n alma g\u00fcc\u00fc ortada iken, bu kesim i\u00e7in konutlar\u0131 metrekaresi 3 bin lira civar\u0131nda satacak \u015fekilde ilerlemek gerekiyor. Son 3 -4 y\u0131ld\u0131r A grubuna da hitap eden projeler \u00fcretsek de, vatanda\u015flar\u0131n uygun fiyatla konut edinmesi i\u00e7in her \u00fcretici elinden geleni yapmal\u0131d\u0131r.&#8217;<\/strong><\/p>\n<p><img loading=\"lazy\" class=\"size-large wp-image-19820\" src=\"http:\/\/emlaktuel.com\/wp-content\/uploads\/2017\/12\/sur-yapidan-2018de-17-milyar-tllik-ciro-hedefi.jpg\" alt=\"\" width=\"600\" height=\"400\" \/><\/p>\n<p>Sur Yap\u0131 Y\u00f6netim Kurulu Ba\u015fkan\u0131 Ba\u015fkan\u0131 Altan Elmas: <strong>\u201cGayrimenkulde l\u00fckse talep azald\u0131, esas talep ucuz konutlara. Artan arsa maliyetleri istemedi\u011fimiz bir \u015fekilde sekt\u00f6r\u00fc talebin s\u0131n\u0131rl\u0131 oldu\u011fu piramidin \u00fcst\u00fcne do\u011fru itiyor. Ancak talep a\u015fa\u011f\u0131da. Bunu dikkate almal\u0131y\u0131z. \u00c7ok b\u00fcy\u00fck evler yerine daha k\u00fc\u00e7\u00fck evler yap\u0131labilir. Ayr\u0131ca devlet taraf\u0131ndan yap\u0131lan ihalelerde de arsa pay\u0131 y\u00fczde 25\u2019le s\u0131n\u0131rland\u0131r\u0131labilir. Ayn\u0131 \u015fekilde fiyatlara da bir s\u0131n\u0131r koyabilir.&#8217;<\/strong><\/p>\n<p><img loading=\"lazy\" class=\"aligncenter size-large wp-image-5618\" src=\"http:\/\/emlaktuel.com\/wp-content\/uploads\/2016\/09\/tahincioglu-cityscape-dubaiye-uc-projesiyle-katildi.jpg\" alt=\"\" width=\"600\" height=\"400\" \/><\/p>\n<p>Tahincio\u011flu HoldingY\u00f6netim Kurulu Ba\u015fkan\u0131 \u00d6zcan Tahincio\u011flu: <strong>Alt gelir grubuna y\u00f6nelik ucuz konutlara ihtiya\u00e7 art\u0131yor. O alana y\u00f6nelmek istiyoruz ama arsa fiyatlar\u0131n\u0131n y\u00fcksekli\u011fi engel oluyor. Bu konuda at\u0131lacak ad\u0131mlara destek vermeye haz\u0131r\u0131z.<\/strong><\/p>\n<p><img loading=\"lazy\" class=\"aligncenter size-large wp-image-23664\" src=\"http:\/\/emlaktuel.com\/wp-content\/uploads\/2018\/08\/ali-agaoglu-paranizi-biriktirin-beni-bekleyin.jpg\" alt=\"\" width=\"600\" height=\"400\" \/><\/p>\n<p>A\u011fao\u011flu \u015eirketler Grubu Ba\u015fkan\u0131 Ali A\u011fao\u011flu: <strong>\u00a0Devlet arsa a\u011fas\u0131 konumunda. \u00d6zel sekt\u00f6r arsa olmad\u0131\u011f\u0131 i\u00e7in \u00fcretim yapam\u0131yor. Ucuz eve talep var, \u00fcretim yok. Devlet ve \u00f6zel sekt\u00f6r bir araya gelmeli bir form\u00fcl bulunmal\u0131. Bu sorunu iki taraf da tek ba\u015f\u0131na \u00e7\u00f6zemez.<\/strong><\/p>\n<p><img loading=\"lazy\" class=\"aligncenter size-full wp-image-23955\" src=\"http:\/\/emlaktuel.com\/wp-content\/uploads\/2018\/08\/NjIyOTY5Nj-insaat-patronlari-ucuz-konut-uretmek-istiyor.jpg\" alt=\"\" width=\"555\" height=\"355\" \/><\/p>\n<p>Ortado\u011fu Grup \u0130cra Kurulu Ba\u015fkan\u0131 Mehmet G\u00fcr: <strong>\u0130stanbul gibi b\u00fcy\u00fck \u015fehirlerde metrekaresi uygun fiyattan sat\u0131n al\u0131nabilir konutlar i\u00e7in y\u00fcksek talep var. Burada \u00f6nemli olan arsa maliyetidir. \u0130stanbul merkezinin d\u0131\u015f\u0131nda da olsa b\u00f6yle bir hareketlilik g\u00fcndeme gelirse destekleriz.<\/strong><\/p>\n","protected":false},"excerpt":{"rendered":"<p>\u0130stanbul, \u0130zmir ve Ankara gibi b\u00fcy\u00fck illere y\u00fckselen konut fiyatlar\u0131n\u0131 dikkate alan in\u015faat sekt\u00f6r\u00fc patronlar\u0131 ucuz konut seferberli\u011fine katk\u0131da bulunabileceklerini s\u00f6yl\u00fcyorlar.\u00a0 \u0130stanbul genelinde konutlar\u0131n metrekare sat\u0131\u015f fiyat ortalamas\u0131 5 bin lira s\u0131n\u0131r\u0131na dayan\u0131nca az gelirli vatanda\u015flar\u0131n ev sahibi olma hayali de azald\u0131. \u0130stanbul, \u00a0\u0130zmir,\u00a0Ankara\u00a0 gibi b\u00fcy\u00fck illerimizde y\u00fckselen konut fiyatlar\u0131n\u0131n biraz a\u015f\u015fa\u011f\u0131lara \u00e7ekilmesinin arsa maliyetlerinin [&hellip;]<\/p>\n","protected":false},"author":1,"featured_media":8520,"comment_status":"open","ping_status":"open","sticky":false,"template":"","format":"standard","meta":{"ngg_post_thumbnail":0},"categories":[5388],"tags":[62,107,11906,80,4085],"_links":{"self":[{"href":"https:\/\/emlaktuel.com\/index.php?rest_route=\/wp\/v2\/posts\/23954"}],"collection":[{"href":"https:\/\/emlaktuel.com\/index.php?rest_route=\/wp\/v2\/posts"}],"about":[{"href":"https:\/\/emlaktuel.com\/index.php?rest_route=\/wp\/v2\/types\/post"}],"author":[{"embeddable":true,"href":"https:\/\/emlaktuel.com\/index.php?rest_route=\/wp\/v2\/users\/1"}],"replies":[{"embeddable":true,"href":"https:\/\/emlaktuel.com\/index.php?rest_route=%2Fwp%2Fv2%2Fcomments&post=23954"}],"version-history":[{"count":2,"href":"https:\/\/emlaktuel.com\/index.php?rest_route=\/wp\/v2\/posts\/23954\/revisions"}],"predecessor-version":[{"id":23958,"href":"https:\/\/emlaktuel.com\/index.php?rest_route=\/wp\/v2\/posts\/23954\/revisions\/23958"}],"wp:featuredmedia":[{"embeddable":true,"href":"https:\/\/emlaktuel.com\/index.php?rest_route=\/wp\/v2\/media\/8520"}],"wp:attachment":[{"href":"https:\/\/emlaktuel.com\/index.php?rest_route=%2Fwp%2Fv2%2Fmedia&parent=23954"}],"wp:term":[{"taxonomy":"category","embeddable":true,"href":"https:\/\/emlaktuel.com\/index.php?rest_route=%2Fwp%2Fv2%2Fcategories&post=23954"},{"taxonomy":"post_tag","embeddable":true,"href":"https:\/\/emlaktuel.com\/index.php?rest_route=%2Fwp%2Fv2%2Ftags&post=23954"}],"curies":[{"name":"wp","href":"https:\/\/api.w.org\/{rel}","templated":true}]}}