{"id":23921,"date":"2018-08-24T10:29:41","date_gmt":"2018-08-24T07:29:41","guid":{"rendered":"http:\/\/emlaktuel.com\/?p=23921"},"modified":"2018-08-24T10:29:41","modified_gmt":"2018-08-24T07:29:41","slug":"torkam-e5te-konutlarin-metrekaresi-7-bin-500-liradan-basliyor","status":"publish","type":"post","link":"https:\/\/emlaktuel.com\/?p=23921","title":{"rendered":"Torkam E5&#8217;te konutlar\u0131n metrekaresi 7 bin 500 liradan ba\u015fl\u0131yor"},"content":{"rendered":"<div class=\"clear\">TOK\u0130&#8217;nin hayata ge\u00e7irdi\u011fi ve sat\u0131\u015f\u0131na ba\u015flad\u0131\u011f\u0131 K\u00fc\u00e7\u00fck\u00e7ekmece \u2013 E5 Otoyoluna cephe olarak yer alan arsa ihalesini kazanan Torkam \u0130n\u015faat, merakla beklenen projenin detaylar\u0131n\u0131 payla\u015ft\u0131.<\/div>\n<div class=\"entry\">\n<p>\u0130halenin yap\u0131ld\u0131\u011f\u0131 g\u00fcnden gayrimenkul yat\u0131r\u0131mc\u0131lar\u0131n\u0131n yak\u0131ndan takip etti\u011fi konut projesi, Torkam E5 marka ismi ile 28 Temmuz 2018,\u00a0 Cumartesi g\u00fcn\u00fc sat\u0131\u015fa \u00e7\u0131kar\u0131ld\u0131.<\/p>\n<h3><strong>B\u00f6lgede aktar\u0131m aks\u0131 olacak<\/strong><\/h3>\n<p>Sefak\u00f6y b\u00f6lgesinin ciddi olarak en hareketli noktas\u0131n\u0131 olu\u015fturan Torkam E5 projesi, E5 karayolu\u2019na biti\u015fik konumunun yan\u0131 s\u0131ra, hemen kap\u0131s\u0131na gelecek Metro dura\u011f\u0131yla da benzersiz bir konum sunuyor.<\/p>\n<p>Rezidans daireleri, ofis ve d\u00fckkanlar\u0131yla t\u00fcm b\u00f6lgenin yeni merkezi olarak geli\u015ftirilen proje, Millet Bah\u00e7esi projeleri kapsam\u0131nda yak\u0131n bir d\u00f6nemde d\u00f6n\u00fc\u015ft\u00fcr\u00fclecek Atat\u00fcrk Havaliman\u0131\u2019n\u0131n da tam kar\u015f\u0131s\u0131nda yer al\u0131yor.<\/p>\n<p><strong>Yatay mimarisi ve 896 araca otopark sunacak<\/strong><\/p>\n<p>3 kat olarak y\u00fckselen, yatay mimarisiyle yenilenen b\u00f6lgenin geli\u015fiminde \u00f6rnek olarak konumlanacak proje, yakla\u015f\u0131k 21 bin metrekare arsada y\u00fckseliyor. Metro dura\u011f\u0131 ile b\u00fct\u00fcnle\u015fecek bir yap\u0131da olan Torkam E5 projesinde zemin alt\u0131nda (-7) kat bulunuyor.<\/p>\n<p>Toplam in\u015faat alan\u0131 127 bin metrekare olan proje ile b\u00f6lgeye 234 rezidans daire, 117 ofis ve 310 cadde d\u00fckkan\u0131 ile 896 ara\u00e7l\u0131k otopark kazand\u0131r\u0131lacak.<\/p>\n<h3><strong>Fiyatlarda avantajl\u0131 d\u00f6nem<\/strong><\/h3>\n<p>Sat\u0131\u015f \u00f6ncesinde yo\u011fun talep g\u00f6ren projede, ilk sat\u0131\u015f zaman\u0131na \u00f6zel olarak metrekare fiyatlar\u0131, b\u00f6lgeye ve projenin donat\u0131lar\u0131na k\u0131yasla ekonomik seviyelerde.<\/p>\n<p>Banka arac\u0131l\u0131\u011f\u0131yla 120 ay vade ve 0,98 faizli sat\u0131\u015flar\u0131n da yap\u0131laca\u011f\u0131 projede, dairelerin ba\u015flang\u0131\u00e7 metrekare fiyat\u0131 7.500 TL olarak belirlendi. 1+1, 2+1 ve 3+1 tiplerinde olu\u015fturulan rezidans dairelerin b\u00fcy\u00fckl\u00fckleri ise 54 m2 ile 124 m2, ofisler ise 78 m\u00b2 ile 178 m\u00b2 aras\u0131nda de\u011fi\u015fiklik g\u00f6steriyor.<\/p>\n<p>Projede teslimlerin Ekim 2020\u2019de yap\u0131lmas\u0131 planlan\u0131yor.<\/p>\n<\/div>\n<div class=\"share-post\"><span class=\"share-text\">Pa<\/span><\/div>\n","protected":false},"excerpt":{"rendered":"<p>TOK\u0130&#8217;nin hayata ge\u00e7irdi\u011fi ve sat\u0131\u015f\u0131na ba\u015flad\u0131\u011f\u0131 K\u00fc\u00e7\u00fck\u00e7ekmece \u2013 E5 Otoyoluna cephe olarak yer alan arsa ihalesini kazanan Torkam \u0130n\u015faat, merakla beklenen projenin detaylar\u0131n\u0131 payla\u015ft\u0131. \u0130halenin yap\u0131ld\u0131\u011f\u0131 g\u00fcnden gayrimenkul yat\u0131r\u0131mc\u0131lar\u0131n\u0131n yak\u0131ndan takip etti\u011fi konut projesi, Torkam E5 marka ismi ile 28 Temmuz 2018,\u00a0 Cumartesi g\u00fcn\u00fc sat\u0131\u015fa \u00e7\u0131kar\u0131ld\u0131. B\u00f6lgede aktar\u0131m aks\u0131 olacak Sefak\u00f6y b\u00f6lgesinin ciddi olarak en [&hellip;]<\/p>\n","protected":false},"author":1,"featured_media":23514,"comment_status":"open","ping_status":"open","sticky":false,"template":"","format":"standard","meta":{"ngg_post_thumbnail":0},"categories":[97,5388],"tags":[62,80,11753,11725,11726,11895,11894],"_links":{"self":[{"href":"https:\/\/emlaktuel.com\/index.php?rest_route=\/wp\/v2\/posts\/23921"}],"collection":[{"href":"https:\/\/emlaktuel.com\/index.php?rest_route=\/wp\/v2\/posts"}],"about":[{"href":"https:\/\/emlaktuel.com\/index.php?rest_route=\/wp\/v2\/types\/post"}],"author":[{"embeddable":true,"href":"https:\/\/emlaktuel.com\/index.php?rest_route=\/wp\/v2\/users\/1"}],"replies":[{"embeddable":true,"href":"https:\/\/emlaktuel.com\/index.php?rest_route=%2Fwp%2Fv2%2Fcomments&post=23921"}],"version-history":[{"count":1,"href":"https:\/\/emlaktuel.com\/index.php?rest_route=\/wp\/v2\/posts\/23921\/revisions"}],"predecessor-version":[{"id":23922,"href":"https:\/\/emlaktuel.com\/index.php?rest_route=\/wp\/v2\/posts\/23921\/revisions\/23922"}],"wp:featuredmedia":[{"embeddable":true,"href":"https:\/\/emlaktuel.com\/index.php?rest_route=\/wp\/v2\/media\/23514"}],"wp:attachment":[{"href":"https:\/\/emlaktuel.com\/index.php?rest_route=%2Fwp%2Fv2%2Fmedia&parent=23921"}],"wp:term":[{"taxonomy":"category","embeddable":true,"href":"https:\/\/emlaktuel.com\/index.php?rest_route=%2Fwp%2Fv2%2Fcategories&post=23921"},{"taxonomy":"post_tag","embeddable":true,"href":"https:\/\/emlaktuel.com\/index.php?rest_route=%2Fwp%2Fv2%2Ftags&post=23921"}],"curies":[{"name":"wp","href":"https:\/\/api.w.org\/{rel}","templated":true}]}}