{"id":23906,"date":"2018-08-22T15:46:03","date_gmt":"2018-08-22T12:46:03","guid":{"rendered":"http:\/\/emlaktuel.com\/?p=23906"},"modified":"2018-08-22T15:46:03","modified_gmt":"2018-08-22T12:46:03","slug":"eston-sehir-koruda-bayrama-ozel-yaz-kampanyasi","status":"publish","type":"post","link":"https:\/\/emlaktuel.com\/?p=23906","title":{"rendered":"Eston \u015eehir Koru&#8217;da bayrama \u00f6zel yaz kampanyas\u0131"},"content":{"rendered":"<p style=\"font-weight: 400;\"><strong>Eston \u015eehir Koru&#8217;da Kurban Bayram\u0131&#8217;na \u00f6zel y\u00fczde 5 indirim, y\u00fczde 5 pe\u015finat, 50 ay 0 faizle yaz f\u0131rsat\u0131 sunuluyor.<\/strong><strong>\u00a0<\/strong><\/p>\n<p style=\"font-weight: 400;\"><strong>Bah\u00e7e\u015fehir\u2019in ger\u00e7ek dokusuna uygun d\u00fc\u015f\u00fck yo\u011funluklu ve az katl\u0131 plan\u0131yla dikkat \u00e7eken Eston \u015eehir Koru\u2019da y\u00fczde 5 indirim, y\u00fczde 5 pe\u015finat ve 50 ay 0 faizle daire almak m\u00fcmk\u00fcn. Yaz f\u0131rsat\u0131n\u0131n sunuldu\u011fu Eston \u015eehir Koru, ye\u015fille kurdu\u011fu birebir ili\u015fki ve e\u015fsiz imk\u00e2nlar\u0131yla hayat enerjinizi art\u0131racak.<\/strong><strong>\u00a0<\/strong><\/p>\n<p style=\"font-weight: 400;\">T\u00fcrkiye in\u015faat sekt\u00f6r\u00fcn\u00fcn k\u00f6kl\u00fc gruplar\u0131ndan, d\u00fcnyan\u0131n en b\u00fcy\u00fck 250 m\u00fcteahhidi aras\u0131nda yer alan Polatyol taraf\u0131ndan geli\u015ftirilen\u00a0Eston \u015eehir Koru projesi,\u00a0nefes ald\u0131ran meydanlar\u0131, korular\u0131, a\u00e7\u0131k hava sinemas\u0131, amfi tiyatrosu, sebze-meyve bah\u00e7eleri, g\u00f6leti ve evcil hayvan park\u0131 gibi e\u015fsiz imk\u00e2nlar\u0131yla\u00a0Bah\u00e7e\u015fehir\u2019in en g\u00f6zde projesi olarak g\u00f6steriliyor.<\/p>\n<p style=\"font-weight: 400;\">A\u011f\u0131rl\u0131kl\u0131 olarak Villa, Katl\u0131 Villa, 5 katl\u0131 Koru Konaklar\u0131 ve 7-8 katl\u0131 Koru Evleri\u2019yle toplam 1090 konut ve 31 ticari birimden meydana gelen Eston \u015eehir Koru, Avrupa \u015eehircilik \u00d6d\u00fcl\u00fc\u2019ne sahip Bah\u00e7e\u015fehir\u2019de konumlan\u0131yor.<\/p>\n<h3 style=\"font-weight: 400;\"><strong>Koru Daireler\u2019de yaz f\u0131rsat\u0131<\/strong><\/h3>\n<p style=\"font-weight: 400;\">Eston \u015eehir Koru projesinde yaz f\u0131rsatlar\u0131yla ev sahibi olmak \u00e7ok cazip hale geldi. Koru Daireler\u2019e y\u00fczde 5 indirim, y\u00fczde 5 pe\u015finat ve 50 ay 0 faizle sahip olmak m\u00fcmk\u00fcn. 2019\u2019un ikinci yar\u0131s\u0131nda tamamlanmas\u0131 planlanan projede 2+1\u2019den 5,5+1\u2019e kadar uzanan konut tiplerinin metrekaresi 5 bin 500 TL\u2019den ba\u015fl\u0131yor.<\/p>\n<h3 style=\"font-weight: 400;\"><strong>Koru Daireler bayramda da ziyaret\u00e7ilerini bekliyor<\/strong><\/h3>\n<p style=\"font-weight: 400;\">Bayramda ev sahibi olmak isteyenler i\u00e7in Eston \u015eehir Koru\u2019nun sat\u0131\u015f ofisi, bayram\u0131n \u00fc\u00e7\u00fcnc\u00fc ve d\u00f6rd\u00fcnc\u00fc g\u00fcn\u00fc a\u00e7\u0131k olacak.\u00a0 Eston \u015eehir Koru, bayram\u0131n \u00fc\u00e7\u00fcnc\u00fc g\u00fcn\u00fc 10.00 \u2013 17.00 saatleri aras\u0131nda, bayram\u0131n son g\u00fcn\u00fc ise 10.00 \u2013 17.00 saatleri aras\u0131nda ziyaret\u00e7ilerini bekliyor.<\/p>\n<h3 style=\"font-weight: 400;\"><strong>\u015eehrin i\u00e7inde, karma\u015fadan uzak<\/strong><\/h3>\n<p style=\"font-weight: 400;\">Bah\u00e7e\u015fehir\u2019de; Kuzey Marmara Otoyolu, Yavuz Sultan Selim K\u00f6pr\u00fcs\u00fc ve 3. Havaliman\u0131\u2019n\u0131 \u015fehre ba\u011flayan ana arterlerin kesi\u015fti\u011fi noktada konumlanan Eston \u015eehir Koru, bir\u00e7ok AVM, hastane ve e\u011fitim kurumuna birka\u00e7 dakika mesafede yer al\u0131yor.<\/p>\n","protected":false},"excerpt":{"rendered":"<p>Eston \u015eehir Koru&#8217;da Kurban Bayram\u0131&#8217;na \u00f6zel y\u00fczde 5 indirim, y\u00fczde 5 pe\u015finat, 50 ay 0 faizle yaz f\u0131rsat\u0131 sunuluyor.\u00a0 Bah\u00e7e\u015fehir\u2019in ger\u00e7ek dokusuna uygun d\u00fc\u015f\u00fck yo\u011funluklu ve az katl\u0131 plan\u0131yla dikkat \u00e7eken Eston \u015eehir Koru\u2019da y\u00fczde 5 indirim, y\u00fczde 5 pe\u015finat ve 50 ay 0 faizle daire almak m\u00fcmk\u00fcn. Yaz f\u0131rsat\u0131n\u0131n sunuldu\u011fu Eston \u015eehir Koru, ye\u015fille [&hellip;]<\/p>\n","protected":false},"author":1,"featured_media":23907,"comment_status":"open","ping_status":"open","sticky":false,"template":"","format":"standard","meta":{"ngg_post_thumbnail":0},"categories":[221,5219],"tags":[1553,62,10336,10338,10337,80],"_links":{"self":[{"href":"https:\/\/emlaktuel.com\/index.php?rest_route=\/wp\/v2\/posts\/23906"}],"collection":[{"href":"https:\/\/emlaktuel.com\/index.php?rest_route=\/wp\/v2\/posts"}],"about":[{"href":"https:\/\/emlaktuel.com\/index.php?rest_route=\/wp\/v2\/types\/post"}],"author":[{"embeddable":true,"href":"https:\/\/emlaktuel.com\/index.php?rest_route=\/wp\/v2\/users\/1"}],"replies":[{"embeddable":true,"href":"https:\/\/emlaktuel.com\/index.php?rest_route=%2Fwp%2Fv2%2Fcomments&post=23906"}],"version-history":[{"count":1,"href":"https:\/\/emlaktuel.com\/index.php?rest_route=\/wp\/v2\/posts\/23906\/revisions"}],"predecessor-version":[{"id":23908,"href":"https:\/\/emlaktuel.com\/index.php?rest_route=\/wp\/v2\/posts\/23906\/revisions\/23908"}],"wp:featuredmedia":[{"embeddable":true,"href":"https:\/\/emlaktuel.com\/index.php?rest_route=\/wp\/v2\/media\/23907"}],"wp:attachment":[{"href":"https:\/\/emlaktuel.com\/index.php?rest_route=%2Fwp%2Fv2%2Fmedia&parent=23906"}],"wp:term":[{"taxonomy":"category","embeddable":true,"href":"https:\/\/emlaktuel.com\/index.php?rest_route=%2Fwp%2Fv2%2Fcategories&post=23906"},{"taxonomy":"post_tag","embeddable":true,"href":"https:\/\/emlaktuel.com\/index.php?rest_route=%2Fwp%2Fv2%2Ftags&post=23906"}],"curies":[{"name":"wp","href":"https:\/\/api.w.org\/{rel}","templated":true}]}}